{"id":609418,"date":"2025-12-19T11:53:13","date_gmt":"2025-12-19T11:53:13","guid":{"rendered":"https:\/\/www.europesays.com\/fr\/609418\/"},"modified":"2025-12-19T11:53:13","modified_gmt":"2025-12-19T11:53:13","slug":"exclu-marlene-schaff-entierement-nue-devant-un-miroir-ce-moment-qui-a-tout-change-pour-elle","status":"publish","type":"post","link":"https:\/\/www.europesays.com\/fr\/609418\/","title":{"rendered":"EXCLU. Marl\u00e8ne Schaff \u00ab\u00a0enti\u00e8rement nue devant un miroir\u00a0\u00bb, ce moment qui a tout chang\u00e9 pour elle"},"content":{"rendered":"<p>Marl\u00e8ne Schaff, chanteuse et prof d\u2019expression sc\u00e9nique pour les<br \/>\n\u00e9l\u00e8ves de la Star Academy sur <a href=\"https:\/\/www.tf1.fr\/\" rel=\"nofollow noopener\" target=\"_blank\">TF1<\/a>, s\u2019est r\u00e9cemment confi\u00e9e dans les pages du<br \/>\nmagazine Closer. Celle qui n\u2019avait pas h\u00e9sit\u00e9 \u00e0 <a href=\"https:\/\/www.closermag.fr\/tv_tele_realite\/star-academy-des-love-story-au-chateau-marlene-schaff-donne-son-avis-cash-3604191\" target=\"_blank\" rel=\"noopener\"><br \/>\ndonner son avis sur les romances au sein du ch\u00e2teau<\/a> a parl\u00e9 de<br \/>\nsa carri\u00e8re, et de certains moments cl\u00e9s de sa vie. <a href=\"https:\/\/www.closermag.fr\/people\/marlene-schaff-sans-aucun-filtre-sur-son-corps-quon-me-touche-3605038\" rel=\"noopener\" target=\"_blank\">Sans filtre sur son corps<\/a>, elle a d\u00e9voil\u00e9 <strong>un<br \/>\nmoment particulier dans sa vie qui a chang\u00e9 sa fa\u00e7on de se<br \/>\nvoir<\/strong>. \u00ab\u00a0Je suis dans une phase de ma vie o\u00f9 je m\u2019aime.<br \/>\nC\u2019est un travail de tous les jours, mais qu\u2019est-ce que \u00e7a fait du<br \/>\nbien !\u00a0\u00bb a-t-elle commenc\u00e9 par expliquer.<\/p>\n<p>Et de poursuivre : \u00ab\u00a0J\u2019adore faire des road-trips, et c\u2019est<br \/>\nen changeant l\u2019huile de ma voiture que j\u2019ai r\u00e9alis\u00e9 que je la<br \/>\nchoyais plus que mon propre corps. Le soir-m\u00eame, <strong>je me suis<br \/>\nmise enti\u00e8rement nue devant un miroir<\/strong>, j\u2019ai beaucoup<br \/>\npleur\u00e9 et je lui ai demand\u00e9 pardon\u00a0\u00bb. Un moment crucial qui lui<br \/>\na permis de laisser derri\u00e8re elle <a href=\"https:\/\/www.closermag.fr\/people\/six-mois-pour-marlene-schaff-la-dramatique-epreuve-de-la-prof-de-la-star-academy-3602809\" target=\"_blank\" rel=\"noopener\"><br \/>\nles \u00e9preuves qu\u2019elle avait travers\u00e9es<\/a>, notamment \u00e0 cause de son<br \/>\ncorps. \u00ab\u00a0J\u2019ai perdu du temps pr\u00e9cieux \u00e0 vouloir rentrer dans des<br \/>\nfringues qui n\u2019\u00e9taient pas \u00e0 ma taille ! Peu importe o\u00f9 j\u2019allais,<br \/>\nces complexes \u00e9taient comme un \u00e9l\u00e9phant dans la pi\u00e8ce\u00a0\u00bb<br \/>\nexplique-t-elle.<\/p>\n<p>Marl\u00e8ne Schaff parle d\u2019un moment charni\u00e8re<\/p>\n<p>Victime de grossophobie, Marl\u00e8ne Schaff a cependant<br \/>\n<strong>travaill\u00e9 sur elle-m\u00eame pour ne pas laisser les critiques<br \/>\nlui g\u00e2cher la vie<\/strong>. \u00ab\u00a0J\u2019avais l\u2019impression que les gens<br \/>\nne pouvaient pas me respecter car je n\u2019\u00e9tais pas capable de perdre<br \/>\n5 kilos. Je me suis construite dans la honte. Quand je suis devenue<br \/>\nprof, j\u2019ai d\u00e9couvert cette m\u00eame blessure chez mes \u00e9l\u00e8ves. Et j\u2019ai<br \/>\ncompris que c\u2019\u00e9tait une ineptie, parce que je les trouvais parfaits<br \/>\ncomme ils \u00e9taient\u00a0\u00bb.\u00a0<\/p>\n<p>Si elle a longtemps pr\u00e9f\u00e9r\u00e9 \u00eatre cach\u00e9e &#8211; elle a notamment \u00e9t\u00e9<br \/>\ncoach dans les coulisses de The Voice apr\u00e8s avoir pass\u00e9 des<br \/>\nauditions &#8211; Marl\u00e8ne Schaff est donc d\u00e9sormais <strong>heureuse<br \/>\nd\u2019appara\u00eetre sur le devant de la sc\u00e8ne<\/strong>. Apr\u00e8s une<br \/>\npsychanalyse et la naissance de son alter ego drag-queen, Petra,<br \/>\nqui sera au c\u0153ur d\u2019un spectacle, elle est pr\u00eate \u00e0 se montrer au<br \/>\nmonde entier. \u00ab\u00a0Je vis tr\u00e8s bien le fait d\u2019appara\u00eetre au<br \/>\nquotidien \u00e0 la t\u00e9l\u00e9, j\u2019ai r\u00e9gl\u00e9 mes probl\u00e8mes et je me sens<br \/>\nd\u00e9sormais tr\u00e8s bien dans mes baskets\u00a0\u00bb.<\/p>\n<p>La prof de Star Academy ne tol\u00e8re pas<br \/>\nle harc\u00e8lement<\/p>\n<p>Une attitude qu\u2019elle esp\u00e8re transmettre \u00e0 ses \u00e9l\u00e8ves, qu\u2019elle<br \/>\ns\u2019efforce en tout cas de prot\u00e9ger des nombreuses critiques qu\u2019ils<br \/>\npeuvent recevoir. <strong>Marl\u00e8ne Schaff n\u2019h\u00e9site en effet pas \u00e0 se<br \/>\npositionner sur le harc\u00e8lement en ligne<\/strong>, qu\u2019elle ne tol\u00e8re<br \/>\npas. \u00ab\u00a0C\u2019est inacceptable. A quel moment s\u2019est-on loup\u00e9, en tant<br \/>\nque soci\u00e9t\u00e9, pour avoir cette tribu de gens mal \u00e9lev\u00e9s ?\u00a0\u00bb<br \/>\ns\u2019est-elle ainsi insurg\u00e9e, ajoutant qu\u2019elle s\u2019efforce en tout cas<br \/>\nde remercier les gens qui la soutiennent au quotidien.<\/p>\n<p><strong>COMMENT ACHETER CLOSER ? Votre magazine est en vente \u00e0<br \/>\npartir du vendredi 19 d\u00e9cembre 2025 chez votre marchand de<br \/>\njournaux, sur Android, iPad et sur KiosqueMag.<\/strong><\/p>\n","protected":false},"excerpt":{"rendered":"Marl\u00e8ne Schaff, chanteuse et prof d\u2019expression sc\u00e9nique pour les \u00e9l\u00e8ves de la Star Academy sur TF1, s\u2019est r\u00e9cemment&hellip;\n","protected":false},"author":2,"featured_media":609419,"comment_status":"","ping_status":"","sticky":false,"template":"","format":"standard","meta":{"footnotes":""},"categories":[1355],"tags":[21303,58,59,1011,27,70426,1361,873,5095,65861],"class_list":{"0":"post-609418","1":"post","2":"type-post","3":"status-publish","4":"format-standard","5":"has-post-thumbnail","7":"category-musique","8":"tag-buzz_nonli","9":"tag-divertissement","10":"tag-entertainment","11":"tag-fr","12":"tag-france","13":"tag-marfeel_news","14":"tag-music","15":"tag-musique","16":"tag-star-academy","17":"tag-trend"},"share_on_mastodon":{"url":"https:\/\/pubeurope.com\/@fr\/115746098792419173","error":""},"_links":{"self":[{"href":"https:\/\/www.europesays.com\/fr\/wp-json\/wp\/v2\/posts\/609418","targetHints":{"allow":["GET"]}}],"collection":[{"href":"https:\/\/www.europesays.com\/fr\/wp-json\/wp\/v2\/posts"}],"about":[{"href":"https:\/\/www.europesays.com\/fr\/wp-json\/wp\/v2\/types\/post"}],"author":[{"embeddable":true,"href":"https:\/\/www.europesays.com\/fr\/wp-json\/wp\/v2\/users\/2"}],"replies":[{"embeddable":true,"href":"https:\/\/www.europesays.com\/fr\/wp-json\/wp\/v2\/comments?post=609418"}],"version-history":[{"count":0,"href":"https:\/\/www.europesays.com\/fr\/wp-json\/wp\/v2\/posts\/609418\/revisions"}],"wp:featuredmedia":[{"embeddable":true,"href":"https:\/\/www.europesays.com\/fr\/wp-json\/wp\/v2\/media\/609419"}],"wp:attachment":[{"href":"https:\/\/www.europesays.com\/fr\/wp-json\/wp\/v2\/media?parent=609418"}],"wp:term":[{"taxonomy":"category","embeddable":true,"href":"https:\/\/www.europesays.com\/fr\/wp-json\/wp\/v2\/categories?post=609418"},{"taxonomy":"post_tag","embeddable":true,"href":"https:\/\/www.europesays.com\/fr\/wp-json\/wp\/v2\/tags?post=609418"}],"curies":[{"name":"wp","href":"https:\/\/api.w.org\/{rel}","templated":true}]}}