{"id":609424,"date":"2025-12-19T11:56:18","date_gmt":"2025-12-19T11:56:18","guid":{"rendered":"https:\/\/www.europesays.com\/fr\/609424\/"},"modified":"2025-12-19T11:56:18","modified_gmt":"2025-12-19T11:56:18","slug":"le-lanceur-du-pilou-pilou-du-rct-mis-en-examen-pour-viols-sur-plusieurs-ex-compagnes","status":"publish","type":"post","link":"https:\/\/www.europesays.com\/fr\/609424\/","title":{"rendered":"Le lanceur du \u00ab\u00a0Pilou-Pilou\u00a0\u00bb du RCT mis en examen pour viols sur plusieurs ex-compagnes"},"content":{"rendered":"<p>Les supporters du Racing club de <a href=\"https:\/\/www.20minutes.fr\/dossier\/toulon\" class=\"c-link c-link--is-underlined\" target=\"_blank\" rel=\"noopener\">Toulon<\/a>, et plus largement les amateurs de <a href=\"https:\/\/www.20minutes.fr\/sport\/rugby\/\" class=\"c-link c-link--is-underlined\" target=\"_blank\" rel=\"noopener\">rugby<\/a>, avaient pris l\u2019habitude d\u2019entendre sa voix avant chaque match chanter \u00ab\u00a0les terribles guerriers du Pilou-Pilou\u00a0\u00bb. C\u00e9dric Abellon, le lanceur du c\u00e9l\u00e8bre chant au stade Mayol, a \u00e9t\u00e9 interpell\u00e9 en d\u00e9but de semaine puis mis en examen pour des faits de <a href=\"https:\/\/www.20minutes.fr\/dossier\/viol\" class=\"c-link c-link--is-underlined\" target=\"_blank\" rel=\"noopener\">viol<\/a> sur conjointe ou ex-conjointe, selon une information de <a href=\"https:\/\/rmcsport.bfmtv.com\/rugby\/top-14\/toulon-le-lanceur-du-pilou-pilou-en-garde-a-vue-pour-viol-sur-conjointe-ou-ex-conjointe_AV-202512160683.html\" rel=\"nofollow noopener\" target=\"_blank\" class=\"c-link c-link--is-underlined\">BFM Toulon Var<\/a>, confirm\u00e9 par le <a href=\"https:\/\/www.20minutes.fr\/dossier\/procureur_de_la_republique\" class=\"c-link c-link--is-underlined\" target=\"_blank\" rel=\"noopener\">procureur de la R\u00e9publique<\/a>, Rapha\u00ebl Balland.<\/p>\n<p>L\u2019homme de 32 ans, qui avait d\u00e9j\u00e0 offici\u00e9 en tant que lanceur du chant entre\u00a02008 et\u00a02019 et qui venait de revenir, est vis\u00e9 par des plaintes d\u00e9pos\u00e9es par trois anciennes compagnes.<\/p>\n<\/p>\n<p>Interdiction de r\u00e9sider dans le Var<\/p>\n<p>Interpell\u00e9 lundi, il a d\u2019abord \u00e9t\u00e9 plac\u00e9 en garde \u00e0 vue. Durant ses auditions il a ni\u00e9 les faits. Mercredi, le suspect a finalement \u00e9t\u00e9 mis en examen pour les faits d\u00e9nonc\u00e9s par deux de ses anciennes compagnes. Il a \u00e9galement \u00e9t\u00e9 plac\u00e9 sous le statut de \u00ab\u00a0t\u00e9moin assist\u00e9\u00a0\u00bb en ce qui concerne la troisi\u00e8me plainte.<\/p>\n<p>C\u00e9dric Abellon a \u00e9t\u00e9 plac\u00e9 sous contr\u00f4le judiciaire. Il a interdiction de r\u00e9sider dans le <a href=\"https:\/\/www.20minutes.fr\/societe\/var\/\" class=\"c-link c-link--is-underlined\" target=\"_blank\" rel=\"noopener\">Var<\/a> et de contacter les victimes. \u00ab\u00a0Les investigations se poursuivent d\u00e9sormais sous l\u2019autorit\u00e9 du magistrat instructeur et prendront plusieurs mois\u00a0\u00bb, pr\u00e9cise le procureur de la R\u00e9publique.<\/p>\n<p>Le <a href=\"https:\/\/www.20minutes.fr\/dossier\/rc_toulon\" class=\"c-link c-link--is-underlined\" target=\"_blank\" rel=\"noopener\">RCT<\/a> a publi\u00e9 un communiqu\u00e9 jeudi pour \u00ab\u00a0prendre acte\u00a0\u00bb de la d\u00e9cision judiciaire et annoncer que le \u00ab\u00a0Pilou-Pilou\u00a0\u00bb serait interpr\u00e9t\u00e9 par quelqu\u2019un d\u2019autre lors du prochain match \u00e0 domicile fin d\u00e9cembre.<\/p>\n","protected":false},"excerpt":{"rendered":"Les supporters du Racing club de Toulon, et plus largement les amateurs de rugby, avaient pris l\u2019habitude d\u2019entendre&hellip;\n","protected":false},"author":2,"featured_media":609425,"comment_status":"","ping_status":"","sticky":false,"template":"","format":"standard","meta":{"footnotes":""},"categories":[9],"tags":[47,118,1011,27,7774,5117,883,3764,882,8177,479,60,2310,7506,1265,799],"class_list":{"0":"post-609424","1":"post","2":"type-post","3":"status-publish","4":"format-standard","5":"has-post-thumbnail","7":"category-sports","8":"tag-actualite","9":"tag-faits-divers","10":"tag-fr","11":"tag-france","12":"tag-garde-a-vue","13":"tag-mise-en-examen","14":"tag-paca","15":"tag-procureur-de-la-republique","16":"tag-provence-alpes-cote-dazur","17":"tag-rc-toulon","18":"tag-rugby","19":"tag-sports","20":"tag-toulon","21":"tag-var","22":"tag-viol","23":"tag-violences-sexuelles"},"share_on_mastodon":{"url":"https:\/\/pubeurope.com\/@fr\/115746110769270134","error":""},"_links":{"self":[{"href":"https:\/\/www.europesays.com\/fr\/wp-json\/wp\/v2\/posts\/609424","targetHints":{"allow":["GET"]}}],"collection":[{"href":"https:\/\/www.europesays.com\/fr\/wp-json\/wp\/v2\/posts"}],"about":[{"href":"https:\/\/www.europesays.com\/fr\/wp-json\/wp\/v2\/types\/post"}],"author":[{"embeddable":true,"href":"https:\/\/www.europesays.com\/fr\/wp-json\/wp\/v2\/users\/2"}],"replies":[{"embeddable":true,"href":"https:\/\/www.europesays.com\/fr\/wp-json\/wp\/v2\/comments?post=609424"}],"version-history":[{"count":0,"href":"https:\/\/www.europesays.com\/fr\/wp-json\/wp\/v2\/posts\/609424\/revisions"}],"wp:featuredmedia":[{"embeddable":true,"href":"https:\/\/www.europesays.com\/fr\/wp-json\/wp\/v2\/media\/609425"}],"wp:attachment":[{"href":"https:\/\/www.europesays.com\/fr\/wp-json\/wp\/v2\/media?parent=609424"}],"wp:term":[{"taxonomy":"category","embeddable":true,"href":"https:\/\/www.europesays.com\/fr\/wp-json\/wp\/v2\/categories?post=609424"},{"taxonomy":"post_tag","embeddable":true,"href":"https:\/\/www.europesays.com\/fr\/wp-json\/wp\/v2\/tags?post=609424"}],"curies":[{"name":"wp","href":"https:\/\/api.w.org\/{rel}","templated":true}]}}