{"id":609432,"date":"2025-12-19T12:00:17","date_gmt":"2025-12-19T12:00:17","guid":{"rendered":"https:\/\/www.europesays.com\/fr\/609432\/"},"modified":"2025-12-19T12:00:17","modified_gmt":"2025-12-19T12:00:17","slug":"cinq-narcoterroristes-tues-dans-deux-frappes-americaines-contre-des-bateaux-dans-le-pacifique","status":"publish","type":"post","link":"https:\/\/www.europesays.com\/fr\/609432\/","title":{"rendered":"Cinq \u00abnarcoterroristes\u00bb tu\u00e9s dans deux frappes am\u00e9ricaines contre des bateaux dans le Pacifique"},"content":{"rendered":"<p>\n    \u00abLes navires transitaient le long des routes connues du narcotrafic dans le Pacifique Est et \u00e9taient impliqu\u00e9s dans des op\u00e9rations de trafic de drogue\u00bb, selon le commandement militaire am\u00e9ricain.<\/p>\n<p class=\"fig-paragraph\">Cinq \u00abnarcoterroristes\u00bb pr\u00e9sum\u00e9s ont \u00e9t\u00e9 tu\u00e9s lors de deux\u00a0<a href=\"http:\/\/www.lefigaro.fr\/flash-actu\/une-nouvelle-frappe-americaine-contre-le-narcotrafic-fait-quatre-morts-dans-le-pacifique-20251218\" target=\"_blank\" data-fig-type=\"NewsFlash\" rel=\"noopener\" data-gtm-custom-categorie=\"navigation\" data-gtm-custom-action=\"crossclick\" data-gtm-custom-label=\"Contextuel\" data-gtm-event=\"customEventSPE\" data-fig-domain=\"LEFIGARO\">frappes contre des bateaux<\/a>\u00a0dans les eaux internationales de l\u2019oc\u00e9an Pacifique, a annonc\u00e9 jeudi le commandement militaire am\u00e9ricain sud.<\/p>\n<p class=\"fig-paragraph\">\u00abLes navires transitaient le long des routes connues du narcotrafic dans le Pacifique Est et \u00e9taient impliqu\u00e9s dans des op\u00e9rations de trafic de drogue. Au total, cinq narcoterroristes de sexe masculin ont \u00e9t\u00e9 tu\u00e9s au cours de ces op\u00e9rations, trois dans le premier navire et deux dans le second\u00bb, a \u00e9crit le commandement militaire sur le r\u00e9seau social X.<\/p>\n","protected":false},"excerpt":{"rendered":"\u00abLes navires transitaient le long des routes connues du narcotrafic dans le Pacifique Est et \u00e9taient impliqu\u00e9s dans&hellip;\n","protected":false},"author":2,"featured_media":609433,"comment_status":"","ping_status":"","sticky":false,"template":"","format":"standard","meta":{"footnotes":""},"categories":[5],"tags":[11,73,1011,27,14,8721,12,11308,28],"class_list":{"0":"post-609432","1":"post","2":"type-post","3":"status-publish","4":"format-standard","5":"has-post-thumbnail","7":"category-international","8":"tag-actualites","9":"tag-etats-unis","10":"tag-fr","11":"tag-france","12":"tag-international","13":"tag-narcotrafic","14":"tag-news","15":"tag-pacifique","16":"tag-world"},"share_on_mastodon":{"url":"https:\/\/pubeurope.com\/@fr\/115746126213756168","error":""},"_links":{"self":[{"href":"https:\/\/www.europesays.com\/fr\/wp-json\/wp\/v2\/posts\/609432","targetHints":{"allow":["GET"]}}],"collection":[{"href":"https:\/\/www.europesays.com\/fr\/wp-json\/wp\/v2\/posts"}],"about":[{"href":"https:\/\/www.europesays.com\/fr\/wp-json\/wp\/v2\/types\/post"}],"author":[{"embeddable":true,"href":"https:\/\/www.europesays.com\/fr\/wp-json\/wp\/v2\/users\/2"}],"replies":[{"embeddable":true,"href":"https:\/\/www.europesays.com\/fr\/wp-json\/wp\/v2\/comments?post=609432"}],"version-history":[{"count":0,"href":"https:\/\/www.europesays.com\/fr\/wp-json\/wp\/v2\/posts\/609432\/revisions"}],"wp:featuredmedia":[{"embeddable":true,"href":"https:\/\/www.europesays.com\/fr\/wp-json\/wp\/v2\/media\/609433"}],"wp:attachment":[{"href":"https:\/\/www.europesays.com\/fr\/wp-json\/wp\/v2\/media?parent=609432"}],"wp:term":[{"taxonomy":"category","embeddable":true,"href":"https:\/\/www.europesays.com\/fr\/wp-json\/wp\/v2\/categories?post=609432"},{"taxonomy":"post_tag","embeddable":true,"href":"https:\/\/www.europesays.com\/fr\/wp-json\/wp\/v2\/tags?post=609432"}],"curies":[{"name":"wp","href":"https:\/\/api.w.org\/{rel}","templated":true}]}}