{"id":609442,"date":"2025-12-19T12:06:19","date_gmt":"2025-12-19T12:06:19","guid":{"rendered":"https:\/\/www.europesays.com\/fr\/609442\/"},"modified":"2025-12-19T12:06:19","modified_gmt":"2025-12-19T12:06:19","slug":"route-de-toul-et-route-de-nancy","status":"publish","type":"post","link":"https:\/\/www.europesays.com\/fr\/609442\/","title":{"rendered":"route de Toul et route de Nancy"},"content":{"rendered":"<p>Pour rem\u00e9dier \u00e0 des incoh\u00e9rences, le conseil municipal d\u00e9cide de nommer route de Toul et route de Nancy les sections de la RD400 parfois nomm\u00e9es rue de Toul et rue de Nancy. La commune pourra engager des d\u00e9penses dans la limite de 71\u00a0567\u00a0\u20ac dans l\u2019attente du vote du budget primitif 2026.<\/p>\n<p>Ce n\u2019est pas la seule d\u00e9lib\u00e9ration prise. \u00c0 la demande de l\u2019association Familles rurales qui g\u00e8re aux P\u2019tits Loups les activit\u00e9s du p\u00e9riscolaire et de l\u2019extrascolaire, la commune lui attribue une subvention exceptionnelle de 15\u00a0000\u00a0\u20ac dans le cadre de sa tr\u00e9sorerie 2025. Quant \u00e0 la subvention de 135\u00a0000\u00a0\u20ac demand\u00e9e pour l\u2019ann\u00e9e 2026, elle lui sera vers\u00e9e en une fois.<\/p>\n<p>Dans la for\u00eat communale, selon la proposition de l\u2019ONF, les grumes de ch\u00eanes d\u00e9p\u00e9rissant seront vendues. Un volume de 433 m3\u00a0 de houppiers sera propos\u00e9 en affouages.<\/p>\n<p>  Distribution de gaz\u00a0: d\u00e9cision \u00e0 nouveau report\u00e9e<\/p>\n<p>Mis \u00e0 l\u2019ordre du jour pour la deuxi\u00e8me fois, le renouvellement du contrat de concession (pour 30 ans) pour la distribution de gaz est report\u00e9 sine die. Des conseillers s\u2019\u00e9tonnent fermement que l\u2019\u00e9ch\u00e9ance du contrat n\u2019arrive qu\u2019en 2027.<\/p>\n<p>Par ailleurs, le projet priv\u00e9 de maison m\u00e9dicale, rue des Sept Lieues, implique des travaux pour l\u2019amen\u00e9e de l\u2019eau potable et la pose d\u2019un poteau incendie (par la Communaut\u00e9 de communes), du gaz et de la fibre optique. La commune pr\u00e9voit une d\u00e9pense de 53\u00a0372\u00a0\u20ac.<\/p>\n<p>Enfin, \u00e0 Sexey-les-Bois, la chaudi\u00e8re du F5 lou\u00e9 doit \u00eatre chang\u00e9e (pour 5\u00a0142\u00a0\u20ac). La porte d\u2019entr\u00e9e de la salle des f\u00eates c\u00f4t\u00e9 terrasse sera aussi remplac\u00e9e (4\u00a0500\u00a0\u20ac).<\/p>\n","protected":false},"excerpt":{"rendered":"Pour rem\u00e9dier \u00e0 des incoh\u00e9rences, le conseil municipal d\u00e9cide de nommer route de Toul et route de Nancy&hellip;\n","protected":false},"author":2,"featured_media":609443,"comment_status":"","ping_status":"","sticky":false,"template":"","format":"standard","meta":{"footnotes":""},"categories":[9635],"tags":[1111,11,11734,11735,1984,1705,1777,674,1011,27,775,1702,12,316,25],"class_list":{"0":"post-609442","1":"post","2":"type-post","3":"status-publish","4":"format-standard","5":"has-post-thumbnail","7":"category-nancy","8":"tag-actu","9":"tag-actualites","10":"tag-bois-de-haye","11":"tag-cc-terres-touloises-54d","12":"tag-conseil-municipal","13":"tag-edition-toul","14":"tag-eu","15":"tag-europe","16":"tag-fr","17":"tag-france","18":"tag-grand-est","19":"tag-nancy","20":"tag-news","21":"tag-politique","22":"tag-republique-francaise"},"share_on_mastodon":{"url":"https:\/\/pubeurope.com\/@fr\/115746149769263244","error":""},"_links":{"self":[{"href":"https:\/\/www.europesays.com\/fr\/wp-json\/wp\/v2\/posts\/609442","targetHints":{"allow":["GET"]}}],"collection":[{"href":"https:\/\/www.europesays.com\/fr\/wp-json\/wp\/v2\/posts"}],"about":[{"href":"https:\/\/www.europesays.com\/fr\/wp-json\/wp\/v2\/types\/post"}],"author":[{"embeddable":true,"href":"https:\/\/www.europesays.com\/fr\/wp-json\/wp\/v2\/users\/2"}],"replies":[{"embeddable":true,"href":"https:\/\/www.europesays.com\/fr\/wp-json\/wp\/v2\/comments?post=609442"}],"version-history":[{"count":0,"href":"https:\/\/www.europesays.com\/fr\/wp-json\/wp\/v2\/posts\/609442\/revisions"}],"wp:featuredmedia":[{"embeddable":true,"href":"https:\/\/www.europesays.com\/fr\/wp-json\/wp\/v2\/media\/609443"}],"wp:attachment":[{"href":"https:\/\/www.europesays.com\/fr\/wp-json\/wp\/v2\/media?parent=609442"}],"wp:term":[{"taxonomy":"category","embeddable":true,"href":"https:\/\/www.europesays.com\/fr\/wp-json\/wp\/v2\/categories?post=609442"},{"taxonomy":"post_tag","embeddable":true,"href":"https:\/\/www.europesays.com\/fr\/wp-json\/wp\/v2\/tags?post=609442"}],"curies":[{"name":"wp","href":"https:\/\/api.w.org\/{rel}","templated":true}]}}