{"id":609448,"date":"2025-12-19T12:09:29","date_gmt":"2025-12-19T12:09:29","guid":{"rendered":"https:\/\/www.europesays.com\/fr\/609448\/"},"modified":"2025-12-19T12:09:29","modified_gmt":"2025-12-19T12:09:29","slug":"le-combat-le-plus-important-de-ma-vie-le-montpellierain-laid-zerhouni-en-pologne-a-la-conquete-dune-ceinture","status":"publish","type":"post","link":"https:\/\/www.europesays.com\/fr\/609448\/","title":{"rendered":"\u00ab\u00a0Le combat le plus important de ma vie\u00a0\u00bb, le Montpelli\u00e9rain La\u00efd Zerhouni en Pologne \u00e0 la conqu\u00eate d\u2019une ceinture"},"content":{"rendered":"<p>\n                                                                Le combattant de La Bonne Ecole \u00e0 Montpellier affronte, samedi, le Polonais Pawel Pawlak, tenant du titre dans la cat\u00e9gorie \u2013 84kg du KSW.\n                            <\/p>\n<p>\u00ab\u00a0C\u2019est le combat le plus important de ma carri\u00e8re et m\u00eame de ma vie. Un objectif que je devais atteindre. Il me manque la ceinture et ce sera valid\u00e9.\u00a0\u00bb Samedi soir \u00e0 Lodz en Pologne, La\u00efd Zerhouni (30 ans) tentera de devenir le champion de la cat\u00e9gorie des \u2013 84kg du KSW. \u00ab\u00a0Je suis l\u00e0 o\u00f9 je voulais \u00eatre. Maintenant, je dois faire le travail et rentrer \u00e0 la maison.\u00a0\u00bb<\/p>\n<p>Les derni\u00e8res sorties du Montpelli\u00e9rain dans la cage ont toujours \u00e9t\u00e9 spectaculaires. Le 10\u00a0mai dernier \u00e0 Lyon, son adversaire polonais n\u2019a pas r\u00e9sist\u00e9 \u00e0 l\u2019encha\u00eenement de coups de poing qu\u2019il a re\u00e7u d\u00e8s le premier round.<\/p>\n<p>Tr\u00e8s justement surnomm\u00e9 le bulldozer, il est c\u00e9l\u00e8bre pour son activit\u00e9 dans l\u2019octogone. C\u2019est pour cette raison et son immense talent qu\u2019il a \u00e9t\u00e9 choisi par le KSW, l\u2019organisation polonaise avec laquelle il est sous contrat, pour challenger le tenant du titre Pawel Pawlak.<\/p>\n<p>Le Polonais \u00e2g\u00e9 de 35 ans, boxeur \u00e9m\u00e9rite et ancien de l\u2019UFC, combattra dans sa ville devant ses supporters. Le d\u00e9fi est de taille pour le Franco-Alg\u00e9rien. \u00ab\u00a0Je suis plus que pr\u00eat, annonce celui qui veut d\u00e9crocher la 16e victoire de sa carri\u00e8re en MMA. Je me suis pr\u00e9par\u00e9 comme un sauvage depuis des mois.\u00a0\u00bb<\/p>\n<p>Une \u00e9norme bataille en perspective<\/p>\n<p>La\u00efd Zerhouni est habitu\u00e9 aux combats de trois rounds qui ne durent jamais plus que quelques minutes. Celui-ci est programm\u00e9 en cinq rounds de cinq minutes. Le natif de Montpellier s\u2019est pr\u00e9par\u00e9 en cons\u00e9quence avec ses entra\u00eeneurs et ses sparrings partners au sein du club La Bonne \u00c9cole \u00e0 Montpellier. \u00ab\u00a0Ce sera plus cardio, plus physique, plus intense, envisage-t-il. On a fait en sorte de pouvoir tenir le combat en entier. J\u2019ai encore progress\u00e9 en boxe et en lutte. Dans mon club, il y a beaucoup de combattants de haut niveau, j\u2019ai \u00e9volu\u00e9 gr\u00e2ce \u00e0 eux. J\u2019ai \u00e9t\u00e9 pointilleux sur les d\u00e9tails.\u00a0\u00bb<\/p>\n<p>Capable d\u2019\u00e9teindre rapidement ceux qui se dressent sur son chemin, il sait que ce combat-l\u00e0 peut durer face \u00e0 un adversaire exp\u00e9riment\u00e9\u00a0: \u00ab\u00a0Je suis l\u00e0 pour faire le show mais je peux aussi aller au bout du combat et le remporter \u00e0 la d\u00e9cision\u00a0\u00bb, clame-t-il.<\/p>\n<p>Entour\u00e9 par son staff, ses fr\u00e8res et ses amis qui feront le d\u00e9placement avec lui en Pologne, La\u00efd Zerhouni peut marquer l\u2019histoire du MMA fran\u00e7ais en remportant cette ceinture du KSW.<\/p>\n","protected":false},"excerpt":{"rendered":"Le combattant de La Bonne Ecole \u00e0 Montpellier affronte, samedi, le Polonais Pawel Pawlak, tenant du titre dans&hellip;\n","protected":false},"author":2,"featured_media":609449,"comment_status":"","ping_status":"","sticky":false,"template":"","format":"standard","meta":{"footnotes":""},"categories":[9599],"tags":[1111,11,49325,1777,674,1011,27,7089,1847,2208,12,2680,25,517],"class_list":{"0":"post-609448","1":"post","2":"type-post","3":"status-publish","4":"format-standard","5":"has-post-thumbnail","7":"category-montpellier","8":"tag-actu","9":"tag-actualites","10":"tag-arts-martiaux","11":"tag-eu","12":"tag-europe","13":"tag-fr","14":"tag-france","15":"tag-herault","16":"tag-mma","17":"tag-montpellier","18":"tag-news","19":"tag-occitanie","20":"tag-republique-francaise","21":"tag-sport"},"share_on_mastodon":{"url":"https:\/\/pubeurope.com\/@fr\/115746161673508999","error":""},"_links":{"self":[{"href":"https:\/\/www.europesays.com\/fr\/wp-json\/wp\/v2\/posts\/609448","targetHints":{"allow":["GET"]}}],"collection":[{"href":"https:\/\/www.europesays.com\/fr\/wp-json\/wp\/v2\/posts"}],"about":[{"href":"https:\/\/www.europesays.com\/fr\/wp-json\/wp\/v2\/types\/post"}],"author":[{"embeddable":true,"href":"https:\/\/www.europesays.com\/fr\/wp-json\/wp\/v2\/users\/2"}],"replies":[{"embeddable":true,"href":"https:\/\/www.europesays.com\/fr\/wp-json\/wp\/v2\/comments?post=609448"}],"version-history":[{"count":0,"href":"https:\/\/www.europesays.com\/fr\/wp-json\/wp\/v2\/posts\/609448\/revisions"}],"wp:featuredmedia":[{"embeddable":true,"href":"https:\/\/www.europesays.com\/fr\/wp-json\/wp\/v2\/media\/609449"}],"wp:attachment":[{"href":"https:\/\/www.europesays.com\/fr\/wp-json\/wp\/v2\/media?parent=609448"}],"wp:term":[{"taxonomy":"category","embeddable":true,"href":"https:\/\/www.europesays.com\/fr\/wp-json\/wp\/v2\/categories?post=609448"},{"taxonomy":"post_tag","embeddable":true,"href":"https:\/\/www.europesays.com\/fr\/wp-json\/wp\/v2\/tags?post=609448"}],"curies":[{"name":"wp","href":"https:\/\/api.w.org\/{rel}","templated":true}]}}