{"id":609452,"date":"2025-12-19T12:11:14","date_gmt":"2025-12-19T12:11:14","guid":{"rendered":"https:\/\/www.europesays.com\/fr\/609452\/"},"modified":"2025-12-19T12:11:14","modified_gmt":"2025-12-19T12:11:14","slug":"a-rouen-des-pass-de-stationnement-gratuits-pour-les-visiteurs","status":"publish","type":"post","link":"https:\/\/www.europesays.com\/fr\/609452\/","title":{"rendered":"A Rouen, des \u00ab\u00a0Pass\u00a0\u00bb de stationnement gratuits pour les visiteurs"},"content":{"rendered":"<p class=\"paragraph text_align_left lp-f-body-02\">A Rouen (Seine-Maritime), <a href=\"https:\/\/www.leparisien.fr\/paris-75\/paris-ou-se-trouvent-les-3200-places-de-stationnement-gratuit-14-06-2023-R3E7RN4R2BGR7OZP7V6DFLEV6A.php\" target=\"_self\" rel=\"noopener\">comme dans de nombreux centres-villes<\/a>, le stationnement reste un sujet sensible. Surtout que sur le territoire de la ville \u0153uvrent non pas une, mais deux voitures Lapi (Lecture automatis\u00e9e de plaques d\u2019immatriculation), ces automobiles dot\u00e9es de cam\u00e9ras capables de scanner sans rel\u00e2che les plaques des v\u00e9hicules gar\u00e9s pour v\u00e9rifier si leurs propri\u00e9taires sont bien pass\u00e9s par la case horodateur. Gare \u00e0 celui qui aurait zapp\u00e9 car il devra s\u2019acquitter de la somme de 25 euros dans le cadre du <a href=\"https:\/\/www.leparisien.fr\/faits-divers\/cest-kafkaien-ils-se-font-saisir-des-centaines-deuros-pour-des-pv-majores-de-stationnement-jamais-recus-26-05-2025-JCI5UBUJ3NFYJHTS2RZ6PO3WM4.php\" target=\"_self\" rel=\"noopener\">forfait de post-stationnement<\/a> vot\u00e9 par la municipalit\u00e9.<\/p>\n<p>De 2 \u00e0 24 jours par an<\/p>\n<p class=\"\">Cette derni\u00e8re vient n\u00e9anmoins de faire un geste pour les automobilistes en cr\u00e9ant depuis quelques jours pour les abonn\u00e9s au stationnement r\u00e9sidentiel <a href=\"https:\/\/www.facebook.com\/villerouen76\/posts\/la-ville-lance-le-pass-visiteur-qui-permet-doffrir-des-journ%C3%A9es-de-stationnement\/1302702415220132\/\" target=\"_self\" rel=\"noopener\">un \u00ab Pass visiteur \u00bb valable toute une journ\u00e9e<\/a>. Le principe ? Chaque abonn\u00e9 &#8211; ils sont pas loin de 7 000 toute dur\u00e9es confondues \u00e0 Rouen \u2013 peut faire profiter un ami ou un membre de sa famille de la gratuit\u00e9 du stationnement le jour de son choix.<\/p>\n<p class=\"\">Pour ce faire, quelques clics suffisent puisqu\u2019en allant dans son espace personnel sur le portail Internet d\u00e9di\u00e9, il n\u2019aura qu\u2019\u00e0 rentrer la plaque du v\u00e9hicule \u00ab ami \u00bb et le nom de son propri\u00e9taire avant de s\u00e9lectionner la date souhait\u00e9e. Suivant le type d\u2019abonnement, chaque r\u00e9sident b\u00e9n\u00e9ficie d\u2019un nombre variable de pass, allant de 24 pour une souscription annuelle \u00e0 2 pour une mensuelle.<\/p>\n<p class=\"\">\u00ab Apr\u00e8s avoir baiss\u00e9 d\u2019un tiers le prix des abonnements r\u00e9sidentiels en septembre dernier, nous avons souhait\u00e9 ajouter cette mesure tout simplement pour faciliter la vie de nos habitants \u00bb, assure Kader Chekhemani, l\u2019adjoint en charge de ce dossier. Un cadeau de No\u00ebl ? Pas forc\u00e9ment car l\u2019\u00e9lu aurait aim\u00e9 que ce \u00ab Pass visiteur \u00bb entre en vigueur d\u00e8s la rentr\u00e9e, mais il a fallu r\u00e9gler selon lui quelques probl\u00e8mes informatiques afin de l\u2019activer.<\/p>\n<p>\u00ab Pour mon fils, lorsqu\u2019il vient me voir, \u00e7a peut \u00eatre utile \u00bb<\/p>\n<p class=\"\">Mais attention, pour \u00e9viter les d\u00e9convenues (et les amendes !), le visiteur d\u2019un jour devra veiller \u00e0 ne pas se garer n\u2019importe o\u00f9. \u00ab Le Pass permet seulement de se garer dans la m\u00eame zone de stationnement r\u00e9sidentiel que le possesseur de l\u2019abonnement \u00bb, pr\u00e9cise Kader Chekhemani. Et puisque la ville en compte onze, il faudra \u00eatre attentif.<\/p>\n<p class=\"\">Pas forc\u00e9ment \u00e0 l\u2019aise avec l\u2019outil informatique, Catherine, qui poss\u00e8de un abonnement annuel valable du c\u00f4t\u00e9 de la Halle aux toiles et des quais, voit n\u00e9anmoins cette nouvelle mesure d\u2019un bon \u0153il. \u00ab Pour mon fils, lorsqu\u2019il vient me voir, \u00e7a peut \u00eatre utile \u00bb, imagine la retrait\u00e9e qui n\u2019avait pas encore ouvert le mail envoy\u00e9 par la mairie pour l\u2019informer de cette nouveaut\u00e9. \u00ab M\u00eame si avoir un abonnement r\u00e9sidentiel ne garantit pas d\u2019avoir une place. Lui aussi devra sans doute tourner un peu dans le quartier\u2026 \u00bb<\/p>\n","protected":false},"excerpt":{"rendered":"A Rouen (Seine-Maritime), comme dans de nombreux centres-villes, le stationnement reste un sujet sensible. Surtout que sur le&hellip;\n","protected":false},"author":2,"featured_media":609453,"comment_status":"","ping_status":"","sticky":false,"template":"","format":"standard","meta":{"footnotes":""},"categories":[9587],"tags":[1111,917,11,459,1777,674,1011,27,12,5161,25,9590,11074,104],"class_list":{"0":"post-609452","1":"post","2":"type-post","3":"status-publish","4":"format-standard","5":"has-post-thumbnail","7":"category-rouen","8":"tag-actu","9":"tag-actu-locale","10":"tag-actualites","11":"tag-departements-horsidfo","12":"tag-eu","13":"tag-europe","14":"tag-fr","15":"tag-france","16":"tag-news","17":"tag-normandie","18":"tag-republique-francaise","19":"tag-rouen","20":"tag-seine-maritime-76","21":"tag-societe"},"share_on_mastodon":{"url":"https:\/\/pubeurope.com\/@fr\/115746169536316581","error":""},"_links":{"self":[{"href":"https:\/\/www.europesays.com\/fr\/wp-json\/wp\/v2\/posts\/609452","targetHints":{"allow":["GET"]}}],"collection":[{"href":"https:\/\/www.europesays.com\/fr\/wp-json\/wp\/v2\/posts"}],"about":[{"href":"https:\/\/www.europesays.com\/fr\/wp-json\/wp\/v2\/types\/post"}],"author":[{"embeddable":true,"href":"https:\/\/www.europesays.com\/fr\/wp-json\/wp\/v2\/users\/2"}],"replies":[{"embeddable":true,"href":"https:\/\/www.europesays.com\/fr\/wp-json\/wp\/v2\/comments?post=609452"}],"version-history":[{"count":0,"href":"https:\/\/www.europesays.com\/fr\/wp-json\/wp\/v2\/posts\/609452\/revisions"}],"wp:featuredmedia":[{"embeddable":true,"href":"https:\/\/www.europesays.com\/fr\/wp-json\/wp\/v2\/media\/609453"}],"wp:attachment":[{"href":"https:\/\/www.europesays.com\/fr\/wp-json\/wp\/v2\/media?parent=609452"}],"wp:term":[{"taxonomy":"category","embeddable":true,"href":"https:\/\/www.europesays.com\/fr\/wp-json\/wp\/v2\/categories?post=609452"},{"taxonomy":"post_tag","embeddable":true,"href":"https:\/\/www.europesays.com\/fr\/wp-json\/wp\/v2\/tags?post=609452"}],"curies":[{"name":"wp","href":"https:\/\/api.w.org\/{rel}","templated":true}]}}