{"id":609454,"date":"2025-12-19T12:12:24","date_gmt":"2025-12-19T12:12:24","guid":{"rendered":"https:\/\/www.europesays.com\/fr\/609454\/"},"modified":"2025-12-19T12:12:24","modified_gmt":"2025-12-19T12:12:24","slug":"le-poulpe-le-ministere-de-la-justice-recase-a-rouen-un-magistrat-accuse-davoir-harcele-durant-de-longues-annees-plusieurs-femmes-a-boulogne-sur-mer","status":"publish","type":"post","link":"https:\/\/www.europesays.com\/fr\/609454\/","title":{"rendered":"Le Poulpe &#8211; Le minist\u00e8re de la Justice recase \u00e0 Rouen un magistrat accus\u00e9 d\u2019avoir harcel\u00e9, durant de longues ann\u00e9es, plusieurs femmes \u00e0 Boulogne-sur-Mer"},"content":{"rendered":"<p>\n      Essentiel\n    <\/p>\n<p class=\"paragraph-03\">\n            Par<br \/>\n              Manuel Sanson<\/p>\n<p>              &#8211; le<\/p>\n<p>                19\/12\/2025<\/p>\n<p>              \u00e0<\/p>\n<p>                12h05<\/p>\n<p class=\"headline-2 text-bold page-article__summary\">\n        Sanctionn\u00e9 &#8211; l\u00e9g\u00e8rement &#8211; par le ministre de la Justice pour entre autres des faits de harc\u00e8lement, un magistrat nouvellement mut\u00e9 vient de prendre ses fonctions au parquet de Rouen. De quoi susciter quelques interrogations sur sa l\u00e9gitimit\u00e9 \u00e0 d\u00e9fendre aujourd&rsquo;hui les int\u00e9r\u00eats de la soci\u00e9t\u00e9, notamment en mati\u00e8re de violences sexistes et sexuelles.\n      <\/p>\n<p>Le petit monde judiciaire rouennais serait-il en passe de devenir un point de chute pour des juges sanctionn\u00e9s sur le terrain disciplinaire, voire p\u00e9nal ? Une r\u00e9cente affectation au sein du tribunal judiciaire de Rouen peut le laisser \u00e0 penser.&#13;<br \/>\nEn 2023, Le Poulpe et Mediapart avaient d\u00e9j\u00e0 racont\u00e9 comment un magistrat du tribunal administratif de Cergy-Pontoise avait d\u00e9barqu\u00e9 au tribunal administratif de Rouen apr\u00e8s avoir \u00e9cop\u00e9 d\u2019une sanction disciplinaire de six mois d\u2019exclusion dont trois f&#8230;<\/p>\n<p>    <img decoding=\"async\" alt=\"\" class=\"scroll-up-button__icon\" src=\"https:\/\/www.lepoulpe.info\/packs\/media\/images\/application\/icons\/icon-arrow-top-53dcb9d627350b09fe029db1e56bd8d5.svg\"\/><\/p>\n","protected":false},"excerpt":{"rendered":"Essentiel Par Manuel Sanson &#8211; le 19\/12\/2025 \u00e0 12h05 Sanctionn\u00e9 &#8211; l\u00e9g\u00e8rement &#8211; par le ministre de la&hellip;\n","protected":false},"author":2,"featured_media":609455,"comment_status":"","ping_status":"","sticky":false,"template":"","format":"standard","meta":{"footnotes":""},"categories":[9587],"tags":[1111,11,1777,674,1011,27,12,5161,25,9590],"class_list":{"0":"post-609454","1":"post","2":"type-post","3":"status-publish","4":"format-standard","5":"has-post-thumbnail","7":"category-rouen","8":"tag-actu","9":"tag-actualites","10":"tag-eu","11":"tag-europe","12":"tag-fr","13":"tag-france","14":"tag-news","15":"tag-normandie","16":"tag-republique-francaise","17":"tag-rouen"},"share_on_mastodon":{"url":"https:\/\/pubeurope.com\/@fr\/115746175098175793","error":""},"_links":{"self":[{"href":"https:\/\/www.europesays.com\/fr\/wp-json\/wp\/v2\/posts\/609454","targetHints":{"allow":["GET"]}}],"collection":[{"href":"https:\/\/www.europesays.com\/fr\/wp-json\/wp\/v2\/posts"}],"about":[{"href":"https:\/\/www.europesays.com\/fr\/wp-json\/wp\/v2\/types\/post"}],"author":[{"embeddable":true,"href":"https:\/\/www.europesays.com\/fr\/wp-json\/wp\/v2\/users\/2"}],"replies":[{"embeddable":true,"href":"https:\/\/www.europesays.com\/fr\/wp-json\/wp\/v2\/comments?post=609454"}],"version-history":[{"count":0,"href":"https:\/\/www.europesays.com\/fr\/wp-json\/wp\/v2\/posts\/609454\/revisions"}],"wp:featuredmedia":[{"embeddable":true,"href":"https:\/\/www.europesays.com\/fr\/wp-json\/wp\/v2\/media\/609455"}],"wp:attachment":[{"href":"https:\/\/www.europesays.com\/fr\/wp-json\/wp\/v2\/media?parent=609454"}],"wp:term":[{"taxonomy":"category","embeddable":true,"href":"https:\/\/www.europesays.com\/fr\/wp-json\/wp\/v2\/categories?post=609454"},{"taxonomy":"post_tag","embeddable":true,"href":"https:\/\/www.europesays.com\/fr\/wp-json\/wp\/v2\/tags?post=609454"}],"curies":[{"name":"wp","href":"https:\/\/api.w.org\/{rel}","templated":true}]}}