{"id":609460,"date":"2025-12-19T12:16:35","date_gmt":"2025-12-19T12:16:35","guid":{"rendered":"https:\/\/www.europesays.com\/fr\/609460\/"},"modified":"2025-12-19T12:16:35","modified_gmt":"2025-12-19T12:16:35","slug":"chantepie-samedi-ils-organisent-une-journee-pour-les-enfants","status":"publish","type":"post","link":"https:\/\/www.europesays.com\/fr\/609460\/","title":{"rendered":"Chantepie. Samedi, ils organisent une journ\u00e9e pour les enfants"},"content":{"rendered":"<p><strong>\u00a0Les b\u00e9n\u00e9voles de l\u2019association Chantepie Animation ont pr\u00e9par\u00e9 une belle journ\u00e9e riche en festivit\u00e9s pour No\u00ebl, dimanche<\/strong>\u00a0, se r\u00e9jouit d\u2019avance \u00c9liane Le Ray, la pr\u00e9sidente. D\u00e8s 11\u00a0h, un concert\u00a0gratuit sera propos\u00e9 par l\u2019orchestre Les Minuscules. Dans l\u2019apr\u00e8s-midi, \u00e0\u00a015\u00a0h\u00a030, un spectacle jeune public, \u00ab\u00a0Hop dans ma hotte\u00a0\u00bb, sera pr\u00e9sent\u00e9 par la compagnie L\u2019\u0153uf et la poule.\u00a0Et \u00e0 16\u00a0h\u00a030, la parade de No\u00ebl avec Les Grelings d\u00e9butera. Ils iront chercher le P\u00e8re No\u00ebl au complexe des deux ruisseaux, \u00e0 17\u00a0h\u00a030. D\u00e9butera alors la distribution des bonbons et de chocolats aux enfants. Pendant\u00a0tout l\u2019apr\u00e8s-midi, les b\u00e9n\u00e9voles vendront\u00a0des cr\u00eapes, du vin chaud, du chocolat chaud, de la barbe \u00e0 papa et des chichis.<strong>\u00a0Venez partager avec vos enfants la chaleur et la magie de No\u00ebl qui apporte joie et bonheur pour les petits et les grands avec les yeux qui p\u00e9tillent, des sourires et des rires, <\/strong>entonne \u00c9liane le Ray.<strong> Merci \u00e0 tous les b\u00e9n\u00e9voles et \u00e0 la commune pour l\u2019organisation de cette journ\u00e9e<\/strong>\u00a0.<\/p>\n<p>Dimanche, 11\u00a0h, concert gratuit. \u00c0 15\u00a0h\u00a030, spectacle gratuit pour les enfants jusqu\u2019\u00e0 12\u00a0ans, 5\u00a0\u20ac pour les adultes, sans r\u00e9servation. Parade \u00e0 15\u00a0h\u00a030, arriv\u00e9e du P\u00e8re No\u00ebl, \u00e0 17\u00a0h\u00a030. Au complexe des deux ruisseaux.<\/p>\n<p>\u00a0<\/p>\n","protected":false},"excerpt":{"rendered":"\u00a0Les b\u00e9n\u00e9voles de l\u2019association Chantepie Animation ont pr\u00e9par\u00e9 une belle journ\u00e9e riche en festivit\u00e9s pour No\u00ebl, dimanche\u00a0, se&hellip;\n","protected":false},"author":2,"featured_media":609461,"comment_status":"","ping_status":"","sticky":false,"template":"","format":"standard","meta":{"footnotes":""},"categories":[2821],"tags":[1111,11,829,12790,1719,1777,674,1011,27,3465,12,64331,3086,584,25,3982],"class_list":{"0":"post-609460","1":"post","2":"type-post","3":"status-publish","4":"format-standard","5":"has-post-thumbnail","7":"category-rennes","8":"tag-actu","9":"tag-actualites","10":"tag-bretagne","11":"tag-chantepie","12":"tag-enfants","13":"tag-eu","14":"tag-europe","15":"tag-fr","16":"tag-france","17":"tag-journee","18":"tag-news","19":"tag-organisent","20":"tag-redon","21":"tag-rennes","22":"tag-republique-francaise","23":"tag-samedi"},"share_on_mastodon":{"url":"https:\/\/pubeurope.com\/@fr\/115746189229957297","error":""},"_links":{"self":[{"href":"https:\/\/www.europesays.com\/fr\/wp-json\/wp\/v2\/posts\/609460","targetHints":{"allow":["GET"]}}],"collection":[{"href":"https:\/\/www.europesays.com\/fr\/wp-json\/wp\/v2\/posts"}],"about":[{"href":"https:\/\/www.europesays.com\/fr\/wp-json\/wp\/v2\/types\/post"}],"author":[{"embeddable":true,"href":"https:\/\/www.europesays.com\/fr\/wp-json\/wp\/v2\/users\/2"}],"replies":[{"embeddable":true,"href":"https:\/\/www.europesays.com\/fr\/wp-json\/wp\/v2\/comments?post=609460"}],"version-history":[{"count":0,"href":"https:\/\/www.europesays.com\/fr\/wp-json\/wp\/v2\/posts\/609460\/revisions"}],"wp:featuredmedia":[{"embeddable":true,"href":"https:\/\/www.europesays.com\/fr\/wp-json\/wp\/v2\/media\/609461"}],"wp:attachment":[{"href":"https:\/\/www.europesays.com\/fr\/wp-json\/wp\/v2\/media?parent=609460"}],"wp:term":[{"taxonomy":"category","embeddable":true,"href":"https:\/\/www.europesays.com\/fr\/wp-json\/wp\/v2\/categories?post=609460"},{"taxonomy":"post_tag","embeddable":true,"href":"https:\/\/www.europesays.com\/fr\/wp-json\/wp\/v2\/tags?post=609460"}],"curies":[{"name":"wp","href":"https:\/\/api.w.org\/{rel}","templated":true}]}}