{"id":609464,"date":"2025-12-19T12:19:13","date_gmt":"2025-12-19T12:19:13","guid":{"rendered":"https:\/\/www.europesays.com\/fr\/609464\/"},"modified":"2025-12-19T12:19:13","modified_gmt":"2025-12-19T12:19:13","slug":"une-boutique-de-produits-de-beaute-coreens-ouvre-a-strasbourg","status":"publish","type":"post","link":"https:\/\/www.europesays.com\/fr\/609464\/","title":{"rendered":"une boutique de produits de beaut\u00e9 cor\u00e9ens ouvre \u00e0 Strasbourg"},"content":{"rendered":"<p>                    Par<br \/>\n        <strong><br \/>\n            <a href=\"https:\/\/actu.fr\/auteur\/ivan-capecchi\" title=\"Consulter tous les articles de Ivan CAPECCHI\" target=\"_blank\" rel=\"noopener\">Ivan CAPECCHI<\/a><br \/>\n                    <\/strong><\/p>\n<p>        Publi\u00e9 le<\/p>\n<p>            19 d\u00e9c. 2025 \u00e0 13h00        <\/p>\n<p>Yoomi K-Beauty, une boutique sp\u00e9cialis\u00e9e dans les <strong>produits de beaut\u00e9 cor\u00e9ens<\/strong>, mais aussi dans tout ce qui tourne autour de l\u2019univers <strong>K-pop<\/strong>, doit ouvrir, dimanche 21 d\u00e9cembre 2025, 29 rue du 22 Novembre, \u00e0 <strong>Strasbourg<\/strong>.<\/p>\n<p class=\" wall-content\">La marque met notamment en avant la <strong>skincare cor\u00e9enne<\/strong>, une approche du soin de la peau venue de Cor\u00e9e du Sud qui connait une forte popularit\u00e9 sur les <a href=\"https:\/\/actu.fr\/tag\/reseaux-sociaux\" target=\"_blank\" rel=\"noopener\">r\u00e9seaux sociaux<\/a>, notamment <a href=\"https:\/\/actu.fr\/tag\/tiktok\" target=\"_blank\" rel=\"noopener\">TikTok<\/a>.<\/p>\n<p>Des cadeaux offerts le jour de l\u2019inauguration<\/p>\n<p class=\" wall-content\">Le jour J, l\u2019ouverture se fera \u00e0 <strong>midi<\/strong>.<\/p>\n<p class=\" wall-content\">A cette occasion,\u00a0\u00ab\u00a0un <strong>sac rempli de cadeaux<\/strong> [sera remis] aux <strong>100 premiers clients d\u00e8s 30 \u20ac d\u2019achat<\/strong> (valable une fois par personne)\u00a0\u00bb, indique la marque sur <a href=\"https:\/\/actu.fr\/tag\/instagram\" target=\"_blank\" rel=\"noopener\">Instagram<\/a>.<\/p>\n<p class=\" wall-content\">Personnalisez votre actualit\u00e9 en ajoutant vos villes et m\u00e9dias en favori avec <a href=\"https:\/\/moncompte.actu.fr\" title=\"D\u00e9couvez Mon Actu\" rel=\"nofollow noopener\" data-trk=\"{&quot;cta&quot;:{&quot;action&quot;:&quot;https:\\\/\\\/moncompte.actu.fr&quot;,&quot;category&quot;:&quot;mon compte&quot;,&quot;from&quot;:&quot;article footer&quot;,&quot;name&quot;:&quot;Mon actu&quot;,&quot;type&quot;:&quot;cta&quot;}}\" target=\"_blank\">Mon Actu<\/a>.<\/p>\n","protected":false},"excerpt":{"rendered":"Par Ivan CAPECCHI Publi\u00e9 le 19 d\u00e9c. 2025 \u00e0 13h00 Yoomi K-Beauty, une boutique sp\u00e9cialis\u00e9e dans les produits&hellip;\n","protected":false},"author":2,"featured_media":609465,"comment_status":"","ping_status":"","sticky":false,"template":"","format":"standard","meta":{"footnotes":""},"categories":[2820],"tags":[1111,11,4983,1777,674,1011,27,775,12,25,938,104,640,2439],"class_list":{"0":"post-609464","1":"post","2":"type-post","3":"status-publish","4":"format-standard","5":"has-post-thumbnail","7":"category-strasbourg","8":"tag-actu","9":"tag-actualites","10":"tag-bien-etre","11":"tag-eu","12":"tag-europe","13":"tag-fr","14":"tag-france","15":"tag-grand-est","16":"tag-news","17":"tag-republique-francaise","18":"tag-reseaux-sociaux","19":"tag-societe","20":"tag-strasbourg","21":"tag-tiktok"},"share_on_mastodon":{"url":"https:\/\/pubeurope.com\/@fr\/115746200987751780","error":""},"_links":{"self":[{"href":"https:\/\/www.europesays.com\/fr\/wp-json\/wp\/v2\/posts\/609464","targetHints":{"allow":["GET"]}}],"collection":[{"href":"https:\/\/www.europesays.com\/fr\/wp-json\/wp\/v2\/posts"}],"about":[{"href":"https:\/\/www.europesays.com\/fr\/wp-json\/wp\/v2\/types\/post"}],"author":[{"embeddable":true,"href":"https:\/\/www.europesays.com\/fr\/wp-json\/wp\/v2\/users\/2"}],"replies":[{"embeddable":true,"href":"https:\/\/www.europesays.com\/fr\/wp-json\/wp\/v2\/comments?post=609464"}],"version-history":[{"count":0,"href":"https:\/\/www.europesays.com\/fr\/wp-json\/wp\/v2\/posts\/609464\/revisions"}],"wp:featuredmedia":[{"embeddable":true,"href":"https:\/\/www.europesays.com\/fr\/wp-json\/wp\/v2\/media\/609465"}],"wp:attachment":[{"href":"https:\/\/www.europesays.com\/fr\/wp-json\/wp\/v2\/media?parent=609464"}],"wp:term":[{"taxonomy":"category","embeddable":true,"href":"https:\/\/www.europesays.com\/fr\/wp-json\/wp\/v2\/categories?post=609464"},{"taxonomy":"post_tag","embeddable":true,"href":"https:\/\/www.europesays.com\/fr\/wp-json\/wp\/v2\/tags?post=609464"}],"curies":[{"name":"wp","href":"https:\/\/api.w.org\/{rel}","templated":true}]}}