{"id":609468,"date":"2025-12-19T12:21:20","date_gmt":"2025-12-19T12:21:20","guid":{"rendered":"https:\/\/www.europesays.com\/fr\/609468\/"},"modified":"2025-12-19T12:21:20","modified_gmt":"2025-12-19T12:21:20","slug":"vous-navez-pas-didees-de-cadeaux-dans-le-vieux-nice-cette-boutique-est-presque-devenue-lantre-du-pere-noel-on-vous-y-emmene","status":"publish","type":"post","link":"https:\/\/www.europesays.com\/fr\/609468\/","title":{"rendered":"Vous n&rsquo;avez pas d&rsquo;id\u00e9es de cadeaux ? Dans le Vieux-Nice, cette boutique est presque devenue l&rsquo;antre du P\u00e8re No\u00ebl, on vous y emm\u00e8ne"},"content":{"rendered":"<p><strong>\u00c0 quelques pas de la place Rossetti, une nouvelle adresse attire les regards et les gourmands. Ouvert depuis d\u00e9but octobre, Le Comptoir de Mathilde a\u00a0enti\u00e8rement plong\u00e9 sa boutique du Vieux-Nice dans l\u2019ambiance des f\u00eates. Rouge profond, vert sapin, bois sombre, petits n\u0153uds et touches dor\u00e9es\u2026 No\u00ebl s\u2019invite sur chaque \u00e9tag\u00e8re.\u00a0<\/strong><\/p>\n<p>\u00ab\u00a0On voulait quelque chose de chaleureux, de convivial, de presque magique\u00a0\u00bb sourit Ingrid Marinetti. \u00ab\u00a0L\u2019id\u00e9e est simple, faire de la boutique un lieu o\u00f9 l\u2019on entre par curiosit\u00e9 et o\u00f9 l\u2019on ressort avec une id\u00e9e cadeau sous le\u00a0bras.\u00a0\u00bb\u00a0<\/p>\n<p><img loading=\"lazy\" decoding=\"async\" width=\"1120\" height=\"630\" src=\"https:\/\/www.europesays.com\/fr\/wp-content\/uploads\/2025\/12\/1-6-1120x630.jpg\" alt=\"1 6\" class=\"wp-image-262565\" title=\"Vous n'avez pas d'id\u00e9es de cadeaux ? Dans le Vieux-Nice, cette boutique est presque devenue l'antre du P\u00e8re No\u00ebl, on vous y emm\u00e8ne 1\"  \/>\u00a9 Romain Boisaubert \/ Nice-Presse<\/p>\n<p>Derri\u00e8re cette sc\u00e9nographie soigneusement travaill\u00e9e, la maison mise sur l\u2019\u00e9veil des sens. D\u00e9gustations de th\u00e9s aux notes de cacao, poire ou caramel, petites madeleines offertes, bretzels chocolat\u00e9s au subtil \u00e9quilibre sucr\u00e9-sal\u00e9, ou encore le baba au rhum, \u00ab\u00a0produit historique de la marque\u00a0\u00bb, invitent \u00e0\u00a0prendre son\u00a0temps.<\/p>\n<p>Exp\u00e9rience gourmande<\/p>\n<p>Les incontournables sont \u00e9galement l\u00e0, des chocolats \u00e0\u00a0casser, en passant par les p\u00e2tes \u00e0\u00a0tartiner d\u00e9clin\u00e9es en chocolat noir, lait ou blanc, et parfois enrichies de pistache, feuilletine ou noix de p\u00e9can. Des cr\u00e9ations ludiques, parfois surprenantes, pens\u00e9es pour \u00e9tonner autant que pour r\u00e9galer.<\/p>\n<p><img loading=\"lazy\" decoding=\"async\" width=\"1120\" height=\"630\" src=\"https:\/\/www.europesays.com\/fr\/wp-content\/uploads\/2025\/12\/2-7-1120x630.jpg\" alt=\"2 7\" class=\"wp-image-262564\" title=\"Vous n'avez pas d'id\u00e9es de cadeaux ? Dans le Vieux-Nice, cette boutique est presque devenue l'antre du P\u00e8re No\u00ebl, on vous y emm\u00e8ne 2\"  \/>\u00a9 Romain Boisaubert \/ Nice-Presse<\/p>\n<p>Au Comptoir de Mathilde, le cadeau ne se limite d\u2019ailleurs pas au contenu. Le packaging joue \u00e9galement un r\u00f4le central. Messages malicieux, coffrets \u00e9l\u00e9gants, bouteilles transparentes de rhums arrang\u00e9s aux fruits, ou encore services \u00e0\u00a0fondue au chocolat pour les soir\u00e9es d\u2019hiver entre\u00a0amis.<\/p>\n<p>La boutique n\u2019oublie pas le sal\u00e9, avec ses terrines, tartinables de l\u00e9gumes ou de poissons, moutardes revisit\u00e9es, sels et vinaigres aromatis\u00e9s, sans oublier l\u2019incontournable foie gras. Une mani\u00e8re d\u2019\u00e9largir l\u2019id\u00e9e du cadeau gourmand, au-del\u00e0 du\u00a0sucr\u00e9.<\/p>\n<p><img loading=\"lazy\" decoding=\"async\" width=\"1120\" height=\"630\" src=\"https:\/\/www.europesays.com\/fr\/wp-content\/uploads\/2025\/12\/3-6-1120x630.jpg\" alt=\"3 6\" class=\"wp-image-262563\" title=\"Vous n'avez pas d'id\u00e9es de cadeaux ? Dans le Vieux-Nice, cette boutique est presque devenue l'antre du P\u00e8re No\u00ebl, on vous y emm\u00e8ne 3\"  \/>\u00a9 Romain Boisaubert \/ Nice-Presse<\/p>\n<p>Install\u00e9 depuis \u00e0\u00a0peine deux mois dans le c\u0153ur historique de Nice, Le Comptoir de Mathilde a\u00a0trouv\u00e9 naturellement sa place dans le parcours des achats de fin d\u2019ann\u00e9e. \u00ab\u00a0Quand on ne sait pas quoi offrir, la gourmandise fonctionne toujours\u2026 \u00bb <\/p>\n","protected":false},"excerpt":{"rendered":"\u00c0 quelques pas de la place Rossetti, une nouvelle adresse attire les regards et les gourmands. Ouvert depuis&hellip;\n","protected":false},"author":2,"featured_media":609469,"comment_status":"","ping_status":"","sticky":false,"template":"","format":"standard","meta":{"footnotes":""},"categories":[2819],"tags":[1111,11,1777,674,1011,27,12,2401,882,25],"class_list":{"0":"post-609468","1":"post","2":"type-post","3":"status-publish","4":"format-standard","5":"has-post-thumbnail","7":"category-nice","8":"tag-actu","9":"tag-actualites","10":"tag-eu","11":"tag-europe","12":"tag-fr","13":"tag-france","14":"tag-news","15":"tag-nice","16":"tag-provence-alpes-cote-dazur","17":"tag-republique-francaise"},"share_on_mastodon":{"url":"https:\/\/pubeurope.com\/@fr\/115746209708955911","error":""},"_links":{"self":[{"href":"https:\/\/www.europesays.com\/fr\/wp-json\/wp\/v2\/posts\/609468","targetHints":{"allow":["GET"]}}],"collection":[{"href":"https:\/\/www.europesays.com\/fr\/wp-json\/wp\/v2\/posts"}],"about":[{"href":"https:\/\/www.europesays.com\/fr\/wp-json\/wp\/v2\/types\/post"}],"author":[{"embeddable":true,"href":"https:\/\/www.europesays.com\/fr\/wp-json\/wp\/v2\/users\/2"}],"replies":[{"embeddable":true,"href":"https:\/\/www.europesays.com\/fr\/wp-json\/wp\/v2\/comments?post=609468"}],"version-history":[{"count":0,"href":"https:\/\/www.europesays.com\/fr\/wp-json\/wp\/v2\/posts\/609468\/revisions"}],"wp:featuredmedia":[{"embeddable":true,"href":"https:\/\/www.europesays.com\/fr\/wp-json\/wp\/v2\/media\/609469"}],"wp:attachment":[{"href":"https:\/\/www.europesays.com\/fr\/wp-json\/wp\/v2\/media?parent=609468"}],"wp:term":[{"taxonomy":"category","embeddable":true,"href":"https:\/\/www.europesays.com\/fr\/wp-json\/wp\/v2\/categories?post=609468"},{"taxonomy":"post_tag","embeddable":true,"href":"https:\/\/www.europesays.com\/fr\/wp-json\/wp\/v2\/tags?post=609468"}],"curies":[{"name":"wp","href":"https:\/\/api.w.org\/{rel}","templated":true}]}}