{"id":609470,"date":"2025-12-19T12:22:12","date_gmt":"2025-12-19T12:22:12","guid":{"rendered":"https:\/\/www.europesays.com\/fr\/609470\/"},"modified":"2025-12-19T12:22:12","modified_gmt":"2025-12-19T12:22:12","slug":"asse-cardona-rejoint-linfirmerie-avant-nice","status":"publish","type":"post","link":"https:\/\/www.europesays.com\/fr\/609470\/","title":{"rendered":"ASSE\u00a0: Cardona rejoint l&rsquo;infirmerie avant Nice"},"content":{"rendered":"<p>Victime d&rsquo;une b\u00e9quille face \u00e0 Bastia, Irvin Cardona sera absent ce dimanche \u00e0 Nice pour le 32e de finale de Coupe de France. L&rsquo;attaquant rejoint Annan, Ferreira, Moueffek et Duffus \u00e0 l&rsquo;infirmerie de l&rsquo;AS Saint-\u00c9tienne.<\/p>\n<p>\u00c0 48 heures du d\u00e9placement \u00e0 Nice pour les 32es de finale de Coupe de France, l&rsquo;entraineur de l&rsquo;AS Saint-\u00c9tienne Eirik Horneland a fait le point ce vendredi sur l&rsquo;\u00e9tat de ses troupes, avec une absence de plus par rapport au dernier match de Ligue 2 disput\u00e9 face \u00e0 Bastia (2-2). Victime d&rsquo;une b\u00e9quille, <strong>Irvin Cardona<\/strong> ne sera pas du voyage \u00e0 l&rsquo;Allianz Riviera. Malade avant d&rsquo;affronter le club cors, l&rsquo;attaquant st\u00e9phanois ne s&rsquo;est donc pas entrain\u00e9 depuis deux semaines et sera laiss\u00e9 au repos jusqu&rsquo;en d\u00e9but d&rsquo;ann\u00e9e prochaine.<\/p>\n<p>Sans surprise, la liste des absents restera longue pour ce d\u00e9placement sur la C\u00f4te d&rsquo;Azur. Victime d&rsquo;une entorse \u00e0 une cheville \u00e0 Dunkerque, le lat\u00e9ral gauche <strong>Ebenezer Annan<\/strong> reste indisponible jusqu&rsquo;en janvier. Forfait de derni\u00e8re minute \u00e0 Dunkerque, le lat\u00e9ral portugais\u00a0<strong>Joao Ferreira<\/strong>\u00a0reste \u00e9galement au repos jusqu&rsquo;en janvier pour se remettre d&rsquo;une blessure aux quadriceps.\u00a0<strong>A\u00efmen Moueffek<\/strong>\u00a0(touch\u00e9 \u00e0 une cuisse depuis deux semaines) et\u00a0<strong>Joshua Duffus<\/strong>\u00a0(de nouveau touch\u00e9 aux ischios \u00e0 Dunkerque) sont \u00e9galement absents jusqu&rsquo;en d\u00e9but d&rsquo;ann\u00e9e prochaine. Pas de retour non plus avant 2026 pour le d\u00e9fenseur\u00a0<strong>Chico Lamba.<\/strong> Annonc\u00e9 absent jusqu&rsquo;en janvier suite \u00e0 une blessure \u00e0 un mollet, le jeune attaquant <strong>Djylian N&rsquo;Guessan<\/strong> pourrait finalement \u00eatre disponible pour affronter Nice. Une d\u00e9cision sera prise ce samedi.<\/p>\n<p>Lors des deux pr\u00e9c\u00e9dents tours remport\u00e9s face \u00e0 des clubs amateurs (Qu\u00e9tigny et \u00c9cotay-Moingt), <strong>Brice Maubleu<\/strong> avait \u00e9t\u00e9 titularis\u00e9 dans les cages st\u00e9phanoises. Pas certain que l&rsquo;ancien grenoblois le soit de nouveau \u00e0 Nice, le staff de l&rsquo;ASSE h\u00e9sitant \u00e0 aligner l&rsquo;habituel titulaire, Gautier Larsonneur.<\/p>\n<p><strong>OGC Nice &#8211; AS Saint-\u00c9tienne, 32e de finale de Coupe de France, \u00e0 vivre en int\u00e9gralit\u00e9 ce dimanche d\u00e8s 14h45 sur votre radio ICI Saint-\u00c9tienne Loire.<\/strong><\/p>\n","protected":false},"excerpt":{"rendered":"Victime d&rsquo;une b\u00e9quille face \u00e0 Bastia, Irvin Cardona sera absent ce dimanche \u00e0 Nice pour le 32e de&hellip;\n","protected":false},"author":2,"featured_media":609471,"comment_status":"","ping_status":"","sticky":false,"template":"","format":"standard","meta":{"footnotes":""},"categories":[2819],"tags":[1111,11,1777,674,1011,27,12,2401,882,25],"class_list":{"0":"post-609470","1":"post","2":"type-post","3":"status-publish","4":"format-standard","5":"has-post-thumbnail","7":"category-nice","8":"tag-actu","9":"tag-actualites","10":"tag-eu","11":"tag-europe","12":"tag-fr","13":"tag-france","14":"tag-news","15":"tag-nice","16":"tag-provence-alpes-cote-dazur","17":"tag-republique-francaise"},"share_on_mastodon":{"url":"https:\/\/pubeurope.com\/@fr\/115746212750427547","error":""},"_links":{"self":[{"href":"https:\/\/www.europesays.com\/fr\/wp-json\/wp\/v2\/posts\/609470","targetHints":{"allow":["GET"]}}],"collection":[{"href":"https:\/\/www.europesays.com\/fr\/wp-json\/wp\/v2\/posts"}],"about":[{"href":"https:\/\/www.europesays.com\/fr\/wp-json\/wp\/v2\/types\/post"}],"author":[{"embeddable":true,"href":"https:\/\/www.europesays.com\/fr\/wp-json\/wp\/v2\/users\/2"}],"replies":[{"embeddable":true,"href":"https:\/\/www.europesays.com\/fr\/wp-json\/wp\/v2\/comments?post=609470"}],"version-history":[{"count":0,"href":"https:\/\/www.europesays.com\/fr\/wp-json\/wp\/v2\/posts\/609470\/revisions"}],"wp:featuredmedia":[{"embeddable":true,"href":"https:\/\/www.europesays.com\/fr\/wp-json\/wp\/v2\/media\/609471"}],"wp:attachment":[{"href":"https:\/\/www.europesays.com\/fr\/wp-json\/wp\/v2\/media?parent=609470"}],"wp:term":[{"taxonomy":"category","embeddable":true,"href":"https:\/\/www.europesays.com\/fr\/wp-json\/wp\/v2\/categories?post=609470"},{"taxonomy":"post_tag","embeddable":true,"href":"https:\/\/www.europesays.com\/fr\/wp-json\/wp\/v2\/tags?post=609470"}],"curies":[{"name":"wp","href":"https:\/\/api.w.org\/{rel}","templated":true}]}}