{"id":609492,"date":"2025-12-19T12:35:13","date_gmt":"2025-12-19T12:35:13","guid":{"rendered":"https:\/\/www.europesays.com\/fr\/609492\/"},"modified":"2025-12-19T12:35:13","modified_gmt":"2025-12-19T12:35:13","slug":"un-homme-gravement-blesse-par-balles-sur-fond-de-guerre-des-gangs","status":"publish","type":"post","link":"https:\/\/www.europesays.com\/fr\/609492\/","title":{"rendered":"Un homme gravement bless\u00e9 par balles sur fond de \u00ab\u00a0guerre des gangs\u00a0\u00bb"},"content":{"rendered":"<p>Un homme a \u00e9t\u00e9 gri\u00e8vement bless\u00e9 par des tirs d\u2019arme \u00e0 feu dans la nuit de jeudi \u00e0 ce vendredi \u00e0 <a href=\"https:\/\/www.20minutes.fr\/dossier\/vaulx-en-velin\" class=\"c-link c-link--is-underlined\" target=\"_blank\" rel=\"noopener\">Vaulx-en-Velin<\/a> (<a href=\"https:\/\/www.20minutes.fr\/dossier\/rhone\" class=\"c-link c-link--is-underlined\" target=\"_blank\" rel=\"noopener\">Rh\u00f4ne<\/a>), pr\u00e8s de <a href=\"https:\/\/www.20minutes.fr\/lyon\/\" class=\"c-link c-link--is-underlined\" target=\"_blank\" rel=\"noopener\">Lyon<\/a>. Son pronostic vital est engag\u00e9, a indiqu\u00e9 le parquet. Une enqu\u00eate a \u00e9t\u00e9 ouverte pour tentative d\u2019homicide volontaire, confi\u00e9e \u00e0 la DCOS (division de la criminalit\u00e9 organis\u00e9e et sp\u00e9cialis\u00e9e) pour d\u00e9terminer les circonstances des faits, pr\u00e9cise le parquet.<\/p>\n<p>Selon une source polici\u00e8re, les faits sont survenus vers 1 heure du matin \u00e0 proximit\u00e9 d\u2019un point de vente de drogue, la victime, \u00e2g\u00e9e d\u2019environ une vingtaine d\u2019ann\u00e9es, a \u00e9t\u00e9 retrouv\u00e9e dans une voiture. En avril, un guetteur de 19 ans avait d\u00e9j\u00e0 \u00e9t\u00e9 tu\u00e9 de plusieurs balles pr\u00e8s d\u2019un point de deal d\u2019un quartier sensible de Vaulx-en-Velin, sur fond de \u00ab\u00a0guerre des gangs\u00a0\u00bb selon les autorit\u00e9s. Douze jours plus tard, le tireur pr\u00e9sum\u00e9, \u00e2g\u00e9 de 18 ans, recrut\u00e9 sur les r\u00e9seaux sociaux et venu de la r\u00e9gion parisienne, avait \u00e9t\u00e9 mis en examen pour meurtre. Un d\u00e9tenu de <a href=\"https:\/\/www.20minutes.fr\/dossier\/corbas\" class=\"c-link c-link--is-underlined\" target=\"_blank\" rel=\"noopener\">Corbas<\/a>, pr\u00e8s de Lyon, soup\u00e7onn\u00e9 d\u2019avoir t\u00e9l\u00e9guid\u00e9 le meurtre depuis sa cellule pour \u00e9liminer la concurrence sur ce point de deal tr\u00e8s actif, a \u00e9galement \u00e9t\u00e9 mis en examen dans ce dossier.<\/p>\n","protected":false},"excerpt":{"rendered":"Un homme a \u00e9t\u00e9 gri\u00e8vement bless\u00e9 par des tirs d\u2019arme \u00e0 feu dans la nuit de jeudi \u00e0&hellip;\n","protected":false},"author":2,"featured_media":609493,"comment_status":"","ping_status":"","sticky":false,"template":"","format":"standard","meta":{"footnotes":""},"categories":[1889],"tags":[1111,47,11,2430,1777,674,118,3561,1011,27,2428,12,25,2429,2431,5070],"class_list":{"0":"post-609492","1":"post","2":"type-post","3":"status-publish","4":"format-standard","5":"has-post-thumbnail","7":"category-lyon","8":"tag-actu","9":"tag-actualite","10":"tag-actualites","11":"tag-auvergne-rhone-alpes","12":"tag-eu","13":"tag-europe","14":"tag-faits-divers","15":"tag-faits-divers-lyon","16":"tag-fr","17":"tag-france","18":"tag-lyon","19":"tag-news","20":"tag-republique-francaise","21":"tag-rhone","22":"tag-rhone-alpes","23":"tag-vaulx-en-velin"},"share_on_mastodon":{"url":"https:\/\/pubeurope.com\/@fr\/115746263725171385","error":""},"_links":{"self":[{"href":"https:\/\/www.europesays.com\/fr\/wp-json\/wp\/v2\/posts\/609492","targetHints":{"allow":["GET"]}}],"collection":[{"href":"https:\/\/www.europesays.com\/fr\/wp-json\/wp\/v2\/posts"}],"about":[{"href":"https:\/\/www.europesays.com\/fr\/wp-json\/wp\/v2\/types\/post"}],"author":[{"embeddable":true,"href":"https:\/\/www.europesays.com\/fr\/wp-json\/wp\/v2\/users\/2"}],"replies":[{"embeddable":true,"href":"https:\/\/www.europesays.com\/fr\/wp-json\/wp\/v2\/comments?post=609492"}],"version-history":[{"count":0,"href":"https:\/\/www.europesays.com\/fr\/wp-json\/wp\/v2\/posts\/609492\/revisions"}],"wp:featuredmedia":[{"embeddable":true,"href":"https:\/\/www.europesays.com\/fr\/wp-json\/wp\/v2\/media\/609493"}],"wp:attachment":[{"href":"https:\/\/www.europesays.com\/fr\/wp-json\/wp\/v2\/media?parent=609492"}],"wp:term":[{"taxonomy":"category","embeddable":true,"href":"https:\/\/www.europesays.com\/fr\/wp-json\/wp\/v2\/categories?post=609492"},{"taxonomy":"post_tag","embeddable":true,"href":"https:\/\/www.europesays.com\/fr\/wp-json\/wp\/v2\/tags?post=609492"}],"curies":[{"name":"wp","href":"https:\/\/api.w.org\/{rel}","templated":true}]}}