{"id":609515,"date":"2025-12-19T12:49:13","date_gmt":"2025-12-19T12:49:13","guid":{"rendered":"https:\/\/www.europesays.com\/fr\/609515\/"},"modified":"2025-12-19T12:49:13","modified_gmt":"2025-12-19T12:49:13","slug":"le-conclave-des-parlementaires-a-echoue-lecornu-va-demander-une-loi-speciale","status":"publish","type":"post","link":"https:\/\/www.europesays.com\/fr\/609515\/","title":{"rendered":"Le conclave des parlementaires a \u00e9chou\u00e9, Lecornu va demander une loi sp\u00e9ciale"},"content":{"rendered":"<p>D\u00e9put\u00e9s et <a href=\"https:\/\/www.20minutes.fr\/dossier\/senateur\" class=\"c-link c-link--is-underlined\" target=\"_blank\" rel=\"noopener\">s\u00e9nateurs<\/a> ont \u00e9chou\u00e9 \u00e0 s\u2019entendre, vendredi, sur le <a href=\"https:\/\/www.20minutes.fr\/economie\/budget\/\" class=\"c-link c-link--is-underlined\" target=\"_blank\" rel=\"noopener\">budget <\/a>de l\u2019\u00c9tat, \u00e9cartant la perspective d\u2019un texte adopt\u00e9 avant la fin de l\u2019ann\u00e9e. \u00ab\u00a0Le <a href=\"https:\/\/www.20minutes.fr\/dossier\/conseil-etat\" class=\"c-link c-link--is-underlined\" target=\"_blank\" rel=\"noopener\">Conseil d\u2019Etat<\/a> va \u00eatre saisi d\u2019un projet de loi sp\u00e9ciale\u00a0\u00bb, \u00e9crivent les services du Premier ministre.<\/p>\n<\/p>\n<p>Une loi sp\u00e9ciale est un texte technique qui reporte les cr\u00e9dits de\u00a02025 et permet d\u2019assurer la continuit\u00e9 de l\u2019Etat, notamment le pr\u00e9l\u00e8vement des imp\u00f4ts, avant une reprise des discussions budg\u00e9taires en d\u00e9but d\u2019ann\u00e9e. Cette proc\u00e9dure exceptionnelle, d\u00e9j\u00e0 activ\u00e9e l\u2019an dernier apr\u00e8s la chute du gouvernement <a href=\"https:\/\/www.20minutes.fr\/dossier\/michel_barnier\" class=\"c-link c-link--is-underlined\" target=\"_blank\" rel=\"noopener\">Barnier<\/a>, devrait \u00eatre examin\u00e9e par les deux chambres au d\u00e9but de la semaine prochaine.<\/p>\n<p>Le Premier ministre a annonc\u00e9 r\u00e9unir, \u00e0 partir de lundi, les principaux responsables politiques pour les \u00ab\u00a0consulter sur la marche \u00e0 suivre pour prot\u00e9ger les Fran\u00e7ais et trouver les conditions d\u2019une solution\u00a0\u00bb.<\/p>\n<p>Echec de la commission mixte paritaire<\/p>\n<p>L\u2019\u00e9chec de la commission mixte paritaire, o\u00f9 sept d\u00e9put\u00e9s et s\u00e9nateurs n\u2019ont pas r\u00e9ussi \u00e0 s\u2019entendre, marque la fin de deux mois de discussions parlementaires autour de ce texte financier crucial. L\u2019Assembl\u00e9e l\u2019avait rejet\u00e9 en votant contre sa premi\u00e8re partie sur les recettes. Le S\u00e9nat avait, lui, adopt\u00e9 le texte du gouvernement, mais dans une version profond\u00e9ment remani\u00e9e.<\/p>\n<p>D\u00e8s le d\u00e9part, le compromis semblait quasi impossible entre une droite s\u00e9natoriale attach\u00e9e aux \u00e9conomies et aux baisses d\u2019imp\u00f4ts et une Assembl\u00e9e o\u00f9 la gauche r\u00e9clamait plus de recettes et moins de coupes budg\u00e9taires. Le pari de S\u00e9bastien Lecornu de faire adopter le budget sans recours au 49.3 dans une chambre basse sans majorit\u00e9 \u00e9tait particuli\u00e8rement ambitieux.<\/p>\n<p>Echec pour S\u00e9bastien Lecornu<\/p>\n<p>C\u2019est donc un \u00e9chec pour le Premier ministre, m\u00eame s\u2019il aura r\u00e9ussi \u00e0 faire adopter mardi l\u2019autre budget, celui de la S\u00e9curit\u00e9 sociale. Dans l\u2019ex\u00e9cutif et \u00e0 l\u2019Assembl\u00e9e nationale, le coupable est tout d\u00e9sign\u00e9\u00a0: les s\u00e9nateurs LR, accus\u00e9s d\u2019intransigeance sur les recettes \u00e0 trouver. Le patron du Parti socialiste Olivier Faure a ainsi accus\u00e9 la droite s\u00e9natoriale de \u00ab\u00a0faire le choix de bloquer le pays\u00a0\u00bb. Au Palais du Luxembourg, o\u00f9 les s\u00e9nateurs ont r\u00e9clam\u00e9 au Premier ministre d\u2019utiliser un 49.3 pour faire accepter une copie moins gourmande en imp\u00f4ts, on renvoie la balle \u00e0 Matignon.<\/p>\n<p>Le rapporteur g\u00e9n\u00e9ral du budget au S\u00e9nat, Jean-Fran\u00e7ois Husson (LR) a d\u00e9nonc\u00e9 au cours de la r\u00e9union n\u2019avoir eu \u00ab\u00a0aucune aide pour b\u00e2tir un consensus\u00a0\u00bb du gouvernement, estimant que ce dernier ne souhaitait en r\u00e9alit\u00e9 pas aboutir \u00e0 un compromis.<\/p>\n<p><a href=\"https:\/\/www.20minutes.fr\/economie\/budget\/\" class=\"c-link c-btn c-btn--primary\" target=\"_blank\" rel=\"noopener\">Notre dossier sur le budget<\/a><\/p>\n<p>Selon des sources parlementaires, le gouvernement ne voulait pas que la commission aboutisse \u00e0 un texte qui ne puisse \u00eatre adopt\u00e9 dans l\u2019h\u00e9micycle. Ecologistes, insoumis, communistes et RN avaient d\u00e9j\u00e0 annonc\u00e9 leur ferme intention de voter contre le texte.<\/p>\n<p>La ministre des Comptes publics Am\u00e9lie de\u00a0Montchalin, a rappel\u00e9 sur TF1 le co\u00fbt de la loi sp\u00e9ciale\u00a0: \u00ab\u00a0L\u2019an dernier, on avait estim\u00e9 \u00e0 12\u00a0milliards le co\u00fbt d\u2019avoir six \u00e0 huit semaines sans budget.\u00a0\u00bb<\/p>\n","protected":false},"excerpt":{"rendered":"D\u00e9put\u00e9s et s\u00e9nateurs ont \u00e9chou\u00e9 \u00e0 s\u2019entendre, vendredi, sur le budget de l\u2019\u00c9tat, \u00e9cartant la perspective d\u2019un texte&hellip;\n","protected":false},"author":2,"featured_media":609516,"comment_status":"","ping_status":"","sticky":false,"template":"","format":"standard","meta":{"footnotes":""},"categories":[2],"tags":[47,11,416,1003,2760,33,1011,27,12,25,11067,1004],"class_list":{"0":"post-609515","1":"post","2":"type-post","3":"status-publish","4":"format-standard","5":"has-post-thumbnail","7":"category-actualites","8":"tag-actualite","9":"tag-actualites","10":"tag-assemblee-nationale","11":"tag-budget","12":"tag-conseil-detat","13":"tag-economie","14":"tag-fr","15":"tag-france","16":"tag-news","17":"tag-republique-francaise","18":"tag-sebastien-lecornu","19":"tag-senat"},"share_on_mastodon":{"url":"https:\/\/pubeurope.com\/@fr\/115746318894695402","error":""},"_links":{"self":[{"href":"https:\/\/www.europesays.com\/fr\/wp-json\/wp\/v2\/posts\/609515","targetHints":{"allow":["GET"]}}],"collection":[{"href":"https:\/\/www.europesays.com\/fr\/wp-json\/wp\/v2\/posts"}],"about":[{"href":"https:\/\/www.europesays.com\/fr\/wp-json\/wp\/v2\/types\/post"}],"author":[{"embeddable":true,"href":"https:\/\/www.europesays.com\/fr\/wp-json\/wp\/v2\/users\/2"}],"replies":[{"embeddable":true,"href":"https:\/\/www.europesays.com\/fr\/wp-json\/wp\/v2\/comments?post=609515"}],"version-history":[{"count":0,"href":"https:\/\/www.europesays.com\/fr\/wp-json\/wp\/v2\/posts\/609515\/revisions"}],"wp:featuredmedia":[{"embeddable":true,"href":"https:\/\/www.europesays.com\/fr\/wp-json\/wp\/v2\/media\/609516"}],"wp:attachment":[{"href":"https:\/\/www.europesays.com\/fr\/wp-json\/wp\/v2\/media?parent=609515"}],"wp:term":[{"taxonomy":"category","embeddable":true,"href":"https:\/\/www.europesays.com\/fr\/wp-json\/wp\/v2\/categories?post=609515"},{"taxonomy":"post_tag","embeddable":true,"href":"https:\/\/www.europesays.com\/fr\/wp-json\/wp\/v2\/tags?post=609515"}],"curies":[{"name":"wp","href":"https:\/\/api.w.org\/{rel}","templated":true}]}}