{"id":609517,"date":"2025-12-19T12:50:25","date_gmt":"2025-12-19T12:50:25","guid":{"rendered":"https:\/\/www.europesays.com\/fr\/609517\/"},"modified":"2025-12-19T12:50:25","modified_gmt":"2025-12-19T12:50:25","slug":"en-france-33-des-musulmans-estiment-que-la-charia-a-vocation-a-sappliquer-partout-dans-le-monde","status":"publish","type":"post","link":"https:\/\/www.europesays.com\/fr\/609517\/","title":{"rendered":"En France, 33% des musulmans estiment que la charia a vocation \u00e0 s\u2019appliquer partout dans le monde"},"content":{"rendered":"<p>\n    Le deuxi\u00e8me volet du sondage de l\u2019Ifop pour \u00c9cran de veille mesure l\u2019influence de l\u2019islamisme politique, notamment fr\u00e9riste, au sein de l\u2019islam de France.<\/p>\n<p class=\"fig-paragraph\">Un mois apr\u00e8s\u00a0<a href=\"http:\/\/www.lefigaro.fr\/actualite-france\/en-france-la-tentation-islamiste-gagne-du-terrain-dans-la-jeune-generation-musulmane-20251117\" data-fig-type=\"Article\" data-gtm-custom-categorie=\"navigation\" data-gtm-custom-action=\"crossclick\" data-gtm-custom-label=\"Contextuel\" data-gtm-event=\"customEventSPE\" data-fig-domain=\"LEFIGARO\" target=\"_blank\" rel=\"noopener\">un premier volet consacr\u00e9 \u00e0 la r\u00e9islamisation et \u00e0 la radicalit\u00e9 religieuse<\/a>, l\u2019Ifop publie ce vendredi 19 d\u00e9cembre la seconde partie de son enqu\u00eate pour la revue \u00c9cran de veille. Cette seconde partie s\u2019int\u00e9resse non plus aux pratiques, mais aux repr\u00e9sentations politiques et id\u00e9ologiques li\u00e9es \u00e0 l\u2019islam, et notamment \u00e0 l\u2019influence de l\u2019islamisme politique, \u00e0 travers<a href=\"http:\/\/www.lefigaro.fr\/international\/freres-musulmans-onze-ans-avant-le-rapport-choc-du-gouvernement-francais-les-britanniques-alertaient-deja-sur-la-menace-20250522\" data-fig-type=\"Article\" data-gtm-custom-categorie=\"navigation\" data-gtm-custom-action=\"crossclick\" data-gtm-custom-label=\"Contextuel\" data-gtm-event=\"customEventSPE\" data-fig-domain=\"LEFIGARO\" target=\"_blank\" rel=\"noopener\">\u00a0la confr\u00e9rie des Fr\u00e8res musulmans<\/a>. L\u2019\u00e9tude a \u00e9t\u00e9 r\u00e9alis\u00e9e aupr\u00e8s de 1005 personnes se d\u00e9clarant de religion musulmane, \u00e2g\u00e9es de 15 ans et plus, r\u00e9sidant en France m\u00e9tropolitaine.<\/p>\n<p class=\"fig-paragraph\">Le premier enseignement est clair\u00a0: la majorit\u00e9 des musulmans interrog\u00e9s se disent \u00e9loign\u00e9s du fr\u00e9risme, mais une minorit\u00e9 significative s\u2019en revendique. 23% d\u00e9clarent se sentir proches du courant de pens\u00e9e des Fr\u00e8res musulmans. Cette proximit\u00e9 id\u00e9ologique varie fortement selon l\u2019\u00e2ge. Elle concerne 32% des musulmans de moins de 25 ans et 27% des 25-34 ans, avant de chuter \u00e0 11% chez les 35-49 ans et 16% chez les 50 ans et plus. Les\u2026<\/p>\n<p class=\"fig-premium-paywall__infos\">\n        Cet article est r\u00e9serv\u00e9 aux abonn\u00e9s.        Il vous reste 81% \u00e0 d\u00e9couvrir.\n    <\/p>\n<p>                <img  data- alt=\"Le Figaro\" class=\"fig-img--complete fig-img\"\/><\/p>\n<p class=\"fig-premium-paywall__title\">Vous avez envie de lire la suite ?<\/p>\n<p class=\"fig-premium-paywall__subtitle\">D\u00e9bloquez tous les articles imm\u00e9diatement.<\/p>\n<p class=\"fig-premium-paywall__connect\">\n                D\u00e9j\u00e0 abonn\u00e9\u00a0?                <a class=\"fig-premium-paywall__connect-link\" href=\"https:\/\/connect.lefigaro.fr\/login?client=horizon_web&amp;type=main&amp;redirect_uri=https%3A%2F%2Fwww.lefigaro.fr%2Factualite-france%2Fen-france-33-des-musulmans-estiment-que-la-charia-a-une-vocation-universelle-a-s-appliquer-partout-dans-le-monde-20251219\" data-js-gtm=\"{&quot;customCategorie&quot;: &quot;conversion&quot;, &quot;customAction&quot;: &quot;before_Landing_Connexion_paywall_auto&quot;, &quot;customLabel&quot;: &quot;bGVmaWdhcm8uZnJfXzFmMGRjMWZkLTJlZWYtNmJlYS04MjMwLTQzM2IxNmU3MjZiZl9fQXJ0aWNsZQ==_En France, 33% des musulmans estiment que la charia a vocation \u00e0 s\u2019appliquer partout dans le monde_440&quot;, &quot;customIDSPE&quot;: &quot;bGVmaWdhcm8uZnJfXzFmMGRjMWZkLTJlZWYtNmJlYS04MjMwLTQzM2IxNmU3MjZiZl9fQXJ0aWNsZQ==&quot;, &quot;event&quot;: &quot;customEventSPE&quot;}\" target=\"_blank\" rel=\"noopener\"><br \/>\n                    Connectez-vous<br \/>\n                <\/a>\n            <\/p>\n","protected":false},"excerpt":{"rendered":"Le deuxi\u00e8me volet du sondage de l\u2019Ifop pour \u00c9cran de veille mesure l\u2019influence de l\u2019islamisme politique, notamment fr\u00e9riste,&hellip;\n","protected":false},"author":2,"featured_media":609518,"comment_status":"","ping_status":"","sticky":false,"template":"","format":"standard","meta":{"footnotes":""},"categories":[2],"tags":[11,1011,27,9305,5318,12,25,13947],"class_list":{"0":"post-609517","1":"post","2":"type-post","3":"status-publish","4":"format-standard","5":"has-post-thumbnail","7":"category-actualites","8":"tag-actualites","9":"tag-fr","10":"tag-france","11":"tag-freres-musulmans","12":"tag-islam","13":"tag-news","14":"tag-republique-francaise","15":"tag-sondage"},"share_on_mastodon":{"url":"https:\/\/pubeurope.com\/@fr\/115746322996057788","error":""},"_links":{"self":[{"href":"https:\/\/www.europesays.com\/fr\/wp-json\/wp\/v2\/posts\/609517","targetHints":{"allow":["GET"]}}],"collection":[{"href":"https:\/\/www.europesays.com\/fr\/wp-json\/wp\/v2\/posts"}],"about":[{"href":"https:\/\/www.europesays.com\/fr\/wp-json\/wp\/v2\/types\/post"}],"author":[{"embeddable":true,"href":"https:\/\/www.europesays.com\/fr\/wp-json\/wp\/v2\/users\/2"}],"replies":[{"embeddable":true,"href":"https:\/\/www.europesays.com\/fr\/wp-json\/wp\/v2\/comments?post=609517"}],"version-history":[{"count":0,"href":"https:\/\/www.europesays.com\/fr\/wp-json\/wp\/v2\/posts\/609517\/revisions"}],"wp:featuredmedia":[{"embeddable":true,"href":"https:\/\/www.europesays.com\/fr\/wp-json\/wp\/v2\/media\/609518"}],"wp:attachment":[{"href":"https:\/\/www.europesays.com\/fr\/wp-json\/wp\/v2\/media?parent=609517"}],"wp:term":[{"taxonomy":"category","embeddable":true,"href":"https:\/\/www.europesays.com\/fr\/wp-json\/wp\/v2\/categories?post=609517"},{"taxonomy":"post_tag","embeddable":true,"href":"https:\/\/www.europesays.com\/fr\/wp-json\/wp\/v2\/tags?post=609517"}],"curies":[{"name":"wp","href":"https:\/\/api.w.org\/{rel}","templated":true}]}}