{"id":609527,"date":"2025-12-19T12:59:12","date_gmt":"2025-12-19T12:59:12","guid":{"rendered":"https:\/\/www.europesays.com\/fr\/609527\/"},"modified":"2025-12-19T12:59:12","modified_gmt":"2025-12-19T12:59:12","slug":"fem-van-empel-seloigne-du-peloton-actualite","status":"publish","type":"post","link":"https:\/\/www.europesays.com\/fr\/609527\/","title":{"rendered":"Fem van Empel s&rsquo;\u00e9loigne du peloton &#8211; Actualit\u00e9"},"content":{"rendered":"<p>Un communiqu\u00e9 de son \u00e9quipe Visma-Lease a Bike annonce que <strong><a href=\"https:\/\/www.directvelo.com\/coureur\/38863\/fem-van-empel\" target=\"_blank\" rel=\"noopener\">Fem Van Empel<\/a><\/strong>\u00a0d\u00e9cide de faire une pause dans sa carri\u00e8re de cycliste professionnelle, pour une dur\u00e9e ind\u00e9termin\u00e9e. \u00ab\u00a0Pendant le Koppenbergcross, mon corps et mon esprit ont donn\u00e9 un signal tr\u00e8s clair (&#8230;) Inconsciemment, la d\u00e9cision se dessinait d\u00e9j\u00e0 \u00e0 l&rsquo;\u00e9poque. C&rsquo;est la bonne \u00e9tape pour moi maintenant\u00a0\u00bb, dit la cycliste de 23 ans dans ce texte. En cons\u00e9quence, \u00ab\u00a0\u00e0 compter du 1er janvier, elle n&rsquo;aura plus d&rsquo;obligation avec l&rsquo;\u00e9quipe\u00a0\u00bb, annonce son groupe sportif.<\/p>\n<p>Ce n&rsquo;est pas la premi\u00e8re fois que <strong><a href=\"https:\/\/www.directvelo.com\/epreuve\/45549\/championnat-du-monde-de-cyclo-cross-femmes-2025\" target=\"_blank\" rel=\"noopener\">la triple Championne du Monde de cyclo-cross en titre<\/a><\/strong> s&rsquo;\u00e9loigne de la comp\u00e9tition. D\u00e9j\u00e0 au mois de mars, apr\u00e8s le Troph\u00e9e Alfredo Binda, Fem van Empel avait d\u00e9cid\u00e9 de faire une premi\u00e8re pause pour se concenter sur sa sant\u00e9 mentale et soigner son physique. Elle avait repris la comp\u00e9tition le 14 septembre \u00e0 La Choralis Fourmies.\u00a0<\/p>\n<p>Fem van Empel a ensuite d\u00e9but\u00e9 la saison de cyclo-cross avec deux victoires avant d&rsquo;abandonner au Koppenbergcross, le 1er novembre. Elle a ensuite\u00a0<a href=\"https:\/\/www.directvelo.com\/actualite\/125146\/fem-van-empel-ne-defendra-pas-son-titre\" target=\"_blank\" rel=\"noopener\"><strong>renonc\u00e9 au Championnat d&rsquo;Europe<\/strong><\/a>.\u00a0<\/p>\n","protected":false},"excerpt":{"rendered":"Un communiqu\u00e9 de son \u00e9quipe Visma-Lease a Bike annonce que Fem Van Empel\u00a0d\u00e9cide de faire une pause dans&hellip;\n","protected":false},"author":2,"featured_media":609528,"comment_status":"","ping_status":"","sticky":false,"template":"","format":"standard","meta":{"footnotes":""},"categories":[1411],"tags":[834,828,836,829,837,827,83,826,824,823,1154,207,814,817,815,816,822,821,832,211,839,1011,27,820,818,819,835,831,830,833,838,60,212,208,825],"class_list":{"0":"post-609527","1":"post","2":"type-post","3":"status-publish","4":"format-standard","5":"has-post-thumbnail","7":"category-cyclisme","8":"tag-attaque","9":"tag-belgique","10":"tag-braquet","11":"tag-bretagne","12":"tag-chute","13":"tag-competition","14":"tag-coupe-de-france","15":"tag-coureur","16":"tag-course-cyclisme","17":"tag-course-cycliste","18":"tag-cycling","19":"tag-cyclisme","20":"tag-direct","21":"tag-direct-velo","22":"tag-directvelo","23":"tag-directvelo-com","24":"tag-epreuve","25":"tag-epreuve-cycliste","26":"tag-federation-francaise-de-cyclisme","27":"tag-ffc","28":"tag-flandres","29":"tag-fr","30":"tag-france","31":"tag-live","32":"tag-live-course","33":"tag-live-epreuve","34":"tag-peloton","35":"tag-radio-peloton","36":"tag-radio-tour","37":"tag-ravitaillement","38":"tag-relance","39":"tag-sports","40":"tag-uci","41":"tag-velo","42":"tag-velos"},"share_on_mastodon":{"url":"https:\/\/pubeurope.com\/@fr\/115746358502949399","error":""},"_links":{"self":[{"href":"https:\/\/www.europesays.com\/fr\/wp-json\/wp\/v2\/posts\/609527","targetHints":{"allow":["GET"]}}],"collection":[{"href":"https:\/\/www.europesays.com\/fr\/wp-json\/wp\/v2\/posts"}],"about":[{"href":"https:\/\/www.europesays.com\/fr\/wp-json\/wp\/v2\/types\/post"}],"author":[{"embeddable":true,"href":"https:\/\/www.europesays.com\/fr\/wp-json\/wp\/v2\/users\/2"}],"replies":[{"embeddable":true,"href":"https:\/\/www.europesays.com\/fr\/wp-json\/wp\/v2\/comments?post=609527"}],"version-history":[{"count":0,"href":"https:\/\/www.europesays.com\/fr\/wp-json\/wp\/v2\/posts\/609527\/revisions"}],"wp:featuredmedia":[{"embeddable":true,"href":"https:\/\/www.europesays.com\/fr\/wp-json\/wp\/v2\/media\/609528"}],"wp:attachment":[{"href":"https:\/\/www.europesays.com\/fr\/wp-json\/wp\/v2\/media?parent=609527"}],"wp:term":[{"taxonomy":"category","embeddable":true,"href":"https:\/\/www.europesays.com\/fr\/wp-json\/wp\/v2\/categories?post=609527"},{"taxonomy":"post_tag","embeddable":true,"href":"https:\/\/www.europesays.com\/fr\/wp-json\/wp\/v2\/tags?post=609527"}],"curies":[{"name":"wp","href":"https:\/\/api.w.org\/{rel}","templated":true}]}}