{"id":609535,"date":"2025-12-19T13:05:15","date_gmt":"2025-12-19T13:05:15","guid":{"rendered":"https:\/\/www.europesays.com\/fr\/609535\/"},"modified":"2025-12-19T13:05:15","modified_gmt":"2025-12-19T13:05:15","slug":"canal-solde-son-litige-avec-le-fisc","status":"publish","type":"post","link":"https:\/\/www.europesays.com\/fr\/609535\/","title":{"rendered":"Canal+ solde son litige avec le fisc"},"content":{"rendered":"<p>\n    Un d\u00e9saccord opposait depuis plusieurs ann\u00e9es le groupe audiovisuel et Bercy sur le taux de TVA \u00e0 appliquer sur ses offres d\u2019abonnement. Canal+ devra verser 363 millions d\u2019euros.<\/p>\n<p class=\"fig-paragraph\">Le point final d\u2019un dossier au long cours. Canal+ a annonc\u00e9 vendredi qu\u2019il venait de solder le litige autour de la TVA l\u2019opposant au fisc. Les deux parties ont trouv\u00e9 un terrain d\u2019entente. Pour mettre fin \u00e0 ce diff\u00e9rend,\u00a0<a href=\"http:\/\/www.lefigaro.fr\/medias\/a-londres-canal-en-operation-seduction-avant-son-introduction-en-bourse-20241118\" data-fig-type=\"Article\" data-gtm-custom-categorie=\"navigation\" data-gtm-custom-action=\"crossclick\" data-gtm-custom-label=\"Contextuel\" data-gtm-event=\"customEventSPE\" data-fig-domain=\"LEFIGARO\" target=\"_blank\" rel=\"noopener\">le groupe audiovisuel cot\u00e9 \u00e0 la Bourse de Londres<\/a>\u00a0va s\u2019acquitter de la somme de 363 millions d\u2019euros.<\/p>\n<p class=\"fig-paragraph\">Il y a un an, \u00e0 l\u2019\u00e9poque de son introduction en Bourse,\u00a0<a href=\"http:\/\/www.lefigaro.fr\/medias\/maxime-saada-canal-est-passe-d-un-champion-national-francais-a-un-acteur-capable-de-rivaliser-avec-les-geants-mondiaux-du-streaming-20251216\" data-fig-type=\"Article\" data-gtm-custom-categorie=\"navigation\" data-gtm-custom-action=\"crossclick\" data-gtm-custom-label=\"Contextuel\" data-gtm-event=\"customEventSPE\" data-fig-domain=\"LEFIGARO\" target=\"_blank\" rel=\"noopener\">le groupe dirig\u00e9 par Maxime Saada<\/a>\u00a0avait fait \u00e9tat de plusieurs notifications de la part des autorit\u00e9s fiscales au sujet d\u2019un d\u00e9saccord sur le taux de TVA \u00e0 appliquer \u00e0 ses offres d\u2019abonnement, et portant sur la p\u00e9riode 2017 \u00e0 2021. Pour ces ann\u00e9es pass\u00e9es, consid\u00e9rant que Canal+ aurait d\u00fb appliquer un taux de 20% au lieu de 10%, l\u2019administration r\u00e9clamait un \u00abredressement fiscal\u00bb de l\u2019ordre de 655 millions d\u2019euros. Mais en r\u00e9alit\u00e9, la somme \u00e9tait bien plus importante, puisque n\u2019ayant pas \u00e9t\u00e9 r\u00e9gl\u00e9, le litige courrait toujours pour 2022 et les ann\u00e9es suivantes. On peut l\u2019estimer au double. Le risque qui pesait sur le groupe \u00e9tait donc important.<\/p>\n<p>                                            <a class=\"fig-a11y-skip\" href=\"#fig-a11y-skip-main-inarticle\" data-module=\"a11y-skip\" data-context=\"was @visible\"><br \/>\n    Passer la publicit\u00e9<br \/>\n<\/a>            <\/p>\n<p class=\"fig-paragraph\">Apr\u00e8s des ann\u00e9es de n\u00e9gociation, les deux parties viennent de tomber d\u2019accord sur la somme de 363 millions d\u2019euros. \u00c0 pr\u00e9sent, tous les sujets de litiges fiscaux de Canal+ sont donc d\u00e9sormais derri\u00e8re lui. Le premier, avec le Centre National du Cin\u00e9ma (CNC), a trouv\u00e9 une issue en juin. Les deux autres concernaient le diff\u00e9rend autour du taux de la TVA. Le r\u00e9gime applicable \u00e0 Canal+ a \u00e9t\u00e9 fix\u00e9 en septembre. Le taux r\u00e9duit de 10% continuera d\u2019\u00eatre appliqu\u00e9 \u00e0 ses services de t\u00e9l\u00e9vision lin\u00e9aire, qui repr\u00e9sente toujours l\u2019essentiel de l\u2019activit\u00e9 en France, le taux de 20% s\u2019appliquant uniquement \u00e0 la partie SVOD. Restait encore \u00e0 r\u00e9gler l\u2019ardoise. C\u2019est d\u00e9sormais chose faite.<\/p>\n","protected":false},"excerpt":{"rendered":"Un d\u00e9saccord opposait depuis plusieurs ann\u00e9es le groupe audiovisuel et Bercy sur le taux de TVA \u00e0 appliquer&hellip;\n","protected":false},"author":2,"featured_media":609536,"comment_status":"","ping_status":"","sticky":false,"template":"","format":"standard","meta":{"footnotes":""},"categories":[1356],"tags":[10474,58,59,1011,27,252,1364,7121],"class_list":{"0":"post-609535","1":"post","2":"type-post","3":"status-publish","4":"format-standard","5":"has-post-thumbnail","7":"category-television","8":"tag-canal","9":"tag-divertissement","10":"tag-entertainment","11":"tag-fr","12":"tag-france","13":"tag-television","14":"tag-tv","15":"tag-tva"},"share_on_mastodon":{"url":"https:\/\/pubeurope.com\/@fr\/115746381885345200","error":""},"_links":{"self":[{"href":"https:\/\/www.europesays.com\/fr\/wp-json\/wp\/v2\/posts\/609535","targetHints":{"allow":["GET"]}}],"collection":[{"href":"https:\/\/www.europesays.com\/fr\/wp-json\/wp\/v2\/posts"}],"about":[{"href":"https:\/\/www.europesays.com\/fr\/wp-json\/wp\/v2\/types\/post"}],"author":[{"embeddable":true,"href":"https:\/\/www.europesays.com\/fr\/wp-json\/wp\/v2\/users\/2"}],"replies":[{"embeddable":true,"href":"https:\/\/www.europesays.com\/fr\/wp-json\/wp\/v2\/comments?post=609535"}],"version-history":[{"count":0,"href":"https:\/\/www.europesays.com\/fr\/wp-json\/wp\/v2\/posts\/609535\/revisions"}],"wp:featuredmedia":[{"embeddable":true,"href":"https:\/\/www.europesays.com\/fr\/wp-json\/wp\/v2\/media\/609536"}],"wp:attachment":[{"href":"https:\/\/www.europesays.com\/fr\/wp-json\/wp\/v2\/media?parent=609535"}],"wp:term":[{"taxonomy":"category","embeddable":true,"href":"https:\/\/www.europesays.com\/fr\/wp-json\/wp\/v2\/categories?post=609535"},{"taxonomy":"post_tag","embeddable":true,"href":"https:\/\/www.europesays.com\/fr\/wp-json\/wp\/v2\/tags?post=609535"}],"curies":[{"name":"wp","href":"https:\/\/api.w.org\/{rel}","templated":true}]}}