{"id":609541,"date":"2025-12-19T13:08:20","date_gmt":"2025-12-19T13:08:20","guid":{"rendered":"https:\/\/www.europesays.com\/fr\/609541\/"},"modified":"2025-12-19T13:08:20","modified_gmt":"2025-12-19T13:08:20","slug":"lepre-en-europe-faut-il-craindre-un-retour-de-la-maladie","status":"publish","type":"post","link":"https:\/\/www.europesays.com\/fr\/609541\/","title":{"rendered":"L\u00e8pre en Europe : faut-il craindre un retour de la maladie ?"},"content":{"rendered":"<p>             <a href=\"https:\/\/ma-sante.news\/wp-content\/uploads\/2025\/12\/La-lepre-de-retour-en-Europe-faut-il-sinquieter-Ma-Sante.jpeg\" data-caption=\"90 \u00e0 95 % de la population mondiale poss\u00e8de une immunit\u00e9 naturelle contre la bact\u00e9rie responsable de la l\u00e8pre. \u00a9 Freepik\" target=\"_blank\" rel=\"noopener\"><img loading=\"lazy\" decoding=\"async\" width=\"696\" height=\"464\" class=\"entry-thumb td-modal-image ewww_webp_lazy_load\" src=\"data:image\/svg+xml,%3Csvg%20xmlns=\" http:=\"\" data-lazy- data-lazy- alt=\"Une femme qui pr\u00e9sente les sympt\u00f4mes de la l\u00e8pre.\" title=\"La le\u0300pre de retour en Europe faut il s\u2019inquie\u0301ter Ma Sante\u0301\" data-lazy-src=\"https:\/\/www.europesays.com\/fr\/wp-content\/uploads\/2025\/12\/La-lepre-de-retour-en-Europe-faut-il-sinquieter-Ma-Sante-696x464.jpeg\" data-lazy-src-webp=\"https:\/\/www.europesays.com\/fr\/wp-content\/uploads\/2025\/12\/La-lepre-de-retour-en-Europe-faut-il-sinquieter-Ma-Sante-696x464.jpeg.webp\" data-lazy-srcset-webp=\"https:\/\/www.europesays.com\/fr\/wp-content\/uploads\/2025\/12\/La-lepre-de-retour-en-Europe-faut-il-sinquieter-Ma-Sante-696x464.jpeg.webp 696w, https:\/\/ma-sante.news\/wp-content\/uploads\/2025\/12\/La-lepre-de-retour-en-Europe-faut-il-sinquieter-Ma-Sante-300x200.jpeg.webp 300w, https:\/\/ma-sante.news\/wp-content\/uploads\/2025\/12\/La-lepre-de-retour-en-Europe-faut-il-sinquieter-Ma-Sante-768x512.jpeg.webp 768w, https:\/\/ma-sante.news\/wp-content\/uploads\/2025\/12\/La-lepre-de-retour-en-Europe-faut-il-sinquieter-Ma-Sante-630x420.jpeg.webp 630w, https:\/\/ma-sante.news\/wp-content\/uploads\/2025\/12\/La-lepre-de-retour-en-Europe-faut-il-sinquieter-Ma-Sante.jpeg.webp 800w\"\/><\/a>90 \u00e0 95 % de la population mondiale poss\u00e8de une immunit\u00e9 naturelle contre la bact\u00e9rie responsable de la l\u00e8pre. \u00a9 Freepik                                    \t\t\t             <a class=\"gofollow\" data-track=\"MjgsMCw2MA==\" href=\"https:\/\/ma-sante.news\/inscrivez-vous-a-notre-newsletter\/\" target=\"_blank\" rel=\"noopener\"><img loading=\"lazy\" decoding=\"async\" width=\"1068\" height=\"131\" src=\"data:image\/svg+xml,%3Csvg%20xmlns=\" http:=\"\" data-lazy-src=\"https:\/\/www.europesays.com\/fr\/wp-content\/uploads\/2025\/03\/banniere-newsletter.png\"\/><\/a> <\/p>\n<p>Voil\u00e0 une maladie que l\u2019on pensait perdue dans les couloirs du temps. \u00c0 tort. Nombreuses sont <a href=\"https:\/\/ma-sante.news\/tuberculose-peste-lepre-retour-maladies-disparues-2964\/\" target=\"_blank\" rel=\"noopener\">les vieilles pathologies \u00e0 refaire surface<\/a>, comme c\u2019est actuellement le cas pour la l\u00e8pre. <\/p>\n<p>En Roumanie, l\u2019alerte est partie de la ville de Cluj-Napoca, dans le nord-ouest du pays. Deux cas de l\u00e8pre y ont \u00e9t\u00e9 formellement confirm\u00e9s, une premi\u00e8re depuis plus de quarante ans. <\/p>\n<p>Les patientes, de jeunes femmes originaires d\u2019Indon\u00e9sie, exer\u00e7aient comme masseuses dans un centre thermal local. Rapidement prises en charge, elles ont \u00e9t\u00e9 mises sous traitement, tandis que les autorit\u00e9s sanitaires ont engag\u00e9 une enqu\u00eate \u00e9pid\u00e9miologique. Deux autres personnes, identifi\u00e9es comme cas suspects, font toujours l\u2019objet d\u2019analyses cliniques et microbiologiques compl\u00e9mentaires.<\/p>\n<p>En Croatie, la situation est diff\u00e9rente. Un seul cas, isol\u00e9, a \u00e9t\u00e9 confirm\u00e9, le premier depuis trois d\u00e9cennies. Il concerne un travailleur d\u2019origine n\u00e9palaise, install\u00e9 dans le pays depuis environ deux ans.<\/p>\n<p>        L\u00e8pre : de quoi parle-t-on exactement ?\u00a0    <strong>La l\u00e8pre : une infection rare et peu contagieuse<\/strong>    <\/p>\n<p>La l\u00e8pre n\u2019est pas une maladie hautement transmissible comme <a href=\"https:\/\/ma-sante.news\/epidemie-grippe-variant-k-vraiment-plus-dangereux\/\" target=\"_blank\" rel=\"noopener\">la grippe<\/a> ou <a href=\"https:\/\/ma-sante.news\/maladie-peut-on-echapper-a-la-varicelle\/\" target=\"_blank\" rel=\"noopener\">la varicelle<\/a>. Elle est caus\u00e9e par une bact\u00e9rie, Mycobacterium leprae, qui s\u2019attaque principalement \u00e0 la peau et aux nerfs p\u00e9riph\u00e9riques. Contrairement \u00e0 ce que racontaient les r\u00e9cits d\u2019antan, la transmission n\u00e9cessite un contact \u00e9troit et prolong\u00e9 avec une personne non trait\u00e9e, souvent sur plusieurs mois.<\/p>\n<p>Autrement dit, ni les poign\u00e9es de main, ni les trajets en bus, ni les situations de vie courante ne constituent des vecteurs efficaces de transmission.<\/p>\n<p>La l\u00e8pre se traite tr\u00e8s bien aujourd\u2019hui gr\u00e2ce \u00e0 des antibiotiques, notamment via une polychimioth\u00e9rapie recommand\u00e9e par l\u2019OMS. D\u00e8s l\u2019amorce du traitement, l\u2019infectiosit\u00e9 diminue rapidement, rendant la personne quasiment non contagieuse en quelques jours.<\/p>\n<p>        <strong>Quels sont les premiers sympt\u00f4mes de la l\u00e8pre ?\u00a0<\/strong>    <\/p>\n<p>La l\u00e8pre est une maladie chronique et \u00e9volutive, dont les signes peuvent appara\u00eetre lentement, parfois plusieurs ann\u00e9es apr\u00e8s la contamination. Les sympt\u00f4mes les plus fr\u00e9quents sont :<\/p>\n<ul class=\"wp-block-list\">\n<li>Des taches sur la peau, plus claires ou rouge\u00e2tres que le reste de l\u2019\u00e9piderme, souvent s\u00e8ches et peu sensibles au toucher<\/li>\n<li>Une perte ou une diminution de la sensibilit\u00e9 \u00e0 la douleur, \u00e0 la chaleur ou au froid, en particulier sur les mains, les pieds ou le visage<\/li>\n<li>Des atteintes des nerfs p\u00e9riph\u00e9riques, pouvant provoquer des engourdissements, des fourmillements ou une faiblesse musculaire<\/li>\n<li>Des l\u00e9sions cutan\u00e9es persistantes, parfois associ\u00e9es \u00e0 un \u00e9paississement de la peau<\/li>\n<li>Dans les formes plus avanc\u00e9es et non trait\u00e9es, des complications neurologiques pouvant entra\u00eener des d\u00e9formations ou des handicaps durables<\/li>\n<\/ul>\n<p>Diagnostiqu\u00e9e pr\u00e9cocement, la l\u00e8pre se traite aujourd\u2019hui efficacement par antibiotiques, ce qui permet d\u2019\u00e9viter l\u2019apparition de s\u00e9quelles et de stopper rapidement la contagiosit\u00e9.<\/p>\n<p>        Pourquoi la l\u00e8pre refait surface maintenant ?\u00a0    <strong>Une question d\u2019importation, pas de r\u00e9surgence<\/strong>    <\/p>\n<p>Ces cas r\u00e9cents ont \u00e9t\u00e9 identifi\u00e9s chez des personnes originaires de r\u00e9gions o\u00f9 la l\u00e8pre est encore pr\u00e9sente aujourd\u2019hui. En Roumanie, l\u2019une des patientes avait, peu avant l\u2019apparition de sympt\u00f4mes, s\u00e9journ\u00e9 en Indon\u00e9sie aupr\u00e8s d\u2019un membre de sa famille hospitalis\u00e9 avec la m\u00eame maladie.<\/p>\n<p>Ce sont donc des cas import\u00e9s, et non des flamb\u00e9es communautaires locales, qui ont \u00e9t\u00e9 d\u00e9tect\u00e9s. En Croatie \u00e9galement, le patient est un travailleur \u00e9tranger. Ce ph\u00e9nom\u00e8ne n\u2019est pas exceptionnel dans un monde globalis\u00e9 o\u00f9 les mobilit\u00e9s internationales sont la norme.<\/p>\n<p>        <strong>Des mesures de sant\u00e9 publique proportionn\u00e9es<\/strong>    <\/p>\n<p>En Roumanie, le spa o\u00f9 travaillaient les patientes a \u00e9t\u00e9 temporairement ferm\u00e9 pour d\u00e9sinfection et enqu\u00eate \u00e9pid\u00e9miologique afin de limiter tout risque potentiel.<\/p>\n<p>En Croatie, l\u2019Institut de sant\u00e9 publique a assur\u00e9 que tous les contacts \u00e9troits du patient ont \u00e9t\u00e9 identifi\u00e9s, suivis et inclus dans un programme de surveillance ou de prophylaxie selon les cas.<\/p>\n<p>Ce genre de mesures (d\u00e9pistage des contacts, traitement pr\u00e9ventifs, suivi clinique) suit des protocoles bien \u00e9tablis et proportionn\u00e9s \u00e0 la situation. Rien qui ressemble \u00e0 une crise sanitaire d\u2019ampleur.<\/p>\n<p>        Alors, faut-il s\u2019inqui\u00e9ter de la l\u00e8pre ?\u00a0    <\/p>\n<p>Non, il n\u2019y a pas lieu de c\u00e9der \u00e0 l\u2019inqui\u00e9tude. Les cas de l\u00e8pre r\u00e9cemment signal\u00e9s en Roumanie et en Croatie restent exceptionnels et ne traduisent en rien un retour massif de la maladie en Europe, ni ne constituent <a href=\"https:\/\/ma-sante.news\/futures-pandemies-quels-virus-pourraient-emerger-apres-le-covid-19\/\" target=\"_blank\" rel=\"noopener\">la prochaine pand\u00e9mie.<\/a><\/p>\n<p>Concr\u00e8tement, plusieurs \u00e9l\u00e9ments permettent de garder la t\u00eate froide :<\/p>\n<ul class=\"wp-block-list\">\n<li>Les situations recens\u00e9es sont rares, isol\u00e9es et import\u00e9es, sans aucun signe de circulation active au sein de la population locale.<\/li>\n<li>Contrairement aux id\u00e9es re\u00e7ues, la l\u00e8pre est aujourd\u2019hui une maladie qui se soigne tr\u00e8s bien et dont la transmission est faible.<\/li>\n<li>Les autorit\u00e9s sanitaires, de leur c\u00f4t\u00e9, ont fait ce qu\u2019elles savent faire. Agir vite et avec mesure, en assurant le suivi des personnes concern\u00e9es et de leurs contacts, conform\u00e9ment aux protocoles en vigueur.<\/li>\n<\/ul>\n<p>Dans un monde o\u00f9 l\u2019on circule beaucoup, certaines maladies peuvent r\u00e9appara\u00eetre ponctuellement, sans pour autant annoncer un retour en force. Et dans le cas de la l\u00e8pre, malgr\u00e9 son nom charg\u00e9 d\u2019histoire, aucun sc\u00e9nario alarmant ne se profile \u00e0 l\u2019horizon.<\/p>\n<blockquote class=\"wp-block-quote is-layout-flow wp-block-quote-is-layout-flow\">\n<p><strong>\u00c0 SAVOIR<\/strong><\/p>\n<p>Selon l\u2019Organisation mondiale de la sant\u00e9 (OMS), environ 200 000 nouveaux cas de l\u00e8pre sont encore diagnostiqu\u00e9s chaque ann\u00e9e dans le monde, principalement en Asie, en Afrique et en Am\u00e9rique latine. En Europe, les cas restent tr\u00e8s rares et le plus souvent import\u00e9s.<\/p>\n<\/blockquote>\n<p>  <a class=\"gofollow\" data-track=\"MTIsMCw2MA==\" href=\"https:\/\/ma-sante.news\/annonceurs\/\" target=\"_blank\" rel=\"noopener\"><img loading=\"lazy\" decoding=\"async\" width=\"2560\" height=\"2133\" src=\"data:image\/svg+xml,%3Csvg%20xmlns=\" http:=\"\" data-lazy-src=\"https:\/\/www.europesays.com\/fr\/wp-content\/uploads\/2025\/03\/pub-annonceurs-4-scaled.jpg\"\/><\/a>    <img loading=\"lazy\" decoding=\"async\" width=\"755\" height=\"495\" src=\"data:image\/svg+xml,%3Csvg%20xmlns=\" http:=\"\" data-lazy-src=\"https:\/\/www.europesays.com\/fr\/wp-content\/uploads\/2025\/03\/Image1.jpg\" data-lazy-src-webp=\"https:\/\/www.europesays.com\/fr\/wp-content\/uploads\/2025\/03\/Image1.jpg.webp\" class=\"ewww_webp_lazy_load\"\/>Inscrivez-vous \u00e0 notre newsletter <br \/>Ma Sant\u00e9                      <\/p>\n","protected":false},"excerpt":{"rendered":"90 \u00e0 95 % de la population mondiale poss\u00e8de une immunit\u00e9 naturelle contre la bact\u00e9rie responsable de la&hellip;\n","protected":false},"author":2,"featured_media":609542,"comment_status":"","ping_status":"","sticky":false,"template":"","format":"standard","meta":{"footnotes":""},"categories":[10],"tags":[1011,27,72,13383,71],"class_list":{"0":"post-609541","1":"post","2":"type-post","3":"status-publish","4":"format-standard","5":"has-post-thumbnail","7":"category-sante","8":"tag-fr","9":"tag-france","10":"tag-health","11":"tag-maladie-infectieuse","12":"tag-sante"},"share_on_mastodon":{"url":"https:\/\/pubeurope.com\/@fr\/115746393504673479","error":""},"_links":{"self":[{"href":"https:\/\/www.europesays.com\/fr\/wp-json\/wp\/v2\/posts\/609541","targetHints":{"allow":["GET"]}}],"collection":[{"href":"https:\/\/www.europesays.com\/fr\/wp-json\/wp\/v2\/posts"}],"about":[{"href":"https:\/\/www.europesays.com\/fr\/wp-json\/wp\/v2\/types\/post"}],"author":[{"embeddable":true,"href":"https:\/\/www.europesays.com\/fr\/wp-json\/wp\/v2\/users\/2"}],"replies":[{"embeddable":true,"href":"https:\/\/www.europesays.com\/fr\/wp-json\/wp\/v2\/comments?post=609541"}],"version-history":[{"count":0,"href":"https:\/\/www.europesays.com\/fr\/wp-json\/wp\/v2\/posts\/609541\/revisions"}],"wp:featuredmedia":[{"embeddable":true,"href":"https:\/\/www.europesays.com\/fr\/wp-json\/wp\/v2\/media\/609542"}],"wp:attachment":[{"href":"https:\/\/www.europesays.com\/fr\/wp-json\/wp\/v2\/media?parent=609541"}],"wp:term":[{"taxonomy":"category","embeddable":true,"href":"https:\/\/www.europesays.com\/fr\/wp-json\/wp\/v2\/categories?post=609541"},{"taxonomy":"post_tag","embeddable":true,"href":"https:\/\/www.europesays.com\/fr\/wp-json\/wp\/v2\/tags?post=609541"}],"curies":[{"name":"wp","href":"https:\/\/api.w.org\/{rel}","templated":true}]}}