{"id":609549,"date":"2025-12-19T13:13:13","date_gmt":"2025-12-19T13:13:13","guid":{"rendered":"https:\/\/www.europesays.com\/fr\/609549\/"},"modified":"2025-12-19T13:13:13","modified_gmt":"2025-12-19T13:13:13","slug":"pays-surs-centres-de-retour-comment-lue-veut-durcir-sa-politique-daccueil","status":"publish","type":"post","link":"https:\/\/www.europesays.com\/fr\/609549\/","title":{"rendered":"Pays \u00ab\u00a0s\u00fbrs\u00a0\u00bb, centres de retour\u2026 Comment l\u2019UE veut durcir sa politique d\u2019accueil"},"content":{"rendered":"<p>L\u2019<a href=\"https:\/\/www.20minutes.fr\/dossier\/ue\" class=\"c-link c-link--is-underlined\" target=\"_blank\" rel=\"noopener\">Union europ\u00e9enne<\/a> a adopt\u00e9 jeudi deux mesures phares pour durcir nettement sa politique <a href=\"https:\/\/www.20minutes.fr\/dossier\/immigration\" class=\"c-link c-link--is-underlined\" target=\"_blank\" rel=\"noopener\">migratoire<\/a>. Le Parlement et les \u00c9tats membres ont adopt\u00e9 un texte qui permettra de renvoyer des demandeurs d\u2019asile dans un pays dont ils ne sont pas originaires. Ces demandeurs sollicitent une mesure de protection car ils ont \u00e9t\u00e9 contraints, selon eux, de fuir leur pays en raison de pers\u00e9cutions.<\/p>\n<p>Le texte adopt\u00e9 permet aux \u00c9tats membres de passer des accords bilat\u00e9raux avec des \u00ab\u00a0pays tiers s\u00fbrs\u00a0\u00bb. Le Parlement a dress\u00e9 une liste de pays d\u2019origine \u00ab\u00a0s\u00fbrs\u00a0\u00bb comprenant le <a href=\"https:\/\/www.20minutes.fr\/monde\/kosovo\/\" class=\"c-link c-link--is-underlined\" target=\"_blank\" rel=\"noopener\">Kosovo<\/a>, le <a href=\"https:\/\/www.20minutes.fr\/monde\/bangladesh\/\" class=\"c-link c-link--is-underlined\" target=\"_blank\" rel=\"noopener\">Bangladesh<\/a>, la <a href=\"https:\/\/www.20minutes.fr\/monde\/colombie\/\" class=\"c-link c-link--is-underlined\" target=\"_blank\" rel=\"noopener\">Colombie<\/a>, l\u2019<a href=\"https:\/\/www.20minutes.fr\/monde\/egypte\/\" class=\"c-link c-link--is-underlined\" target=\"_blank\" rel=\"noopener\">\u00c9gypte<\/a>, l\u2019<a href=\"https:\/\/www.20minutes.fr\/dossier\/inde\" class=\"c-link c-link--is-underlined\" target=\"_blank\" rel=\"noopener\">Inde<\/a>, le <a href=\"https:\/\/www.20minutes.fr\/dossier\/maroc\" class=\"c-link c-link--is-underlined\" target=\"_blank\" rel=\"noopener\">Maroc<\/a> et la <a href=\"https:\/\/www.20minutes.fr\/dossier\/tunisie\" class=\"c-link c-link--is-underlined\" target=\"_blank\" rel=\"noopener\">Tunisie<\/a>. \u00ab\u00a0Ces nouvelles r\u00e8gles sapent les fondements de la protection des r\u00e9fugi\u00e9s\u00a0\u00bb, a r\u00e9agi l\u2019ONG <a href=\"https:\/\/www.20minutes.fr\/monde\/amnesty_international\/\" class=\"c-link c-link--is-underlined\" target=\"_blank\" rel=\"noopener\">Amnesty International<\/a>.<\/p>\n<\/p>\n<p>Les Britanniques avaient d\u00e9j\u00e0 tent\u00e9 en\u00a02022 de confier le traitement des personnes demandant une protection internationale au Rwanda. Ils ont \u00e9t\u00e9 bloqu\u00e9s par le Haut-Commissariat des Nations unies pour les r\u00e9fugi\u00e9s. L\u2019Italie a souhait\u00e9, sans plus de succ\u00e8s, examiner les demandes d\u2019asile en Albanie en y appliquant la juridiction italienne. La justice italienne avait mis son veto, soutenue par la justice europ\u00e9enne.<\/p>\n<p>\u00ab\u00a0L\u2019accord dit de Dublin, qui pr\u00e9voit de renvoyer les demandeurs d\u2019asile dans le premier pays membre de l\u2019UE dans lequel ils ont transit\u00e9, est d\u00e9j\u00e0 tr\u00e8s difficilement appliqu\u00e9. Avec un pays tiers, on peut largement douter que ces nouveaux textes soient mis en place, sans compter que cela co\u00fbtera tr\u00e8s cher\u00a0\u00bb, estime le chercheur sp\u00e9cialiste des migrations europ\u00e9ennes Matthieu Tardis.<\/p>\n<p>Ouverture de hubs de retour<\/p>\n<p>Dix-huit pays ont \u00e9galement exhort\u00e9 la Commission europ\u00e9enne \u00e0 contribuer financi\u00e8rement \u00e0 l\u2019ouverture de centres de transit, ou \u00ab\u00a0hubs de retour\u00a0\u00bb, hors des fronti\u00e8res de l\u2019UE. Il s\u2019agirait d\u2019y expulser cette fois-ci les personnes migrantes dont la demande d\u2019asile a \u00e9t\u00e9 rejet\u00e9e, pr\u00e9cisent les d\u00e9fenseurs de cette mesure.<\/p>\n<p><a href=\"https:\/\/www.20minutes.fr\/dossier\/immigration\" class=\"c-link c-btn c-btn--primary\" target=\"_blank\" rel=\"noopener\">Notre dossier sur l&rsquo;immigration<\/a><\/p>\n<p>Le Royaume-Uni et le Danemark ont en outre appel\u00e9 les Europ\u00e9ens \u00e0 r\u00e9former la Convention europ\u00e9enne des droits de l&rsquo;homme qui veille au respect des libert\u00e9s fondamentales. L\u2019enjeu est de taille car, en vertu de cette convention, l\u2019\u00c9tat peut \u00eatre jug\u00e9 responsable de ce qu\u2019il advient d\u2019une personne en dehors de son territoire, m\u00eame s\u2019il a tent\u00e9 de confier la proc\u00e9dure d\u2019asile \u00e0 des pays tiers.<\/p>\n","protected":false},"excerpt":{"rendered":"L\u2019Union europ\u00e9enne a adopt\u00e9 jeudi deux mesures phares pour durcir nettement sa politique migratoire. Le Parlement et les&hellip;\n","protected":false},"author":2,"featured_media":609550,"comment_status":"","ping_status":"","sticky":false,"template":"","format":"standard","meta":{"footnotes":""},"categories":[5],"tags":[47,11,4946,1011,27,1061,14,12,104,555,28],"class_list":{"0":"post-609549","1":"post","2":"type-post","3":"status-publish","4":"format-standard","5":"has-post-thumbnail","7":"category-international","8":"tag-actualite","9":"tag-actualites","10":"tag-amnesty-international","11":"tag-fr","12":"tag-france","13":"tag-immigration","14":"tag-international","15":"tag-news","16":"tag-societe","17":"tag-union-europeenne-ue","18":"tag-world"},"share_on_mastodon":{"url":"https:\/\/pubeurope.com\/@fr\/115746413478143428","error":""},"_links":{"self":[{"href":"https:\/\/www.europesays.com\/fr\/wp-json\/wp\/v2\/posts\/609549","targetHints":{"allow":["GET"]}}],"collection":[{"href":"https:\/\/www.europesays.com\/fr\/wp-json\/wp\/v2\/posts"}],"about":[{"href":"https:\/\/www.europesays.com\/fr\/wp-json\/wp\/v2\/types\/post"}],"author":[{"embeddable":true,"href":"https:\/\/www.europesays.com\/fr\/wp-json\/wp\/v2\/users\/2"}],"replies":[{"embeddable":true,"href":"https:\/\/www.europesays.com\/fr\/wp-json\/wp\/v2\/comments?post=609549"}],"version-history":[{"count":0,"href":"https:\/\/www.europesays.com\/fr\/wp-json\/wp\/v2\/posts\/609549\/revisions"}],"wp:featuredmedia":[{"embeddable":true,"href":"https:\/\/www.europesays.com\/fr\/wp-json\/wp\/v2\/media\/609550"}],"wp:attachment":[{"href":"https:\/\/www.europesays.com\/fr\/wp-json\/wp\/v2\/media?parent=609549"}],"wp:term":[{"taxonomy":"category","embeddable":true,"href":"https:\/\/www.europesays.com\/fr\/wp-json\/wp\/v2\/categories?post=609549"},{"taxonomy":"post_tag","embeddable":true,"href":"https:\/\/www.europesays.com\/fr\/wp-json\/wp\/v2\/tags?post=609549"}],"curies":[{"name":"wp","href":"https:\/\/api.w.org\/{rel}","templated":true}]}}