{"id":609551,"date":"2025-12-19T13:14:11","date_gmt":"2025-12-19T13:14:11","guid":{"rendered":"https:\/\/www.europesays.com\/fr\/609551\/"},"modified":"2025-12-19T13:14:11","modified_gmt":"2025-12-19T13:14:11","slug":"le-ministere-de-linterieur-saisit-la-justice-liberation","status":"publish","type":"post","link":"https:\/\/www.europesays.com\/fr\/609551\/","title":{"rendered":"le minist\u00e8re de l\u2019Int\u00e9rieur saisit la justice \u2013 Lib\u00e9ration"},"content":{"rendered":"<p class=\"sc-cPiKLX AiZTS text-element\">La haine \u00e0 port\u00e9e de clic. A la veille de No\u00ebl, Lib\u00e9ration s\u2019est plong\u00e9 dans les catalogues des ouvrages propos\u00e9s \u00e0 la vente sur internet par les grandes enseignes culturelles et autres leaders du secteur, essentiellement par leurs soins mais aussi via leurs marketplaces &#8211; mettant des tiers vendeurs en relation avec les clients. N\u00e9gationnisme, racisme, complotisme haineux et m\u00eame des livres interdits par la loi : le bilan est saisissant. Au point que le minist\u00e8re de l\u2019Int\u00e9rieur, que nous avons interrog\u00e9, nous annonce vouloir saisir la justice, et que deux enseignes concern\u00e9es ont retir\u00e9 en catastrophe des ouvrages interdits, mais pourtant propos\u00e9s \u00e0 la vente.<\/p>\n<p class=\"sc-cPiKLX AiZTS text-element\">Nos investigations d\u00e9montrent ainsi que Cultura vend, sur son site, les ouvrages les plus \u00abc\u00e9l\u00e8bres\u00bb <a href=\"https:\/\/www.liberation.fr\/en-bref\/2018\/10\/22\/le-menteur-professionnel-robert-faurisson-est-mort-a-vichy_1687066\/\" target=\"_blank\" rel=\"noopener\">du pape du n\u00e9gationnisme fran\u00e7ais, Robert Faurisson<\/a>, multicondamn\u00e9 pour contestation de crime contre l\u2019humanit\u00e9. Et m\u00eame des livres interdits l\u00e9galement \u00e0 la diffusion en France. Comme les Carnets de Turner (en version fran\u00e7aise) du n\u00e9onazi am\u00e9ricain William Luther Pierce, <a href=\"https:\/\/www.liberation.fr\/international\/amerique\/capitole-derriere-lassaut-du-6-janvier-lombre-des-milices-white-power-20220105_TJDUV7EQYRFSBIBZ5FJNRTYZJQ\/\" target=\"_blank\" rel=\"noopener\" title=\"https:\/\/www.liberation.fr\/international\/amerique\/capitole-derriere-lassaut-du-6-janvier-lo &lt;div style=\" clear:=\"\" both=\"\"><\/p>\n","protected":false},"excerpt":{"rendered":"La haine \u00e0 port\u00e9e de clic. A la veille de No\u00ebl, Lib\u00e9ration s\u2019est plong\u00e9 dans les catalogues des&hellip;\n","protected":false},"author":2,"featured_media":609552,"comment_status":"","ping_status":"","sticky":false,"template":"","format":"standard","meta":{"footnotes":""},"categories":[4],"tags":[11,6155,1076,1011,27,12,10162,25],"class_list":{"0":"post-609551","1":"post","2":"type-post","3":"status-publish","4":"format-standard","5":"has-post-thumbnail","7":"category-france","8":"tag-actualites","9":"tag-antisemitisme","10":"tag-extreme-droite","11":"tag-fr","12":"tag-france","13":"tag-news","14":"tag-racisme","15":"tag-republique-francaise"},"share_on_mastodon":{"url":"https:\/\/pubeurope.com\/@fr\/115746417277936006","error":""},"_links":{"self":[{"href":"https:\/\/www.europesays.com\/fr\/wp-json\/wp\/v2\/posts\/609551","targetHints":{"allow":["GET"]}}],"collection":[{"href":"https:\/\/www.europesays.com\/fr\/wp-json\/wp\/v2\/posts"}],"about":[{"href":"https:\/\/www.europesays.com\/fr\/wp-json\/wp\/v2\/types\/post"}],"author":[{"embeddable":true,"href":"https:\/\/www.europesays.com\/fr\/wp-json\/wp\/v2\/users\/2"}],"replies":[{"embeddable":true,"href":"https:\/\/www.europesays.com\/fr\/wp-json\/wp\/v2\/comments?post=609551"}],"version-history":[{"count":0,"href":"https:\/\/www.europesays.com\/fr\/wp-json\/wp\/v2\/posts\/609551\/revisions"}],"wp:featuredmedia":[{"embeddable":true,"href":"https:\/\/www.europesays.com\/fr\/wp-json\/wp\/v2\/media\/609552"}],"wp:attachment":[{"href":"https:\/\/www.europesays.com\/fr\/wp-json\/wp\/v2\/media?parent=609551"}],"wp:term":[{"taxonomy":"category","embeddable":true,"href":"https:\/\/www.europesays.com\/fr\/wp-json\/wp\/v2\/categories?post=609551"},{"taxonomy":"post_tag","embeddable":true,"href":"https:\/\/www.europesays.com\/fr\/wp-json\/wp\/v2\/tags?post=609551"}],"curies":[{"name":"wp","href":"https:\/\/api.w.org\/{rel}","templated":true}]}}