{"id":609567,"date":"2025-12-19T13:23:10","date_gmt":"2025-12-19T13:23:10","guid":{"rendered":"https:\/\/www.europesays.com\/fr\/609567\/"},"modified":"2025-12-19T13:23:10","modified_gmt":"2025-12-19T13:23:10","slug":"et-vous-comment-vivez-vous-loccitanie-cet-hiver-decouvrez-le-sommaire-du-semestriel-metropolitain","status":"publish","type":"post","link":"https:\/\/www.europesays.com\/fr\/609567\/","title":{"rendered":"Et vous, comment vivez-vous l\u2019Occitanie cet hiver ? D\u00e9couvrez le sommaire du semestriel M\u00e9tropolitain"},"content":{"rendered":"<p>                    Par<br \/>\n        <strong><br \/>\n            <a href=\"https:\/\/actu.fr\/auteur\/metropoop\" title=\"Consulter tous les articles de R\u00e9daction M\u00e9tropolitain\" target=\"_blank\" rel=\"noopener\">R\u00e9daction M\u00e9tropolitain<\/a><br \/>\n                    <\/strong><\/p>\n<p>        Publi\u00e9 le<\/p>\n<p>            19 d\u00e9c. 2025 \u00e0 13h40        <\/p>\n<p>Pour son num\u00e9ro semestriel d\u2019hiver, M\u00e9tropolitain poursuit une ambition claire : raconter l\u2019Occitanie \u00e0 hauteur d\u2019hommes et de femmes. Le magazine continue de donner la parole \u00e0 celles et ceux qui fa\u00e7onnent le territoire, jour apr\u00e8s jour. Entrepreneurs, artistes, artisans, b\u00e9n\u00e9voles, cr\u00e9ateurs ou passeurs d\u2019id\u00e9es composent un r\u00e9cit collectif. Ce troisi\u00e8me num\u00e9ro adopte un format \u00e0 picorer, fid\u00e8le \u00e0 l\u2019ADN du magazine.<\/p>\n<p class=\" wall-content\">Ce num\u00e9ro se feuillette comme on traverse la r\u00e9gion en hiver : le rythme ralentit le regard se pose et les rencontres prennent toute leur place. M\u00e9tropolitain accompagne ses lecteurs sur plusieurs mois. Le magazine invite \u00e0 la curiosit\u00e9, \u00e0 l\u2019attention et \u00e0 l\u2019envie de comprendre ce qui se joue localement. Au c\u0153ur de cette \u00e9dition, le grand dossier est consacr\u00e9 au fabriqu\u00e9 en Occitanie. Une enqu\u00eate part d\u2019une question simple :<strong> sommes-nous pr\u00eats \u00e0 acheter local ?<\/strong> Le dossier explore les habitudes de consommation dans la r\u00e9gion. Il donne la parole \u00e0 des producteurs, des artisans et des consommateurs. Il interroge la notion de plaisir, de sens et d\u2019engagement. \u00c0 l\u2019approche des f\u00eates, M\u00e9tropolitain propose aussi une s\u00e9lection de cadeaux made in Occitanie.<\/p>\n<p class=\" wall-content\">Autour de ce dossier central, le sommaire se d\u00e9ploie en grandes rubriques, pens\u00e9es comme autant de points d\u2019entr\u00e9e dans une Occitanie vivante et multiple.<\/p>\n<p>Lifestyle<\/p>\n<p class=\" wall-content\">Horizon Resort Massane<\/p>\n<p class=\" wall-content\">Trois coffee shops parmi les plus gourmands du moment<\/p>\n<p class=\" wall-content\">Au Comptoir du disque, les plus belles pochettes pour habiller vos murs<\/p>\n<p>Vid\u00e9os : en ce moment sur Actu<\/p>\n<p class=\" wall-content\">Pays d\u2019Oc : cinq domaines qui r\u00e9inventent le vin avec des exp\u00e9riences in\u00e9dites<\/p>\n<p class=\" wall-content\">Padel : le guide complet des spots incontournables pr\u00e8s de chez vous<\/p>\n<p>Votre r\u00e9gion, votre actu !<\/p>\n<p>Recevez chaque jour les infos qui comptent pour vous.<\/p>\n<p>\t<a href=\"https:\/\/actu.fr\/newsletter\" class=\"ac-btn ac-btn--corner ac-btn--medium ac-btn--blue800\" target=\"_blank\" rel=\"noopener\">S&rsquo;incrire<\/a><\/p>\n<p class=\" wall-content\">Dans les coulisses du Seaquarium Institut Marin<\/p>\n<p class=\" wall-content\">Pomponne, la marque de cosm\u00e9tiques qui donne le sourire<\/p>\n<p class=\" wall-content\">Mozzarella, burrata, stracciatella<\/p>\n<p class=\" wall-content\">La boutique chaleureuse de Madoka<\/p>\n<p class=\" wall-content\">Idalia, framboises glac\u00e9es au chocolat<\/p>\n<p class=\" wall-content\">\u00c0 la rencontre des dauphins du Cap d\u2019Agde<\/p>\n<p class=\" wall-content\">Hassa Senteur<\/p>\n<p>Architecture<\/p>\n<p class=\" wall-content\">Les tendances en architecture et d\u00e9coration<\/p>\n<p class=\" wall-content\">On se reconnecte \u00e0 l\u2019essentiel<\/p>\n<p class=\" wall-content\">Festival des Architectures Vives : vingt ans d\u2019audace architecturale<\/p>\n<p>RencontresAu c\u0153ur de l\u2019H\u00e9rault solidaire.<\/p>\n<p class=\" wall-content\">Nathalie, moteur discret des Camions du C\u0153ur<\/p>\n<p class=\" wall-content\">Monique, trente ans de Secours populaire<\/p>\n<p class=\" wall-content\">Pascale Weiss, deux cents chiots sauv\u00e9s et la m\u00eame \u00e9nergie<\/p>\n<p>Soci\u00e9t\u00e9<\/p>\n<p class=\" wall-content\">Les microbrasseries face \u00e0 la pression<\/p>\n<p class=\" wall-content\">Le troph\u00e9e qui transforme vos efforts en souvenir \u00e9ternel<\/p>\n<p class=\" wall-content\">Aigues-Mortes comme vous ne l\u2019avez jamais vue<\/p>\n<p class=\" wall-content\">Du film L\u2019Amour ouf au Comte de Monte-Cristo, Cin\u00e9 Ressource recycle le cin\u00e9ma<\/p>\n<p class=\" wall-content\">L\u2019Invisible Visible, quand la bienveillance rend le monde possible<\/p>\n<p class=\" wall-content\">Sur le Compass, les hippocampes refont surface et r\u00e9v\u00e8lent une aventure humaine<\/p>\n<p class=\" wall-content\">Pourquoi l\u2019astrologie parle autant aux Montpelli\u00e9rains<\/p>\n<p>Culture<\/p>\n<p class=\" wall-content\">La bande dessin\u00e9e de Charlotte Quentin revisite la parentalit\u00e9<\/p>\n<p class=\" wall-content\">Exposition au Domaine de Restincli\u00e8res<\/p>\n<p class=\" wall-content\">La librairie qui fait battre le c\u0153ur des fans de romance<\/p>\n<p class=\" wall-content\">Restanque, un carrefour artistique \u00e0 Montpellier Sud<\/p>\n<p>News<\/p>\n<p class=\" wall-content\">Bulthaup Montpellier<\/p>\n<p class=\" wall-content\">Une application made in Montpellier pour en finir avec le brossage de dents b\u00e2cl\u00e9<\/p>\n<p class=\" wall-content\">Path\u00e9 Odysseum parmi les premiers \u00e0 exp\u00e9rimenter une nouveaut\u00e9<\/p>\n<p class=\" wall-content\">Cykero s\u2019installe \u00e0 Montpellier<\/p>\n<p class=\" wall-content\">Oliz, le leasing sur-mesure<\/p>\n<p>Portfolio<\/p>\n<p class=\" wall-content\">Mario Sinistaj photographie : Ar\u00f4mes primaires<\/p>\n<p class=\" wall-content\"><strong>&gt;<\/strong> O\u00f9 le trouver ? Le magazine M\u00e9tropolitain est disponible gratuitement dans plus de 350 points de passage dans le d\u00e9partement de l\u2019H\u00e9rault. M\u00e9tropolitain est \u00e9galement le seul titre de presse disponible en libre service au sein des halls d\u2019embarquement des a\u00e9roports de Montpellier et de B\u00e9ziers. Il est \u00e9galement possible de s\u2019abonner \u00e0 sa version hebdomadaire, afin de le recevoir directement chez soi. Aussi, retrouvez en ligne la version digitale, <a href=\"https:\/\/v.calameo.com\/library\/?type=account&amp;id=5794458&amp;rows=1&amp;sortBy=latestPublished&amp;theme=wood&amp;bgColor=&amp;thumbSize=large&amp;showTitle=true&amp;showShadow=true&amp;showGloss=true&amp;showInfo=account&amp;linkTo=view&amp;linkTarget=_blank\" target=\"_blank\" rel=\"noopener\">consultable sur notre site<\/a><\/p>\n<p class=\" wall-content\">Personnalisez votre actualit\u00e9 en ajoutant vos villes et m\u00e9dias en favori avec <a href=\"https:\/\/moncompte.actu.fr\" title=\"D\u00e9couvez Mon Actu\" rel=\"nofollow noopener\" data-trk=\"{&quot;cta&quot;:{&quot;action&quot;:&quot;https:\\\/\\\/moncompte.actu.fr&quot;,&quot;category&quot;:&quot;mon compte&quot;,&quot;from&quot;:&quot;article footer&quot;,&quot;name&quot;:&quot;Mon actu&quot;,&quot;type&quot;:&quot;cta&quot;}}\" target=\"_blank\">Mon Actu<\/a>.<\/p>\n","protected":false},"excerpt":{"rendered":"Par R\u00e9daction M\u00e9tropolitain Publi\u00e9 le 19 d\u00e9c. 2025 \u00e0 13h40 Pour son num\u00e9ro semestriel d\u2019hiver, M\u00e9tropolitain poursuit une&hellip;\n","protected":false},"author":2,"featured_media":609568,"comment_status":"","ping_status":"","sticky":false,"template":"","format":"standard","meta":{"footnotes":""},"categories":[9599],"tags":[1111,11,1477,130,2855,1777,674,1011,27,1305,2208,12,2680,25],"class_list":{"0":"post-609567","1":"post","2":"type-post","3":"status-publish","4":"format-standard","5":"has-post-thumbnail","7":"category-montpellier","8":"tag-actu","9":"tag-actualites","10":"tag-artisanat","11":"tag-consommation","12":"tag-entrepreneuriat","13":"tag-eu","14":"tag-europe","15":"tag-fr","16":"tag-france","17":"tag-lifestyle","18":"tag-montpellier","19":"tag-news","20":"tag-occitanie","21":"tag-republique-francaise"},"share_on_mastodon":{"url":"https:\/\/pubeurope.com\/@fr\/115746452673682512","error":""},"_links":{"self":[{"href":"https:\/\/www.europesays.com\/fr\/wp-json\/wp\/v2\/posts\/609567","targetHints":{"allow":["GET"]}}],"collection":[{"href":"https:\/\/www.europesays.com\/fr\/wp-json\/wp\/v2\/posts"}],"about":[{"href":"https:\/\/www.europesays.com\/fr\/wp-json\/wp\/v2\/types\/post"}],"author":[{"embeddable":true,"href":"https:\/\/www.europesays.com\/fr\/wp-json\/wp\/v2\/users\/2"}],"replies":[{"embeddable":true,"href":"https:\/\/www.europesays.com\/fr\/wp-json\/wp\/v2\/comments?post=609567"}],"version-history":[{"count":0,"href":"https:\/\/www.europesays.com\/fr\/wp-json\/wp\/v2\/posts\/609567\/revisions"}],"wp:featuredmedia":[{"embeddable":true,"href":"https:\/\/www.europesays.com\/fr\/wp-json\/wp\/v2\/media\/609568"}],"wp:attachment":[{"href":"https:\/\/www.europesays.com\/fr\/wp-json\/wp\/v2\/media?parent=609567"}],"wp:term":[{"taxonomy":"category","embeddable":true,"href":"https:\/\/www.europesays.com\/fr\/wp-json\/wp\/v2\/categories?post=609567"},{"taxonomy":"post_tag","embeddable":true,"href":"https:\/\/www.europesays.com\/fr\/wp-json\/wp\/v2\/tags?post=609567"}],"curies":[{"name":"wp","href":"https:\/\/api.w.org\/{rel}","templated":true}]}}