{"id":609575,"date":"2025-12-19T13:27:15","date_gmt":"2025-12-19T13:27:15","guid":{"rendered":"https:\/\/www.europesays.com\/fr\/609575\/"},"modified":"2025-12-19T13:27:15","modified_gmt":"2025-12-19T13:27:15","slug":"le-pont-de-claix-le-pont-de-claix-gagne-plus-de-160-habitants","status":"publish","type":"post","link":"https:\/\/www.europesays.com\/fr\/609575\/","title":{"rendered":"Le Pont-de-Claix. Le Pont-de-Claix gagne plus de 160 habitants"},"content":{"rendered":"<p>Chaque ann\u00e9e, en fin d\u2019ann\u00e9e, l\u2019Institut national de la statistique et des \u00e9tudes \u00e9conomiques (Insee) d\u00e9voile les derniers chiffres de recensement de la population. Et au Pont-de-Claix, la tendance est positive\u00a0: de 10\u00a0846 habitants en 2022, la population s\u2019\u00e9tablit d\u00e9sormais \u00e0\u00a011\u00a0012 Pontois. Soit une augmentation de 1,53\u00a0%.<\/p>\n<p>Le maire Christophe Ferrari se f\u00e9licite de \u00ab\u00a0ce passage symbolique de la barre des 11\u00a0000 habitants\u00a0\u00bb, qui t\u00e9moigne \u00ab\u00a0du dynamisme de notre politique d\u2019am\u00e9nagement \u00e9quilibr\u00e9 et d\u2019attractivit\u00e9 pour faire de Pont-de-Claix une ville forte de notre agglom\u00e9ration. Au-del\u00e0 de ce gain symbolique, ce qui importe, c\u2019est \u00e0 la fois de continuer \u00e0 d\u00e9velopper une ville attractive et \u00e0 taille humaine dans une m\u00e9tropole en mouvement\u00a0\u00bb.<\/p>\n<p>La politique de transformation et de ma\u00eetrise urbaine entreprise par la ville r\u00e9pond \u00e0 plusieurs besoins\u00a0: garantir la qualit\u00e9 des nouvelles constructions\u00a0et garantir l\u2019acc\u00e8s au logement de toutes les familles. \u00ab\u00a0De nombreux Pontois souhaitent continuer \u00e0 vivre sur la commune car ils y sont attach\u00e9s et b\u00e9n\u00e9ficient de la qualit\u00e9 des services publics et des \u00e9quipements. Les futurs logements sont pens\u00e9s en priorit\u00e9 pour nos habitants\u00a0\u00bb note encore le maire.<\/p>\n<p>La nouvelle campagne de recensement d\u00e9bute le jeudi 15\u00a0janvier pour s\u2019achever le samedi 21\u00a0f\u00e9vrier prochain.<\/p>\n","protected":false},"excerpt":{"rendered":"Chaque ann\u00e9e, en fin d\u2019ann\u00e9e, l\u2019Institut national de la statistique et des \u00e9tudes \u00e9conomiques (Insee) d\u00e9voile les derniers&hellip;\n","protected":false},"author":2,"featured_media":609576,"comment_status":"","ping_status":"","sticky":false,"template":"","format":"standard","meta":{"footnotes":""},"categories":[9566],"tags":[1111,11,2430,113,1777,674,1011,27,2731,108,7000,3294,12,25,104],"class_list":{"0":"post-609575","1":"post","2":"type-post","3":"status-publish","4":"format-standard","5":"has-post-thumbnail","7":"category-grenoble","8":"tag-actu","9":"tag-actualites","10":"tag-auvergne-rhone-alpes","11":"tag-edition-gresivaudan-oisans","12":"tag-eu","13":"tag-europe","14":"tag-fr","15":"tag-france","16":"tag-grenoble","17":"tag-isere","18":"tag-lagglomeration","19":"tag-le-pont-de-claix","20":"tag-news","21":"tag-republique-francaise","22":"tag-societe"},"share_on_mastodon":{"url":"https:\/\/pubeurope.com\/@fr\/115746468397753647","error":""},"_links":{"self":[{"href":"https:\/\/www.europesays.com\/fr\/wp-json\/wp\/v2\/posts\/609575","targetHints":{"allow":["GET"]}}],"collection":[{"href":"https:\/\/www.europesays.com\/fr\/wp-json\/wp\/v2\/posts"}],"about":[{"href":"https:\/\/www.europesays.com\/fr\/wp-json\/wp\/v2\/types\/post"}],"author":[{"embeddable":true,"href":"https:\/\/www.europesays.com\/fr\/wp-json\/wp\/v2\/users\/2"}],"replies":[{"embeddable":true,"href":"https:\/\/www.europesays.com\/fr\/wp-json\/wp\/v2\/comments?post=609575"}],"version-history":[{"count":0,"href":"https:\/\/www.europesays.com\/fr\/wp-json\/wp\/v2\/posts\/609575\/revisions"}],"wp:featuredmedia":[{"embeddable":true,"href":"https:\/\/www.europesays.com\/fr\/wp-json\/wp\/v2\/media\/609576"}],"wp:attachment":[{"href":"https:\/\/www.europesays.com\/fr\/wp-json\/wp\/v2\/media?parent=609575"}],"wp:term":[{"taxonomy":"category","embeddable":true,"href":"https:\/\/www.europesays.com\/fr\/wp-json\/wp\/v2\/categories?post=609575"},{"taxonomy":"post_tag","embeddable":true,"href":"https:\/\/www.europesays.com\/fr\/wp-json\/wp\/v2\/tags?post=609575"}],"curies":[{"name":"wp","href":"https:\/\/api.w.org\/{rel}","templated":true}]}}