{"id":609577,"date":"2025-12-19T13:28:14","date_gmt":"2025-12-19T13:28:14","guid":{"rendered":"https:\/\/www.europesays.com\/fr\/609577\/"},"modified":"2025-12-19T13:28:14","modified_gmt":"2025-12-19T13:28:14","slug":"football-coupe-de-france-chants-homophobes-la-federation-a-place-grenoble","status":"publish","type":"post","link":"https:\/\/www.europesays.com\/fr\/609577\/","title":{"rendered":"Football &#8211; Coupe de France. Chants homophobes : la F\u00e9d\u00e9ration a plac\u00e9 Grenoble"},"content":{"rendered":"<p>Grenoble &#8211; ASNL<\/p>\n<p>Ce samedi \u00e0 18 h<\/p>\n<p>Elle devait choisir un match test pour son tout nouveau dispositif, destin\u00e9 \u00e0 \u00e9radiquer une bonne fois pour toutes les chants homophobes des stades de football. Et la F\u00e9d\u00e9ration fran\u00e7aise a choisi\u2026 Grenoble &#8211; Nancy ! Les chants des ultras des deux camps seront donc scrut\u00e9s de &#8211; tr\u00e8s &#8211; pr\u00e8s lors de ce 32e de finale de Coupe de France, par trois observateurs plac\u00e9s en tribune : un repr\u00e9sentant de la FFF, un d\u00e9l\u00e9gu\u00e9 et un membre d\u2019association LGBT.<\/p>\n<p>Le choix de l\u2019affiche s\u2019explique, sans doute, par les ant\u00e9c\u00e9dents du club nanc\u00e9ien en la mati\u00e8re. Pour rappel, le stade Marcel-Picot avait \u00e9t\u00e9 le th\u00e9\u00e2tre du <a href=\"https:\/\/www.estrepublicain.fr\/sport\/2019\/08\/17\/injures-homophobes-a-picot-plus-jamais-ca\" target=\"_blank\" rel=\"noopener\">tout premier match arr\u00eat\u00e9 &#8211; en France &#8211; par un arbitre pour des chants jug\u00e9s homophobes<\/a> , d\u00e9bit\u00e9s \u00e0 l\u2019encontre du voisin messin en l\u2019occurrence. C\u2019\u00e9tait le 16 ao\u00fbt 2019 lors de la r\u00e9ception du Mans.<\/p>\n<p>Avant que le dispositif ne soit d\u00e9ploy\u00e9 plus largement lors des prochains tours de Coupe, et peut-\u00eatre un jour d\u00e9clin\u00e9 sur les terrains de Ligue 1 et Ligue 2 (la LFP n\u2019a pour l\u2019heure pas donn\u00e9 son accord), les ultras des deux camps sont pr\u00e9venus : la rencontre pourra \u00eatre arr\u00eat\u00e9e les trois observateurs auront pour mission de consigner tous propos discriminatoires, qui figureront sur la feuille de match en vue de sanctions futures. Apr\u00e8s les <a href=\"https:\/\/www.estrepublicain.fr\/sport\/2025\/08\/14\/matchs-a-huis-clos-places-offertes-acces-libre-en-coupe-de-france-l-as-nancy-lorraine-detaille-son-plan-de-dedommagement\" target=\"_blank\" rel=\"noopener\">quatre matchs de huis clos total du d\u00e9but de saison<\/a> , auquel est venu s\u2019ajouter un <a href=\"https:\/\/www.estrepublicain.fr\/sport\/2025\/12\/03\/as-nancy-lorraine-encore-du-huis-clos-(partiel)-au-stade-marcel-picot\" target=\"_blank\" rel=\"noopener\">huis clos partiel de la tribune Piantoni<\/a> contre Clermont, Marcel-Picot n\u2019aurait vraiment pas besoin de \u00e7a\u2026<\/p>\n","protected":false},"excerpt":{"rendered":"Grenoble &#8211; ASNL Ce samedi \u00e0 18 h Elle devait choisir un match test pour son tout nouveau&hellip;\n","protected":false},"author":2,"featured_media":609578,"comment_status":"","ping_status":"","sticky":false,"template":"","format":"standard","meta":{"footnotes":""},"categories":[9566],"tags":[1111,11,3703,2430,1707,1704,1706,1705,1777,674,107,1701,63,1011,27,2731,1702,1703,12,25,517,1700,1947],"class_list":{"0":"post-609577","1":"post","2":"type-post","3":"status-publish","4":"format-standard","5":"has-post-thumbnail","7":"category-grenoble","8":"tag-actu","9":"tag-actualites","10":"tag-asnl","11":"tag-auvergne-rhone-alpes","12":"tag-edition-luneville","13":"tag-edition-nancy-et-agglomeration","14":"tag-edition-pont-a-mousson","15":"tag-edition-toul","16":"tag-eu","17":"tag-europe","18":"tag-fil-info","19":"tag-fil-info-sport","20":"tag-football","21":"tag-fr","22":"tag-france","23":"tag-grenoble","24":"tag-nancy","25":"tag-nancy-ville-54b","26":"tag-news","27":"tag-republique-francaise","28":"tag-sport","29":"tag-sport-lorrain","30":"tag-sport-national"},"share_on_mastodon":{"url":"https:\/\/pubeurope.com\/@fr\/115746472306815452","error":""},"_links":{"self":[{"href":"https:\/\/www.europesays.com\/fr\/wp-json\/wp\/v2\/posts\/609577","targetHints":{"allow":["GET"]}}],"collection":[{"href":"https:\/\/www.europesays.com\/fr\/wp-json\/wp\/v2\/posts"}],"about":[{"href":"https:\/\/www.europesays.com\/fr\/wp-json\/wp\/v2\/types\/post"}],"author":[{"embeddable":true,"href":"https:\/\/www.europesays.com\/fr\/wp-json\/wp\/v2\/users\/2"}],"replies":[{"embeddable":true,"href":"https:\/\/www.europesays.com\/fr\/wp-json\/wp\/v2\/comments?post=609577"}],"version-history":[{"count":0,"href":"https:\/\/www.europesays.com\/fr\/wp-json\/wp\/v2\/posts\/609577\/revisions"}],"wp:featuredmedia":[{"embeddable":true,"href":"https:\/\/www.europesays.com\/fr\/wp-json\/wp\/v2\/media\/609578"}],"wp:attachment":[{"href":"https:\/\/www.europesays.com\/fr\/wp-json\/wp\/v2\/media?parent=609577"}],"wp:term":[{"taxonomy":"category","embeddable":true,"href":"https:\/\/www.europesays.com\/fr\/wp-json\/wp\/v2\/categories?post=609577"},{"taxonomy":"post_tag","embeddable":true,"href":"https:\/\/www.europesays.com\/fr\/wp-json\/wp\/v2\/tags?post=609577"}],"curies":[{"name":"wp","href":"https:\/\/api.w.org\/{rel}","templated":true}]}}