{"id":609579,"date":"2025-12-19T13:29:13","date_gmt":"2025-12-19T13:29:13","guid":{"rendered":"https:\/\/www.europesays.com\/fr\/609579\/"},"modified":"2025-12-19T13:29:13","modified_gmt":"2025-12-19T13:29:13","slug":"on-sait-que-la-periode-difficile-arrive-en-ille-et-vilaine-ou-en-est-on-de-lepidemie-de-grippe","status":"publish","type":"post","link":"https:\/\/www.europesays.com\/fr\/609579\/","title":{"rendered":"\u00ab On sait que la p\u00e9riode difficile arrive \u00bb : en Ille-et-Vilaine, o\u00f9 en est-on de l\u2019\u00e9pid\u00e9mie de grippe"},"content":{"rendered":"<p>Appeler pr\u00e9alablement le 15 avant de se rendre aux urgences et y porter un masque. Voil\u00e0, <a href=\"https:\/\/www.letelegramme.fr\/sante\/la-grippe-et-son-variant-k-invites-surprise-de-noel-et-du-nouvel-an-6945151.php\" target=\"_blank\" rel=\"noopener\">les consignes du monde hospitalier bretillien en cette fin d\u2019ann\u00e9e 2025<\/a>. \u00ab L\u2019\u00e9pid\u00e9mie de grippe n\u2019est pas encore \u00e0 son maximum, explique Matthieu Revest, \u00e9pid\u00e9miologiste au CHU de Rennes. Nous nous attendons \u00e0 ce que les f\u00eates permettent la propagation des virus de fa\u00e7on importante. Nous imaginons que d\u2019ici une semaine ou deux, l\u2019\u00e9pid\u00e9mie arrive \u00e0 son seuil maximal. \u00bb Pour anticiper, depuis le 15 d\u00e9cembre, le masque est redevenu obligatoire \u00e0 l\u2019h\u00f4pital. Cela prot\u00e8ge les patients mais aussi les personnels soignants qui sont en premi\u00e8re ligne.<\/p>\n<p>Peu de Covid<\/p>\n<p>\u00ab Nous constatons cette semaine aux urgences que les taux de positivit\u00e9 <a href=\"https:\/\/www.letelegramme.fr\/sante\/un-autotest-pour-deceler-a-la-fois-la-grippe-et-la-covid-disponible-depuis-ce-lundi-6948195.php\" target=\"_blank\" rel=\"noopener\">des tests antig\u00e9niques ou PCR<\/a> sont en forte augmentation, ajoute Louis Soulat, chef du Samu 35 et des urgences du CHU. Les taux augmentent tr\u00e8s nettement pour le VRS (Virus respiratoire syncytial) et pour la grippe. Le Covid, lui, est bas. On sait que la p\u00e9riode difficile, \u00e0 la fin des cong\u00e9s scolaires, arrive. \u00bb<\/p>\n<p>La vaccination \u00e9vite les formes graves<\/p>\n<p>Pour \u00e9viter le pic \u00e9pid\u00e9miologique, le port d\u2019un masque en cas de sympt\u00f4mes s\u2019av\u00e8re important. Se laver les mains r\u00e9guli\u00e8rement aussi, utiliser du gel hydroalcoolique, ou encore a\u00e9rer les pi\u00e8ces. \u00ab Rien ne remplace la vaccination, ajoute Mathieu Revest. Contrairement \u00e0 ce qu\u2019on peut entendre,<a href=\"https:\/\/www.letelegramme.fr\/sante\/cest-le-moment-de-se-vacciner-pour-que-la-grippe-ne-sinvite-pas-comme-en-2024-aux-reveillons-6906746.php\" target=\"_blank\" rel=\"noopener\"> le vaccin cette ann\u00e9e est efficace<\/a>. Il permet d\u2019\u00e9viter le d\u00e9veloppement des formes graves. Chez les personnes de plus de 65 ans, c\u2019est primordial. Se faire vacciner r\u00e9duit de 30 % le taux de mortalit\u00e9. \u00bb<\/p>\n<p>Afin de traverser plus sereinement la p\u00e9riode des f\u00eates de fin d\u2019ann\u00e9e qui se juxtapose avec les pics \u00e9pid\u00e9miques, l\u2019acc\u00e8s aux urgences sera r\u00e9gul\u00e9 d\u00e8s 18 h. Impossible de s\u2019y rendre sans avoir pr\u00e9alablement appel\u00e9 le 15. L\u2019arr\u00eat\u00e9 de r\u00e9gulation a \u00e9t\u00e9 publi\u00e9 ce jour et il est valable jusqu\u2019au 1er avril prochain.<\/p>\n","protected":false},"excerpt":{"rendered":"Appeler pr\u00e9alablement le 15 avant de se rendre aux urgences et y porter un masque. Voil\u00e0, les consignes&hellip;\n","protected":false},"author":2,"featured_media":609580,"comment_status":"","ping_status":"","sticky":false,"template":"","format":"standard","meta":{"footnotes":""},"categories":[2821],"tags":[1111,11,829,1777,674,1011,27,29786,848,12,584,25,71],"class_list":{"0":"post-609579","1":"post","2":"type-post","3":"status-publish","4":"format-standard","5":"has-post-thumbnail","7":"category-rennes","8":"tag-actu","9":"tag-actualites","10":"tag-bretagne","11":"tag-eu","12":"tag-europe","13":"tag-fr","14":"tag-france","15":"tag-grippe","16":"tag-ille-et-vilaine","17":"tag-news","18":"tag-rennes","19":"tag-republique-francaise","20":"tag-sante"},"share_on_mastodon":{"url":"https:\/\/pubeurope.com\/@fr\/115746476303915248","error":""},"_links":{"self":[{"href":"https:\/\/www.europesays.com\/fr\/wp-json\/wp\/v2\/posts\/609579","targetHints":{"allow":["GET"]}}],"collection":[{"href":"https:\/\/www.europesays.com\/fr\/wp-json\/wp\/v2\/posts"}],"about":[{"href":"https:\/\/www.europesays.com\/fr\/wp-json\/wp\/v2\/types\/post"}],"author":[{"embeddable":true,"href":"https:\/\/www.europesays.com\/fr\/wp-json\/wp\/v2\/users\/2"}],"replies":[{"embeddable":true,"href":"https:\/\/www.europesays.com\/fr\/wp-json\/wp\/v2\/comments?post=609579"}],"version-history":[{"count":0,"href":"https:\/\/www.europesays.com\/fr\/wp-json\/wp\/v2\/posts\/609579\/revisions"}],"wp:featuredmedia":[{"embeddable":true,"href":"https:\/\/www.europesays.com\/fr\/wp-json\/wp\/v2\/media\/609580"}],"wp:attachment":[{"href":"https:\/\/www.europesays.com\/fr\/wp-json\/wp\/v2\/media?parent=609579"}],"wp:term":[{"taxonomy":"category","embeddable":true,"href":"https:\/\/www.europesays.com\/fr\/wp-json\/wp\/v2\/categories?post=609579"},{"taxonomy":"post_tag","embeddable":true,"href":"https:\/\/www.europesays.com\/fr\/wp-json\/wp\/v2\/tags?post=609579"}],"curies":[{"name":"wp","href":"https:\/\/api.w.org\/{rel}","templated":true}]}}