{"id":609585,"date":"2025-12-19T13:33:12","date_gmt":"2025-12-19T13:33:12","guid":{"rendered":"https:\/\/www.europesays.com\/fr\/609585\/"},"modified":"2025-12-19T13:33:12","modified_gmt":"2025-12-19T13:33:12","slug":"strasbourg-plus-fort-que-le-psg-luefa-a-parle","status":"publish","type":"post","link":"https:\/\/www.europesays.com\/fr\/609585\/","title":{"rendered":"Strasbourg plus fort que le PSG, l\u2019UEFA a parl\u00e9"},"content":{"rendered":"<p><b>Le RC Strasbourg marche sur la Conference League, et en est r\u00e9compens\u00e9 avec de tr\u00e8s bons r\u00e9sultats pour la France \u00e0 l&rsquo;indice UEFA. <\/b><\/p>\n<p>Cette saison, en dehors de l\u2019OGC Nice, tous les clubs fran\u00e7ais remplissent la part de leur contrat dans la course \u00e0 <a href=\"https:\/\/www.foot01.com\/coupe-d-europe\/indice-uefa-strasbourg-regale-la-france-double-le-portugal\" target=\"_self\" rel=\"noopener\">l\u2019indice UEFA<\/a>. Le <a href=\"https:\/\/www.foot01.com\/paris\" title=\"PSG\" target=\"_blank\" rel=\"noopener\">PSG<\/a> n\u2019est pas loin des premi\u00e8res places en Ligue des Champions, l\u2019OL est le leader surprenant de l\u2019Europa League et Strasbourg vient de terminer en t\u00eate du classement de la Conf\u00e9rence League.<\/p>\n<p>Le Racing n\u2019a pas forc\u00e9ment d\u00e9roul\u00e9 dans le jeu, mais il a su \u00eatre solide \u00e0 tous les matchs. Avec cinq victoires et un nul, et un passage r\u00e9ussi par les barrages, le club du Grand Est a fr\u00f4l\u00e9 le carton plein, et r\u00e9colte \u00e9galement 4,5 point de bonus pour son parcours jusqu\u2019\u00e0 pr\u00e9sent. Une belle addition qui lui permet de totaliser 17 points pour la France jusqu\u2019\u00e0 pr\u00e9sent.<\/p>\n<p>Avec ce score, Strasbourg est tout simplement le meilleur club fran\u00e7ais dans cette premi\u00e8re partie de saison. Il devance le PSG, deuxi\u00e8me avec 15,5 points, puis Monaco et l\u2019OM. Ce classement ne devrait pas rester bien longtemps en l\u2019\u00e9tat, car en janvier, \u00e0 l\u2019issue des matchs de poule de Ligue des Champions, les clubs qualifi\u00e9s empocheront le bonus qui les fera passer devant Strasbourg. Terminer dans les 8 premiers de la phase de poule de C1 assure par exemple 10 points de bonus, soit 4 de plus que les 6 li\u00e9s \u00e0 la participation \u00e0 la comp\u00e9tition.<\/p>\n<p>Mais cela d\u00e9montre que la Conf\u00e9rence League, \u00e0 laquelle Lens n\u2019avait pas particip\u00e9 la saison derni\u00e8re, peut aussi rapporter gros \u00e0 la France, et n\u2019est donc pas \u00e0 n\u00e9gliger. Strasbourg la joue s\u00e9rieusement, et s\u2019en retrouve r\u00e9compens\u00e9 \u00e0 ce niveau.<\/p>\n","protected":false},"excerpt":{"rendered":"Le RC Strasbourg marche sur la Conference League, et en est r\u00e9compens\u00e9 avec de tr\u00e8s bons r\u00e9sultats pour&hellip;\n","protected":false},"author":2,"featured_media":609586,"comment_status":"","ping_status":"","sticky":false,"template":"","format":"standard","meta":{"footnotes":""},"categories":[2820],"tags":[1111,11,1089,1777,674,1011,27,775,12,93,24894,25,640],"class_list":{"0":"post-609585","1":"post","2":"type-post","3":"status-publish","4":"format-standard","5":"has-post-thumbnail","7":"category-strasbourg","8":"tag-actu","9":"tag-actualites","10":"tag-coupe-deurope","11":"tag-eu","12":"tag-europe","13":"tag-fr","14":"tag-france","15":"tag-grand-est","16":"tag-news","17":"tag-psg","18":"tag-rcsa","19":"tag-republique-francaise","20":"tag-strasbourg"},"share_on_mastodon":{"url":"https:\/\/pubeurope.com\/@fr\/115746491923249581","error":""},"_links":{"self":[{"href":"https:\/\/www.europesays.com\/fr\/wp-json\/wp\/v2\/posts\/609585","targetHints":{"allow":["GET"]}}],"collection":[{"href":"https:\/\/www.europesays.com\/fr\/wp-json\/wp\/v2\/posts"}],"about":[{"href":"https:\/\/www.europesays.com\/fr\/wp-json\/wp\/v2\/types\/post"}],"author":[{"embeddable":true,"href":"https:\/\/www.europesays.com\/fr\/wp-json\/wp\/v2\/users\/2"}],"replies":[{"embeddable":true,"href":"https:\/\/www.europesays.com\/fr\/wp-json\/wp\/v2\/comments?post=609585"}],"version-history":[{"count":0,"href":"https:\/\/www.europesays.com\/fr\/wp-json\/wp\/v2\/posts\/609585\/revisions"}],"wp:featuredmedia":[{"embeddable":true,"href":"https:\/\/www.europesays.com\/fr\/wp-json\/wp\/v2\/media\/609586"}],"wp:attachment":[{"href":"https:\/\/www.europesays.com\/fr\/wp-json\/wp\/v2\/media?parent=609585"}],"wp:term":[{"taxonomy":"category","embeddable":true,"href":"https:\/\/www.europesays.com\/fr\/wp-json\/wp\/v2\/categories?post=609585"},{"taxonomy":"post_tag","embeddable":true,"href":"https:\/\/www.europesays.com\/fr\/wp-json\/wp\/v2\/tags?post=609585"}],"curies":[{"name":"wp","href":"https:\/\/api.w.org\/{rel}","templated":true}]}}