{"id":609589,"date":"2025-12-19T13:35:15","date_gmt":"2025-12-19T13:35:15","guid":{"rendered":"https:\/\/www.europesays.com\/fr\/609589\/"},"modified":"2025-12-19T13:35:15","modified_gmt":"2025-12-19T13:35:15","slug":"nice-fabrice-bocquet-quitte-son-poste-sports","status":"publish","type":"post","link":"https:\/\/www.europesays.com\/fr\/609589\/","title":{"rendered":"Nice : Fabrice Bocquet quitte son poste : Sports"},"content":{"rendered":"<p class=\"date\">\n                                                            Juba Touabi, Media365, publi\u00e9 le vendredi 19 d\u00e9cembre 2025 \u00e0 14h26\n                                                    <\/p>\n<p>La temp\u00eate souffle fort sur l&rsquo;OGC Nice.<\/p>\n<p>Fabrice Bocquet, pr\u00e9sident-directeur g\u00e9n\u00e9ral du club azur\u00e9en, a officiellement quitt\u00e9 ses fonctions, un d\u00e9part act\u00e9 \u00ab d&rsquo;un commun accord \u00bb avec l&rsquo;actionnaire Ineos selon un r\u00e9cent communiqu\u00e9 de presse de la formation azur\u00e9enne. Ce changement intervient dans un contexte particuli\u00e8rement d\u00e9licat pour les Aiglons, englu\u00e9s dans une spirale n\u00e9gative tant sur le plan sportif qu&rsquo;institutionnel.<\/p>\n<p>Une crise qui couve depuis plusieurs mois<\/p>\n<p>Le timing de ce d\u00e9part ne doit rien au hasard. L&rsquo;OGC Nice traverse une p\u00e9riode de turbulences : neuf d\u00e9faites cons\u00e9cutives, une \u00e9limination pr\u00e9coce en Ligue Europa et des tensions croissantes avec les supporters. Cette s\u00e9rie noire a consid\u00e9rablement fragilis\u00e9 l&rsquo;environnement du club, obligeant la direction \u00e0 prendre des d\u00e9cisions fortes pour enrayer la dynamique n\u00e9gative. Pour assurer la transition, Jean-Pierre Riv\u00e8re reprend les r\u00eanes du club en redevenant pr\u00e9sident. \u00c0 ses c\u00f4t\u00e9s, Maurice Cohen est nomm\u00e9 vice-pr\u00e9sident d\u00e9l\u00e9gu\u00e9. Un duo bien connu des supporters ni\u00e7ois, cens\u00e9 ramener stabilit\u00e9 et exp\u00e9rience dans une p\u00e9riode particuli\u00e8rement instable.<\/p>\n<p>Si la fin de mandat de Bocquet est ternie par la crise actuelle, le dirigeant quitte malgr\u00e9 tout le club avec un bilan globalement positif sur les deux saisons pr\u00e9c\u00e9dentes : une 5e place en 2023-2024, suivie d&rsquo;une 4e place en 2024-2025. Sous son impulsion, le club a r\u00e9ussi \u00e0 r\u00e9duire son budget et \u00e0 all\u00e9ger sa masse salariale. Le d\u00e9part de Fabrice Bocquet marque ainsi un tournant important pour l&rsquo;OGC Nice. Reste \u00e0 savoir si ce changement de cap permettra au club de sortir de l&rsquo;orni\u00e8re et de retrouver le chemin de la r\u00e9ussite.<\/p>\n","protected":false},"excerpt":{"rendered":"Juba Touabi, Media365, publi\u00e9 le vendredi 19 d\u00e9cembre 2025 \u00e0 14h26 La temp\u00eate souffle fort sur l&rsquo;OGC Nice.&hellip;\n","protected":false},"author":2,"featured_media":609590,"comment_status":"","ping_status":"","sticky":false,"template":"","format":"standard","meta":{"footnotes":""},"categories":[2819],"tags":[1111,11,1777,674,1011,27,12,2401,882,25],"class_list":{"0":"post-609589","1":"post","2":"type-post","3":"status-publish","4":"format-standard","5":"has-post-thumbnail","7":"category-nice","8":"tag-actu","9":"tag-actualites","10":"tag-eu","11":"tag-europe","12":"tag-fr","13":"tag-france","14":"tag-news","15":"tag-nice","16":"tag-provence-alpes-cote-dazur","17":"tag-republique-francaise"},"share_on_mastodon":{"url":"https:\/\/pubeurope.com\/@fr\/115746499822240204","error":""},"_links":{"self":[{"href":"https:\/\/www.europesays.com\/fr\/wp-json\/wp\/v2\/posts\/609589","targetHints":{"allow":["GET"]}}],"collection":[{"href":"https:\/\/www.europesays.com\/fr\/wp-json\/wp\/v2\/posts"}],"about":[{"href":"https:\/\/www.europesays.com\/fr\/wp-json\/wp\/v2\/types\/post"}],"author":[{"embeddable":true,"href":"https:\/\/www.europesays.com\/fr\/wp-json\/wp\/v2\/users\/2"}],"replies":[{"embeddable":true,"href":"https:\/\/www.europesays.com\/fr\/wp-json\/wp\/v2\/comments?post=609589"}],"version-history":[{"count":0,"href":"https:\/\/www.europesays.com\/fr\/wp-json\/wp\/v2\/posts\/609589\/revisions"}],"wp:featuredmedia":[{"embeddable":true,"href":"https:\/\/www.europesays.com\/fr\/wp-json\/wp\/v2\/media\/609590"}],"wp:attachment":[{"href":"https:\/\/www.europesays.com\/fr\/wp-json\/wp\/v2\/media?parent=609589"}],"wp:term":[{"taxonomy":"category","embeddable":true,"href":"https:\/\/www.europesays.com\/fr\/wp-json\/wp\/v2\/categories?post=609589"},{"taxonomy":"post_tag","embeddable":true,"href":"https:\/\/www.europesays.com\/fr\/wp-json\/wp\/v2\/tags?post=609589"}],"curies":[{"name":"wp","href":"https:\/\/api.w.org\/{rel}","templated":true}]}}