{"id":609597,"date":"2025-12-19T13:40:20","date_gmt":"2025-12-19T13:40:20","guid":{"rendered":"https:\/\/www.europesays.com\/fr\/609597\/"},"modified":"2025-12-19T13:40:20","modified_gmt":"2025-12-19T13:40:20","slug":"deux-eboueurs-sauvent-une-femme-qui-allait-sauter-dun-pont","status":"publish","type":"post","link":"https:\/\/www.europesays.com\/fr\/609597\/","title":{"rendered":"Deux \u00e9boueurs sauvent une femme qui allait sauter d\u2019un pont"},"content":{"rendered":"<p>Ils se souviendront longtemps de cette tourn\u00e9e.\u00a0Mercredi 10\u00a0d\u00e9cembre, deux agents de collecte de <a href=\"https:\/\/www.20minutes.fr\/bordeaux\/\" class=\"c-link c-link--is-underlined\" target=\"_blank\" rel=\"noopener\">Bordeaux<\/a> M\u00e9tropole ont emp\u00each\u00e9 une tentative de <a href=\"https:\/\/www.20minutes.fr\/dossier\/suicide\" class=\"c-link c-link--is-underlined\" target=\"_blank\" rel=\"noopener\">suicide<\/a>\u00a0alors qu\u2019ils passaient sur le <a href=\"https:\/\/www.20minutes.fr\/dossier\/pont\" class=\"c-link c-link--is-underlined\" target=\"_blank\" rel=\"noopener\">pont<\/a> d\u2019Aquitaine, rapporte <a href=\"https:\/\/actu.fr\/nouvelle-aquitaine\/bordeaux_33063\/ils-vont-tuer-mon-fils-deux-eboueurs-sauvent-une-femme-qui-s-appretait-a-sauter-du-pont-d-aquitaine_63585352.html\" target=\"_blank\" class=\"c-link c-link--is-underlined\" rel=\"noopener\">Actu Bordeaux<\/a>. En rentrant \u00e0 leur d\u00e9p\u00f4t vers 9h30, ils ont aper\u00e7u une femme en train d\u2019enjamber les barri\u00e8res de s\u00e9curit\u00e9.<\/p>\n<p>L\u2019\u00e9boueur qui se trouvait sur le si\u00e8ge passager s\u2019est imm\u00e9diatement pr\u00e9cipit\u00e9 vers elle. \u00ab\u00a0Je n\u2019ai pas r\u00e9fl\u00e9chi. [\u2026] J\u2019ai travers\u00e9 les voies en arr\u00eatant les voitures et j\u2019ai essay\u00e9 de l\u2019attraper par la taille\u00a0\u00bb, raconte-t-il. Son coll\u00e8gue l\u2019a rejoint dans la foul\u00e9e.<\/p>\n<p>Un policier se menotte \u00e0 la femme<\/p>\n<p>Selon l\u2019agent, la femme \u00e2g\u00e9e d\u2019environ 50 ans tenait des propos incoh\u00e9rents. \u00ab\u00a0On voyait qu\u2019elle \u00e9tait perdue, elle se sentait oblig\u00e9e d\u2019en finir.\u00a0\u00bb, confie le jeune homme de 26 ans. Heureusement, cela n\u2019est pas arriv\u00e9 gr\u00e2ce \u00e0 l\u2019intervention des deux coll\u00e8gues.<\/p>\n<\/p>\n<p>Ils ont r\u00e9ussi \u00e0 discuter avec elle jusqu\u2019\u00e0 l\u2019arriv\u00e9e des forces de l\u2019ordre et des pompiers dix minutes plus tard. Un policier\u00a0s\u2019est directement menott\u00e9 \u00e0 la victime pour l\u2019emp\u00eacher de sauter. Les deux \u00e9boueurs ont \u00e9t\u00e9 salu\u00e9s par leur hi\u00e9rarchie mais ils refusent d\u2019\u00eatre qualifi\u00e9s de h\u00e9ros.<\/p>\n","protected":false},"excerpt":{"rendered":"Ils se souviendront longtemps de cette tourn\u00e9e.\u00a0Mercredi 10\u00a0d\u00e9cembre, deux agents de collecte de Bordeaux M\u00e9tropole ont emp\u00each\u00e9 une&hellip;\n","protected":false},"author":2,"featured_media":609598,"comment_status":"","ping_status":"","sticky":false,"template":"","format":"standard","meta":{"footnotes":""},"categories":[2817],"tags":[1111,47,11,3177,1997,1777,674,118,7477,1011,27,2905,12,2219,25,22128],"class_list":{"0":"post-609597","1":"post","2":"type-post","3":"status-publish","4":"format-standard","5":"has-post-thumbnail","7":"category-bordeaux","8":"tag-actu","9":"tag-actualite","10":"tag-actualites","11":"tag-aquitaine","12":"tag-bordeaux","13":"tag-eu","14":"tag-europe","15":"tag-faits-divers","16":"tag-faits-divers-bordeaux","17":"tag-fr","18":"tag-france","19":"tag-gironde","20":"tag-news","21":"tag-nouvelle-aquitaine","22":"tag-republique-francaise","23":"tag-tentative-de-suicide"},"share_on_mastodon":{"url":"https:\/\/pubeurope.com\/@fr\/115746519655372549","error":""},"_links":{"self":[{"href":"https:\/\/www.europesays.com\/fr\/wp-json\/wp\/v2\/posts\/609597","targetHints":{"allow":["GET"]}}],"collection":[{"href":"https:\/\/www.europesays.com\/fr\/wp-json\/wp\/v2\/posts"}],"about":[{"href":"https:\/\/www.europesays.com\/fr\/wp-json\/wp\/v2\/types\/post"}],"author":[{"embeddable":true,"href":"https:\/\/www.europesays.com\/fr\/wp-json\/wp\/v2\/users\/2"}],"replies":[{"embeddable":true,"href":"https:\/\/www.europesays.com\/fr\/wp-json\/wp\/v2\/comments?post=609597"}],"version-history":[{"count":0,"href":"https:\/\/www.europesays.com\/fr\/wp-json\/wp\/v2\/posts\/609597\/revisions"}],"wp:featuredmedia":[{"embeddable":true,"href":"https:\/\/www.europesays.com\/fr\/wp-json\/wp\/v2\/media\/609598"}],"wp:attachment":[{"href":"https:\/\/www.europesays.com\/fr\/wp-json\/wp\/v2\/media?parent=609597"}],"wp:term":[{"taxonomy":"category","embeddable":true,"href":"https:\/\/www.europesays.com\/fr\/wp-json\/wp\/v2\/categories?post=609597"},{"taxonomy":"post_tag","embeddable":true,"href":"https:\/\/www.europesays.com\/fr\/wp-json\/wp\/v2\/tags?post=609597"}],"curies":[{"name":"wp","href":"https:\/\/api.w.org\/{rel}","templated":true}]}}