{"id":609603,"date":"2025-12-19T13:43:14","date_gmt":"2025-12-19T13:43:14","guid":{"rendered":"https:\/\/www.europesays.com\/fr\/609603\/"},"modified":"2025-12-19T13:43:14","modified_gmt":"2025-12-19T13:43:14","slug":"cinq-patinoires-a-tester-pour-noel-dans-la-metropole-de-lille","status":"publish","type":"post","link":"https:\/\/www.europesays.com\/fr\/609603\/","title":{"rendered":"Cinq patinoires \u00e0 tester pour No\u00ebl, dans la m\u00e9tropole de Lille"},"content":{"rendered":"<p>                    Par<br \/>\n        <strong><br \/>\n            <a href=\"https:\/\/actu.fr\/auteur\/amandine-vachez\" title=\"Consulter tous les articles de Amandine Vachez\" target=\"_blank\" rel=\"noopener\">Amandine Vachez<\/a><br \/>\n                    <\/strong><\/p>\n<p>        Publi\u00e9 le<\/p>\n<p>            19 d\u00e9c. 2025 \u00e0 13h46        <\/p>\n<p>Chaque ann\u00e9e, c\u2019est un rendez-vous pour les amateurs de glisse. Les<b> patinoires de No\u00ebl<\/b> se greffent dans des villages th\u00e9matiques \u00e9ph\u00e9m\u00e8res. Voici celles que la r\u00e9daction a rep\u00e9r\u00e9es, dans la m\u00e9tropole de <a href=\"https:\/\/actu.fr\/lille\/\" target=\"_blank\" rel=\"noopener\">Lille<\/a> (Nord). Notez que la <b>patinoire fixe de Wasquehal<\/b> vous plonge aussi dans la <b>magie des f\u00eates <\/b>en<b> d\u00e9cembre\u00a02025.<\/b><\/p>\n<p>Cinq endroits o\u00f9 patiner en d\u00e9cembre<\/p>\n<p class=\" wall-content\">C\u2019est ce qui en fait ind\u00e9niablement\u00a0<a href=\"https:\/\/actu.fr\/hauts-de-france\/marcq-en-baroeul_59378\/une-des-plus-belles-patinoires-de-noel-de-la-metropole-de-lille-ouvre-ses-portes-ce-samedi_63516630.html\" target=\"_blank\" rel=\"noopener\">l\u2019une des plus belles du territoire<\/a>, dans un lieu magique pour les enfants en toute saison. La<b> patinoire synth\u00e9tique de 200 m\u00b2 <\/b>install\u00e9e sous la halle \u00e0 Marcq-en-Bar\u0153ul \u00e0 la Ferme aux Oies (121, Pav\u00e9 Strat\u00e9gique) sera ouverte tous les jours pendant les vacances scolaires, de 14\u2009h \u00e0 18\u2009h\u200930, \u00e0 l\u2019exception des 25\u00a0d\u00e9cembre et 1er\u00a0janvier. \u00c0 noter qu\u2019une<b>\u00a0<\/b>fermeture anticip\u00e9e \u00e0 17\u2009h est pr\u00e9vue les mercredis 24 et 31\u00a0d\u00e9cembre, la derni\u00e8re s\u00e9ance se terminant \u00e0 16\u2009h\u200930. L\u2019acc\u00e8s est propos\u00e9 au tarif\u2009de 2\u00a0\u20ac pour 30\u00a0minutes. Plus d\u2019infos <a href=\"https:\/\/www.marcq-en-baroeul.org\/mon-quotidien\/actualite\/noel-a-marcq\" target=\"_blank\" rel=\"noopener\">sur le site officiel de la Ville<\/a>.<\/p>\n<p class=\" wall-content\">En marge du <a href=\"https:\/\/actu.fr\/hauts-de-france\/roubaix_59512\/un-des-plus-beaux-marches-de-noel-de-la-metropole-de-lille-debute-ce-vendredi_63489353.html\" target=\"_blank\" rel=\"noopener\">march\u00e9 de No\u00ebl durable<\/a>, la fameuse patinoire install\u00e9e sur la Grand-Place est de retour cette saison, jusqu\u2019au 4\u00a0janvier \u00e9galement. Pendant les vacances, elle est ouverte tous les jours\u2009: en semaine de 11\u2009h \u00e0 18\u2009h et le week-end de 11\u2009h \u00e0 20\u2009h. Les 24 et 31\u00a0d\u00e9cembre, elle fermera ses portes \u00e0 17\u2009h. Le 25\u00a0d\u00e9cembre et le 1er\u00a0janvier, elle restera ouverte de 14\u2009h \u00e0 20\u2009h. Il faut compter 3,50\u00a0\u20ac par personne (le pr\u00eat des patins est inclus). Par s\u00e9curit\u00e9, sur la glace, le port de gants et chaussettes est obligatoire. Plus d\u2019infos <a href=\"https:\/\/www.ville-roubaix.fr\/agenda\/patinoire-de-noel-2025\" target=\"_blank\" rel=\"noopener\">sur le site officiel de la Ville de Roubaix<\/a>.<\/p>\n<p class=\" wall-content\">Ce mois-ci, c\u2019est No\u00ebl \u00e0 la patinoire Serge Charles\u2009! Diverses animations sont propos\u00e9es tout au long du mois. Ces vacances, la patinoire est ouverte tous les jours, hors jours f\u00e9ri\u00e9s (25\u00a0d\u00e9cembre et 1er\u00a0janvier). Les 24 et 31\u00a0d\u00e9cembre, elle sera accessible de 10\u2009h \u00e0 17\u2009h\u200930. Le reste des jours de la semaine, de 10\u2009h \u00e0 12\u2009h et de 14\u2009h\u200930 \u00e0 20\u2009h, et les jeudis et vendredis jusqu\u2019\u00e0 23\u2009h\u200930\u2009! Important\u2009: les shorts, robes et jupes ne sont pas autoris\u00e9s sur la glace pour des raisons de s\u00e9curit\u00e9.<\/p>\n<p>Votre r\u00e9gion, votre actu !<\/p>\n<p>Recevez chaque jour les infos qui comptent pour vous.<\/p>\n<p>\t<a href=\"https:\/\/actu.fr\/newsletter\" class=\"ac-btn ac-btn--corner ac-btn--medium ac-btn--blue800\" target=\"_blank\" rel=\"noopener\">S&rsquo;incrire<\/a><\/p>\n<p class=\" wall-content\">Au programme du mercredi 24\u00a0d\u00e9cembre de 10\u2009h \u00e0 12\u2009h, \u00ab\u2009freestyle on ice\u2009\u00bb, puis soir\u00e9e mousse, le samedi\u00a027, de 18\u2009h \u00e0 23\u2009h. C\u00f4t\u00e9 tarif, comptez de 2\u00a0\u20ac (enfant de moins de 4\u00a0ans) \u00e0 5,50\u00a0\u20ac (adulte), des offres sp\u00e9ciales sont propos\u00e9es, notamment aux familles. Toutes les infos pratiques sont <a href=\"https:\/\/www.patinoire-lillemetropole.fr\/non-classe\/viens-passer-noel-a-la-patinoire-2\/\" target=\"_blank\" rel=\"noopener\">disponibles en ligne<\/a>.<\/p>\n<p class=\" wall-content\">\u00ab\u2009Petits, ados, adultes\u2026 Que vous soyez confirm\u00e9s ou d\u00e9butants, d\u00e9couvrez les joies de la glisse sur cette patinoire synth\u00e9tique\u2009!\u2009\u00bb, annonce la Ville, dans son agenda de la fin d\u2019ann\u00e9e. La patinoire \u00e9ph\u00e9m\u00e8re de No\u00ebl \u00e0 Lomme est \u00e0 tester gratuitement, avec des sessions de 30 minutes. Patins et casque sont fournis, mais pensez \u00e0 amener vos propres gants\u2009! Elle est ouverte jusqu\u2019au mercredi 24 d\u00e9cembre, de 10\u2009h \u00e0 19\u2009h le week-end, de 14\u2009h \u00e0 19\u2009h les 22 et 23 d\u00e9cembre et de 10\u2009h \u00e0 15\u2009h\u200930 le 24 d\u00e9cembre. Le programme complet des animations de No\u00ebl est \u00e0 retrouver <a href=\"https:\/\/actu.fr\/hauts-de-france\/roubaix_59512\/file:\/\/\/C:\/Users\/amandine.vachez\/Desktop\/MARCHE+DE+NOEL+-+Programme+2025%20(1).pdf\" target=\"_blank\" rel=\"noopener\">via le site de la Ville<\/a>.<\/p>\n<p class=\" wall-content\">La ville de Hem aussi a sa patinoire de No\u00ebl, jusqu\u2019au 28\u00a0d\u00e9cembre\u2009! Sur la Grand-Place, cette installation de 180 m\u00b2 est accessible \u00e0 partir de 3\u00a0ans. Mais attention, sans surprise les enfants de moins de 7\u00a0ans doivent \u00eatre accompagn\u00e9s, d\u2019un majeur sur la glace. Les gants sont obligatoires pour y acc\u00e9der. La patinoire est ouverte de 10\u2009h \u00e0 12\u2009h et de 14\u2009h \u00e0 19\u2009h, exceptionnellement jusqu\u2019\u00e0 20\u2009h\u200930 le samedi 20\u00a0d\u00e9cembre (o\u00f9 des animations sont pr\u00e9vues en fin de journ\u00e9e, avec des ateliers d\u00e8s 16\u2009h\u200930, la venue du P\u00e8re No\u00ebl vers 18\u2009h et un feu d\u2019artifice \u00e0 19\u2009h). Les mardi\u00a024 et dimanche 28\u00a0d\u00e9cembre, elle ferme ses portes \u00e0 16\u2009h, et sera ferm\u00e9e le jour de No\u00ebl. Retrouvez le programme des festivit\u00e9s de No\u00ebl <a href=\"https:\/\/www.ville-hem.fr\/2025\/11\/19\/fetes-de-noel-a-hem\/\" target=\"_blank\" rel=\"noopener\">sur le site de la municipalit\u00e9<\/a>.<\/p>\n<p class=\" wall-content\">De quoi s\u2019offrir de bons moments avec vos proches\u2009!<\/p>\n<p class=\" wall-content\">Personnalisez votre actualit\u00e9 en ajoutant vos villes et m\u00e9dias en favori avec <a href=\"https:\/\/moncompte.actu.fr\" title=\"D\u00e9couvez Mon Actu\" rel=\"nofollow noopener\" data-trk=\"{&quot;cta&quot;:{&quot;action&quot;:&quot;https:\\\/\\\/moncompte.actu.fr&quot;,&quot;category&quot;:&quot;mon compte&quot;,&quot;from&quot;:&quot;article footer&quot;,&quot;name&quot;:&quot;Mon actu&quot;,&quot;type&quot;:&quot;cta&quot;}}\" target=\"_blank\">Mon Actu<\/a>.<\/p>\n","protected":false},"excerpt":{"rendered":"Par Amandine Vachez Publi\u00e9 le 19 d\u00e9c. 2025 \u00e0 13h46 Chaque ann\u00e9e, c\u2019est un rendez-vous pour les amateurs&hellip;\n","protected":false},"author":2,"featured_media":609604,"comment_status":"","ping_status":"","sticky":false,"template":"","format":"standard","meta":{"footnotes":""},"categories":[2815],"tags":[1111,11,1777,674,1011,27,811,1307,1652,12,15830,25],"class_list":{"0":"post-609603","1":"post","2":"type-post","3":"status-publish","4":"format-standard","5":"has-post-thumbnail","7":"category-lille","8":"tag-actu","9":"tag-actualites","10":"tag-eu","11":"tag-europe","12":"tag-fr","13":"tag-france","14":"tag-hauts-de-france","15":"tag-lille","16":"tag-loisirs-culture","17":"tag-news","18":"tag-noel","19":"tag-republique-francaise"},"share_on_mastodon":{"url":"https:\/\/pubeurope.com\/@fr\/115746531248546721","error":""},"_links":{"self":[{"href":"https:\/\/www.europesays.com\/fr\/wp-json\/wp\/v2\/posts\/609603","targetHints":{"allow":["GET"]}}],"collection":[{"href":"https:\/\/www.europesays.com\/fr\/wp-json\/wp\/v2\/posts"}],"about":[{"href":"https:\/\/www.europesays.com\/fr\/wp-json\/wp\/v2\/types\/post"}],"author":[{"embeddable":true,"href":"https:\/\/www.europesays.com\/fr\/wp-json\/wp\/v2\/users\/2"}],"replies":[{"embeddable":true,"href":"https:\/\/www.europesays.com\/fr\/wp-json\/wp\/v2\/comments?post=609603"}],"version-history":[{"count":0,"href":"https:\/\/www.europesays.com\/fr\/wp-json\/wp\/v2\/posts\/609603\/revisions"}],"wp:featuredmedia":[{"embeddable":true,"href":"https:\/\/www.europesays.com\/fr\/wp-json\/wp\/v2\/media\/609604"}],"wp:attachment":[{"href":"https:\/\/www.europesays.com\/fr\/wp-json\/wp\/v2\/media?parent=609603"}],"wp:term":[{"taxonomy":"category","embeddable":true,"href":"https:\/\/www.europesays.com\/fr\/wp-json\/wp\/v2\/categories?post=609603"},{"taxonomy":"post_tag","embeddable":true,"href":"https:\/\/www.europesays.com\/fr\/wp-json\/wp\/v2\/tags?post=609603"}],"curies":[{"name":"wp","href":"https:\/\/api.w.org\/{rel}","templated":true}]}}