{"id":609608,"date":"2025-12-19T13:46:17","date_gmt":"2025-12-19T13:46:17","guid":{"rendered":"https:\/\/www.europesays.com\/fr\/609608\/"},"modified":"2025-12-19T13:46:17","modified_gmt":"2025-12-19T13:46:17","slug":"dej-en-terrasse-et-heure-de-pointe-pourquoi-marseille-sincruste-dans-le-metro-parisien","status":"publish","type":"post","link":"https:\/\/www.europesays.com\/fr\/609608\/","title":{"rendered":"\u00ab\u00a0D\u00e9j en terrasse\u00a0\u00bb et \u00ab\u00a0heure de pointe\u00a0\u00bb, pourquoi Marseille s\u2019incruste dans le m\u00e9tro parisien ?"},"content":{"rendered":"<p> \u00abToujours la course\u00a0\u00bb avec deux hommes en plein footing ensoleill\u00e9 sur la corniche Kennedy. \u00ab\u00a0Pause d\u00e9j en terrasse\u00a0\u00bb associ\u00e9e \u00e0 un plateau de fruit de mer sur la plage du Bain des dames. \u00ab\u00a0Heure de pointe\u00a0\u00bb o\u00f9 l\u2019on voit un homme qui tient une boule de p\u00e9tanque\u2026 Ces clich\u00e9s <a href=\"https:\/\/www.20minutes.fr\/marseille\/\" class=\"c-link c-link--is-underlined\" target=\"_blank\" rel=\"noopener\">marseillais<\/a>, pris par le photographe Th\u00e9o Giacometti, ont fait leur apparition depuis quelques jours dans les couloirs du <a href=\"https:\/\/www.20minutes.fr\/dossier\/metro\" class=\"c-link c-link--is-underlined\" target=\"_blank\" rel=\"noopener\">m\u00e9tro <\/a>parisien.<\/p>\n<p>Ciel bleu, soleil, mer\u2026 Voil\u00e0 de quoi faire un peu maronner les usagers franciliens. Cette campagne, orchestr\u00e9e par l\u2019Office de <a href=\"https:\/\/www.20minutes.fr\/dossier\/tourisme\" class=\"c-link c-link--is-underlined\" target=\"_blank\" rel=\"noopener\">Tourisme<\/a>, des Loisirs et des Congr\u00e8s de Marseille, est visible jusqu\u2019au 21\u00a0d\u00e9cembre. Les photographies seront ensuite remplac\u00e9es par de nouveaux visuels du 26\u00a0janvier au 1er\u00a0f\u00e9vrier, toujours dans le m\u00eame esprit. \u00ab\u00a0On voulait une campagne douce, qui correspond vraiment \u00e0 la ville, souligne Maxime Tissot, directeur g\u00e9n\u00e9ral de l\u2019Office du tourisme. La Corniche, la plage\u2026 Ce n\u2019est pas de la fiction, c\u2019est ce qu\u2019on fait au quotidien.\u00a0\u00bb<\/p>\n<p><img decoding=\"async\" alt=\"Les photographies prises par Th\u00e9o Giacometti vont \u00eatre d\u00e9ploy\u00e9es dans le m\u00e9tro parisien jusqu'au 21 d\u00e9cembre. \" class=\"c-img\" loading=\"lazy\" fetchpriority=\"auto\" width=\"718\"  src=\"https:\/\/img.20mn.fr\/TsUvz5XSTYWtfshU9BwgkSk\/718x0\" \/>Les photographies prises par Th\u00e9o Giacometti vont \u00eatre d\u00e9ploy\u00e9es dans le m\u00e9tro parisien jusqu&rsquo;au 21 d\u00e9cembre. \u2002-\u00a0Office de Tourisme, des Loisirs et des Congr\u00e8sVenir \u00ab\u00a0hors saison\u00a0\u00bb<\/p>\n<p>Cet accrochage dans la capitale fait partie d\u2019une strat\u00e9gie de communication plus vaste d\u00e9ploy\u00e9e de novembre \u00e0 avril, avec le slogan \u00ab\u00a0La belle saison, m\u00eame hors saison\u00a0\u00bb. L\u2019objectif\u00a0: attirer les visiteurs en hiver dans la cit\u00e9 phoc\u00e9enne, qui attire d\u00e9j\u00e0 beaucoup au printemps et en \u00e9t\u00e9. \u00ab\u00a0On est en concurrence avec les soldes, le ski, les destinations lointaines pour ceux qui ont de l\u2019argent\u2026\u00a0\u00bb, contextualise Maxime Tissot.<\/p>\n<\/p>\n<p>Pour tenter d\u2019attirer les touristes \u00e9trangers, la campagne est aussi visible dans plusieurs pays europ\u00e9ens tels que la Suisse, le Royaume-Uni, les pays scandinaves, l\u2019Espagne ou encore l\u2019Allemagne. Mais aussi au-del\u00e0 des oc\u00e9ans, aux Etats-Unis, au Canada, en Chine et en Cor\u00e9e du Sud. \u00ab\u00a0C\u2019est notre troisi\u00e8me ann\u00e9e de la campagne. Petit \u00e0 petit on monte en budget, en cible, et les retomb\u00e9es sont extraordinaires\u00a0\u00bb, assure Maxime Tissot. La campagne actuelle, en comptant les recours aux <a href=\"https:\/\/www.20minutes.fr\/arts-stars\/web\/influenceur\/\" class=\"c-link c-link--is-underlined\" target=\"_blank\" rel=\"noopener\">influenceurs <\/a>et les partenariats avec des sites de voyages comme Expedia, aura co\u00fbt\u00e9 450.000 euros.<\/p>\n<p>L\u2019ann\u00e9e derni\u00e8re, \u00e0 l\u2019occasion des vacances de <a href=\"https:\/\/www.20minutes.fr\/noel\/\" class=\"c-link c-link--is-underlined\" target=\"_blank\" rel=\"noopener\">No\u00ebl<\/a>, les nuit\u00e9es touristiques globales, nationales et internationales \u00e0 Marseille ont augment\u00e9 de 6\u00a0% par rapport \u00e0\u00a02023, selon les chiffres de l\u2019Office du tourisme, tir\u00e9es par la hausse des visiteurs allemands (+\u00a026\u00a0%), italiens (+\u00a016\u00a0%) et espagnols (+\u00a014\u00a0%). Le taux d\u2019occupation des \u00e9tablissements du centre-ville, notamment au <a href=\"https:\/\/www.20minutes.fr\/dossier\/vieux_port\" class=\"c-link c-link--is-underlined\" target=\"_blank\" rel=\"noopener\">Vieux-Port<\/a>, a atteint les plus de 60\u00a0%.<\/p>\n","protected":false},"excerpt":{"rendered":"\u00abToujours la course\u00a0\u00bb avec deux hommes en plein footing ensoleill\u00e9 sur la corniche Kennedy. \u00ab\u00a0Pause d\u00e9j en terrasse\u00a0\u00bb&hellip;\n","protected":false},"author":2,"featured_media":609609,"comment_status":"","ping_status":"","sticky":false,"template":"","format":"standard","meta":{"footnotes":""},"categories":[2814],"tags":[1111,47,11,885,536,33,1777,674,1011,27,6736,884,12,15830,883,882,1834,25,602,2528,1179,586],"class_list":{"0":"post-609608","1":"post","2":"type-post","3":"status-publish","4":"format-standard","5":"has-post-thumbnail","7":"category-marseille","8":"tag-actu","9":"tag-actualite","10":"tag-actualites","11":"tag-bouches-du-rhone","12":"tag-communication","13":"tag-economie","14":"tag-eu","15":"tag-europe","16":"tag-fr","17":"tag-france","18":"tag-hiver","19":"tag-marseille","20":"tag-news","21":"tag-noel","22":"tag-paca","23":"tag-provence-alpes-cote-dazur","24":"tag-publicite","25":"tag-republique-francaise","26":"tag-tourisme","27":"tag-vacances","28":"tag-vieux-port","29":"tag-voyage"},"share_on_mastodon":{"url":"https:\/\/pubeurope.com\/@fr\/115746544059075988","error":""},"_links":{"self":[{"href":"https:\/\/www.europesays.com\/fr\/wp-json\/wp\/v2\/posts\/609608","targetHints":{"allow":["GET"]}}],"collection":[{"href":"https:\/\/www.europesays.com\/fr\/wp-json\/wp\/v2\/posts"}],"about":[{"href":"https:\/\/www.europesays.com\/fr\/wp-json\/wp\/v2\/types\/post"}],"author":[{"embeddable":true,"href":"https:\/\/www.europesays.com\/fr\/wp-json\/wp\/v2\/users\/2"}],"replies":[{"embeddable":true,"href":"https:\/\/www.europesays.com\/fr\/wp-json\/wp\/v2\/comments?post=609608"}],"version-history":[{"count":0,"href":"https:\/\/www.europesays.com\/fr\/wp-json\/wp\/v2\/posts\/609608\/revisions"}],"wp:featuredmedia":[{"embeddable":true,"href":"https:\/\/www.europesays.com\/fr\/wp-json\/wp\/v2\/media\/609609"}],"wp:attachment":[{"href":"https:\/\/www.europesays.com\/fr\/wp-json\/wp\/v2\/media?parent=609608"}],"wp:term":[{"taxonomy":"category","embeddable":true,"href":"https:\/\/www.europesays.com\/fr\/wp-json\/wp\/v2\/categories?post=609608"},{"taxonomy":"post_tag","embeddable":true,"href":"https:\/\/www.europesays.com\/fr\/wp-json\/wp\/v2\/tags?post=609608"}],"curies":[{"name":"wp","href":"https:\/\/api.w.org\/{rel}","templated":true}]}}