{"id":609610,"date":"2025-12-19T13:47:13","date_gmt":"2025-12-19T13:47:13","guid":{"rendered":"https:\/\/www.europesays.com\/fr\/609610\/"},"modified":"2025-12-19T13:47:13","modified_gmt":"2025-12-19T13:47:13","slug":"rhone-plus-de-vingt-ans-apres-un-meurtre-en-isere-un-suspect-interpelle-pres-de-lyon","status":"publish","type":"post","link":"https:\/\/www.europesays.com\/fr\/609610\/","title":{"rendered":"Rh\u00f4ne. Plus de vingt ans apr\u00e8s un meurtre en Is\u00e8re, un suspect interpell\u00e9 pr\u00e8s de Lyon"},"content":{"rendered":"<p>C\u2019est un meurtre non \u00e9lucid\u00e9 qui conna\u00eet aujourd\u2019hui un nouveau rebondissement, et comme souvent, gr\u00e2ce \u00e0 la science, a appris Le Progr\u00e8s ce vendredi.<\/p>\n<p>Dans la soir\u00e9e du 27 f\u00e9vrier 2002, Fulvio Petrozzi, \u00e2g\u00e9 de 60 ans, se trouvait avec son \u00e9pouse \u00e0 leur domicile situ\u00e9 route des Grandes Bruy\u00e8res, \u00e0 Seyssuel, dans l\u2019Is\u00e8re, pr\u00e8s de Vienne.<\/p>\n<p>Aux alentours de 20 heures, l\u2019homme se rend sur sa terrasse, c\u00f4t\u00e9 fa\u00e7ade, afin de fermer les volets de la cuisine. Alors qu\u2019il se tient devant sa fen\u00eatre, il est mortellement touch\u00e9 par un tir de fusil de chasse qui l\u2019atteint dans le bas du dos. Alert\u00e9s par la d\u00e9tonation, des voisins et l\u2019\u00e9pouse de la victime se pr\u00e9cipitent et d\u00e9couvrent le sexag\u00e9naire agonisant sur la terrasse.<\/p>\n<p>Plac\u00e9 en d\u00e9tention provisoire<\/p>\n<p>Malgr\u00e9 l\u2019enqu\u00eate, l\u2019auteur des faits n\u2019a pu \u00eatre identifi\u00e9. En mars 2005, un appel \u00e0 t\u00e9moin avait \u00e9t\u00e9 lanc\u00e9 par la section de recherche de Grenoble pour tenter de relancer l&rsquo;affaire. \u00ab L&rsquo;enqu\u00eate continue.\u00bb avait alors confi\u00e9 le lieutenant-colonel Tabel, \u00ab patron \u00bb de la section de recherches.\u00a0Sans succ\u00e8s \u00e0 cet instant, mais le militaire avait raison d&rsquo;y croire.<\/p>\n<p>Pr\u00e8s de deux d\u00e9cennies plus tard, le dossier est par le p\u00f4le cold case de Nanterre, cr\u00e9\u00e9 en mars 2022. Avec cette fois une avanc\u00e9e majeure.<\/p>\n<p>Ce contenu est bloqu\u00e9 car vous n&rsquo;avez pas accept\u00e9 les cookies et autres traceurs.<\/p>\n<p>En cliquant sur \u00ab J\u2019accepte \u00bb, les cookies et autres traceurs seront d\u00e9pos\u00e9s et vous pourrez visualiser les contenus  (<a href=\"\" class=\"consentModule_policy\" target=\"_blank\" title=\"Consulter la politique de protection des donn\u00e9es du fournisseur\">plus d&rsquo;informations<\/a>).<\/p>\n<p>En cliquant sur \u00ab J\u2019accepte tous les cookies \u00bb, vous autorisez des d\u00e9p\u00f4ts de cookies et autres traceurs pour le stockage de vos donn\u00e9es sur nos sites et applications \u00e0 des fins de personnalisation et de ciblage publicitaire.<\/p>\n<p class=\"consentModule_secondaryText\">Vous gardez la possibilit\u00e9 de retirer votre consentement \u00e0 tout moment en consultant notre <a href=\"https:\/\/www.leprogres.fr\/protection-des-donnees\" target=\"_blank\" title=\"Consulter notre politique de protection des donn\u00e9es\" rel=\"noopener\">politique de protection des donn\u00e9es<\/a>. <br \/>&#13;<br \/>\n            <a href=\"https:\/\/www.leprogres.fr\/faits-divers-justice\/2025\/12\/19\/javascript:Didomi.notice.show()\" class=\"consentModule_cmp\" target=\"_blank\" rel=\"noopener\">G\u00e9rer mes choix<\/a>&#13;\n        <\/p>\n<p>&#13;<br \/>\n                        J&rsquo;accepte&#13;<br \/>\n            J&rsquo;accepte tous les cookies&#13;\n        <\/p>\n<p>Toujours selon nos informations, de nouvelles analyses ADN ont r\u00e9cemment permis aux enqu\u00eateurs d\u2019identifier un suspect, domicili\u00e9 dans le Rh\u00f4ne. Le 4 d\u00e9cembre dernier, le mis en cause, \u00e2g\u00e9 de 50 ans, est ainsi interpell\u00e9 \u00e0 D\u00e9cines-Charpieu par la section de recherches de Grenoble.<\/p>\n<p>Plac\u00e9 en garde \u00e0 vue, il a \u00e9t\u00e9 pr\u00e9sent\u00e9 \u00e0 un juge et mis en examen le 9 d\u00e9cembre dernier, avant d\u2019\u00eatre plac\u00e9 en d\u00e9tention provisoire.<\/p>\n","protected":false},"excerpt":{"rendered":"C\u2019est un meurtre non \u00e9lucid\u00e9 qui conna\u00eet aujourd\u2019hui un nouveau rebondissement, et comme souvent, gr\u00e2ce \u00e0 la science,&hellip;\n","protected":false},"author":2,"featured_media":609611,"comment_status":"","ping_status":"","sticky":false,"template":"","format":"standard","meta":{"footnotes":""},"categories":[1889],"tags":[1111,11,2430,271,4624,272,3152,2757,3154,1777,674,274,107,1011,27,108,2428,12,25,2429,1584],"class_list":{"0":"post-609610","1":"post","2":"type-post","3":"status-publish","4":"format-standard","5":"has-post-thumbnail","7":"category-lyon","8":"tag-actu","9":"tag-actualites","10":"tag-auvergne-rhone-alpes","11":"tag-crime","12":"tag-decines-charpieu","13":"tag-delit-et-contravention","14":"tag-edition-est-lyonnais","15":"tag-edition-lyon-villeurbanne","16":"tag-edition-sud-lyonnais","17":"tag-eu","18":"tag-europe","19":"tag-faits-divers-justice","20":"tag-fil-info","21":"tag-fr","22":"tag-france","23":"tag-isere","24":"tag-lyon","25":"tag-news","26":"tag-republique-francaise","27":"tag-rhone","28":"tag-vienne"},"share_on_mastodon":{"url":"https:\/\/pubeurope.com\/@fr\/115746546915939656","error":""},"_links":{"self":[{"href":"https:\/\/www.europesays.com\/fr\/wp-json\/wp\/v2\/posts\/609610","targetHints":{"allow":["GET"]}}],"collection":[{"href":"https:\/\/www.europesays.com\/fr\/wp-json\/wp\/v2\/posts"}],"about":[{"href":"https:\/\/www.europesays.com\/fr\/wp-json\/wp\/v2\/types\/post"}],"author":[{"embeddable":true,"href":"https:\/\/www.europesays.com\/fr\/wp-json\/wp\/v2\/users\/2"}],"replies":[{"embeddable":true,"href":"https:\/\/www.europesays.com\/fr\/wp-json\/wp\/v2\/comments?post=609610"}],"version-history":[{"count":0,"href":"https:\/\/www.europesays.com\/fr\/wp-json\/wp\/v2\/posts\/609610\/revisions"}],"wp:featuredmedia":[{"embeddable":true,"href":"https:\/\/www.europesays.com\/fr\/wp-json\/wp\/v2\/media\/609611"}],"wp:attachment":[{"href":"https:\/\/www.europesays.com\/fr\/wp-json\/wp\/v2\/media?parent=609610"}],"wp:term":[{"taxonomy":"category","embeddable":true,"href":"https:\/\/www.europesays.com\/fr\/wp-json\/wp\/v2\/categories?post=609610"},{"taxonomy":"post_tag","embeddable":true,"href":"https:\/\/www.europesays.com\/fr\/wp-json\/wp\/v2\/tags?post=609610"}],"curies":[{"name":"wp","href":"https:\/\/api.w.org\/{rel}","templated":true}]}}