{"id":609612,"date":"2025-12-19T13:48:14","date_gmt":"2025-12-19T13:48:14","guid":{"rendered":"https:\/\/www.europesays.com\/fr\/609612\/"},"modified":"2025-12-19T13:48:14","modified_gmt":"2025-12-19T13:48:14","slug":"un-homme-grievement-blesse-par-balles-en-banlieue-de-lyon-sur-fond-de-trafic-de-drogue","status":"publish","type":"post","link":"https:\/\/www.europesays.com\/fr\/609612\/","title":{"rendered":"Un homme gri\u00e8vement bless\u00e9 par balles en banlieue de Lyon sur fond de trafic de drogue"},"content":{"rendered":"<p>\n    La victime \u00e2g\u00e9e d\u2019une vingtaine d\u2019ann\u00e9es a \u00e9t\u00e9 gri\u00e8vement bless\u00e9e par des tirs d\u2019arme \u00e0 feu dans la nuit de jeudi \u00e0 vendredi \u00e0 Vaulx-en-Velin, \u00e0 proximit\u00e9 d\u2019un point de vente de drogues.<\/p>\n<p class=\"fig-paragraph\">Un homme a \u00e9t\u00e9 gri\u00e8vement bless\u00e9 par des tirs d&rsquo;arme \u00e0 feu dans la nuit de jeudi \u00e0 vendredi \u00e0\u00a0<a href=\"http:\/\/www.lefigaro.fr\/lyon\/incendie-mortel-a-vaulx-en-velin-trois-ans-apres-les-victimes-reclament-justice-et-reconnaissance-20251216\" data-fig-type=\"NewsFlash\" data-gtm-custom-categorie=\"navigation\" data-gtm-custom-action=\"crossclick\" data-gtm-custom-label=\"Contextuel\" data-gtm-event=\"customEventSPE\" data-fig-domain=\"LEFIGARO\" target=\"_blank\" rel=\"noopener\">Vaulx-en-Velin<\/a>\u00a0(Rh\u00f4ne) et son pronostic vital est engag\u00e9, a indiqu\u00e9 vendredi le parquet. Une enqu\u00eate a \u00e9t\u00e9 ouverte pour \u00abtentative d&rsquo;homicide volontaire\u00bb, confi\u00e9e \u00e0 la DCOS (division de la criminalit\u00e9 organis\u00e9e et sp\u00e9cialis\u00e9e) pour d\u00e9terminer les circonstances des faits, pr\u00e9cise le parquet.<\/p>\n<p class=\"fig-paragraph\">Selon une source polici\u00e8re, les faits sont survenus vers 1 heure du matin \u00e0 proximit\u00e9 d&rsquo;un point de vente de drogues. La victime, \u00e2g\u00e9e d&rsquo;environ une vingtaine d&rsquo;ann\u00e9es, a \u00e9t\u00e9 retrouv\u00e9e dans une voiture.<\/p>\n<p>                                            <a class=\"fig-a11y-skip\" href=\"#fig-a11y-skip-main-inarticle\" data-module=\"a11y-skip\" data-context=\"was @visible\"><br \/>\n    Passer la publicit\u00e9<br \/>\n<\/a>            <\/p>\n<p class=\"fig-paragraph\">En avril, un guetteur de 19 ans avait \u00e9t\u00e9 tu\u00e9 de plusieurs balles pr\u00e8s d&rsquo;un point de deal d&rsquo;un quartier sensible de\u00a0<a href=\"http:\/\/www.lefigaro.fr\/lyon\/rendre-le-deal-moins-confortable-et-plus-difficile-face-au-narcotrafic-la-ville-de-vaulx-en-velin-veut-reconquerir-l-espace-public-20250630\" data-fig-type=\"NewsFlash\" data-gtm-custom-categorie=\"navigation\" data-gtm-custom-action=\"crossclick\" data-gtm-custom-label=\"Contextuel\" data-gtm-event=\"customEventSPE\" data-fig-domain=\"LEFIGARO\" target=\"_blank\" rel=\"noopener\">Vaulx-en-Velin, sur fond de \u00abguerre des gangs\u00bb<\/a> \u00a0selon les autorit\u00e9s. Douze jours plus tard,\u00a0<a href=\"http:\/\/www.lefigaro.fr\/lyon\/assassinat-a-vaulx-en-velin-un-suspect-de-18-ans-recrute-sur-les-reseaux-sociaux-arrete-en-region-parisienne-20250416\" data-fig-type=\"NewsFlash\" data-gtm-custom-categorie=\"navigation\" data-gtm-custom-action=\"crossclick\" data-gtm-custom-label=\"Contextuel\" data-gtm-event=\"customEventSPE\" data-fig-domain=\"LEFIGARO\" target=\"_blank\" rel=\"noopener\">le tireur pr\u00e9sum\u00e9, \u00e2g\u00e9 de 18 ans, recrut\u00e9 sur les r\u00e9seaux sociaux et venu de la r\u00e9gion parisienne<\/a>, avait \u00e9t\u00e9 mis en examen pour \u00abmeurtre\u00bb. Un d\u00e9tenu de Corbas, pr\u00e8s de Lyon, soup\u00e7onn\u00e9 d&rsquo;avoir t\u00e9l\u00e9guid\u00e9 le meurtre depuis sa cellule pour \u00e9liminer la concurrence sur ce point de deal tr\u00e8s actif, a \u00e9galement \u00e9t\u00e9 mis en examen dans ce dossier.<\/p>\n","protected":false},"excerpt":{"rendered":"La victime \u00e2g\u00e9e d\u2019une vingtaine d\u2019ann\u00e9es a \u00e9t\u00e9 gri\u00e8vement bless\u00e9e par des tirs d\u2019arme \u00e0 feu dans la&hellip;\n","protected":false},"author":2,"featured_media":609613,"comment_status":"","ping_status":"","sticky":false,"template":"","format":"standard","meta":{"footnotes":""},"categories":[1889],"tags":[1111,11,2430,1777,674,1011,27,2428,12,25,5158,887],"class_list":{"0":"post-609612","1":"post","2":"type-post","3":"status-publish","4":"format-standard","5":"has-post-thumbnail","7":"category-lyon","8":"tag-actu","9":"tag-actualites","10":"tag-auvergne-rhone-alpes","11":"tag-eu","12":"tag-europe","13":"tag-fr","14":"tag-france","15":"tag-lyon","16":"tag-news","17":"tag-republique-francaise","18":"tag-tentative-dassassinat","19":"tag-trafic-de-drogue"},"share_on_mastodon":{"url":"https:\/\/pubeurope.com\/@fr\/115746550829649811","error":""},"_links":{"self":[{"href":"https:\/\/www.europesays.com\/fr\/wp-json\/wp\/v2\/posts\/609612","targetHints":{"allow":["GET"]}}],"collection":[{"href":"https:\/\/www.europesays.com\/fr\/wp-json\/wp\/v2\/posts"}],"about":[{"href":"https:\/\/www.europesays.com\/fr\/wp-json\/wp\/v2\/types\/post"}],"author":[{"embeddable":true,"href":"https:\/\/www.europesays.com\/fr\/wp-json\/wp\/v2\/users\/2"}],"replies":[{"embeddable":true,"href":"https:\/\/www.europesays.com\/fr\/wp-json\/wp\/v2\/comments?post=609612"}],"version-history":[{"count":0,"href":"https:\/\/www.europesays.com\/fr\/wp-json\/wp\/v2\/posts\/609612\/revisions"}],"wp:featuredmedia":[{"embeddable":true,"href":"https:\/\/www.europesays.com\/fr\/wp-json\/wp\/v2\/media\/609613"}],"wp:attachment":[{"href":"https:\/\/www.europesays.com\/fr\/wp-json\/wp\/v2\/media?parent=609612"}],"wp:term":[{"taxonomy":"category","embeddable":true,"href":"https:\/\/www.europesays.com\/fr\/wp-json\/wp\/v2\/categories?post=609612"},{"taxonomy":"post_tag","embeddable":true,"href":"https:\/\/www.europesays.com\/fr\/wp-json\/wp\/v2\/tags?post=609612"}],"curies":[{"name":"wp","href":"https:\/\/api.w.org\/{rel}","templated":true}]}}