{"id":609620,"date":"2025-12-19T13:53:13","date_gmt":"2025-12-19T13:53:13","guid":{"rendered":"https:\/\/www.europesays.com\/fr\/609620\/"},"modified":"2025-12-19T13:53:13","modified_gmt":"2025-12-19T13:53:13","slug":"paris-feu-vert-pour-le-classement-du-patrimoine-du-coeur-de-la-capitale","status":"publish","type":"post","link":"https:\/\/www.europesays.com\/fr\/609620\/","title":{"rendered":"Paris\u00a0: feu vert pour le classement du patrimoine du c\u0153ur de la capitale"},"content":{"rendered":"<p class=\"paragraph text_align_left lp-f-body-02\">La nouvelle est arriv\u00e9e d\u2019un tweet de la ministre de la Culture ce vendredi matin. \u00ab La commission nationale du patrimoine et de l\u2019architecture donne un avis favorable au classement du site patrimonial remarquable de <a href=\"https:\/\/www.leparisien.fr\/paris-75\/\" rel=\"noopener\" target=\"_blank\">Paris<\/a>, qui couvre notamment les sept premiers arrondissements de la ville \u00bb, \u00e9crit <a href=\"https:\/\/www.leparisien.fr\/politique\/rachida-dati\/\" target=\"_self\" rel=\"noopener\">Rachida Dati<\/a>, \u00e9galement maire du<a href=\"https:\/\/www.leparisien.fr\/paris-75\/paris-75007\/\" rel=\"noopener\" target=\"_blank\"> VIIe arrondissement<\/a> et <a href=\"https:\/\/www.leparisien.fr\/elections\/municipales\/municipales-paris\/\" rel=\"noopener\" target=\"_blank\">candidate \u00e0 la mairie de Paris<\/a>.<\/p>\n<p class=\"\">Cette d\u00e9cision marque une \u00e9tape cruciale dans un processus engag\u00e9 depuis plusieurs mois pour r\u00e9pondre aux exigences de l\u2019Unesco. En 1991, l\u2019organisation internationale avait class\u00e9 les rives de la Seine au patrimoine mondial. Plus de 30 ans plus tard, elle demandait \u00e0 la France d\u2019accompagner ce classement d\u2019une protection r\u00e9glementaire renforc\u00e9e.<\/p>\n<p>20 % du territoire parisien<\/p>\n<p class=\"\">Le site patrimonial remarquable englobe les sept premiers arrondissements de la capitale, une partie du VIIIe, mais \u00e9galement des secteurs des XIIe, XIIIe, XVe et XVIe arrondissements. Soit environ 20 % du territoire parisien, regroupant \u00e9glises, mus\u00e9es, immeubles haussmanniens et autres joyaux architecturaux.<\/p>\n<p class=\"\">\u00c0 l\u2019automne dernier, Rachida Dati avait install\u00e9 un comit\u00e9 pour \u00ab la mise en \u0153uvre de la protection \u00bb de ce vaste secteur. Cette initiative, qu\u2019elle revendique, avait toutefois fait r\u00e9agir la majorit\u00e9 municipale.<\/p>\n<p>Une mise \u00ab sous cloche \u00bb ?<\/p>\n<p class=\"\">\u00ab C\u2019est une op\u00e9ration de basse r\u00e9cup\u00e9ration \u00bb, avait critiqu\u00e9 dans nos colonnes Patrick Bloche, premier adjoint d\u2019Anne Hidalgo, rappelant que \u00ab l\u2019initiative revient \u00e0 l\u2019Unesco \u00bb et que la Ville travaillait d\u00e9j\u00e0 avec la pr\u00e9fecture sur ce dossier.<\/p>\n<p class=\"\">Les \u00e9cologistes, de leur c\u00f4t\u00e9, redoutaient une mise \u00ab sous cloche \u00bb du territoire parisien qui pourrait emp\u00eacher tout am\u00e9nagement urbain. En face, Anne Biraben, du groupe Changer Paris, jugeait que le plan local d\u2019urbanisme \u00ab n\u2019apport(ait) pas une protection suffisante \u00bb et d\u00e9non\u00e7ait \u00ab l\u2019inaction chronique de la Ville \u00bb sur le sujet.<\/p>\n","protected":false},"excerpt":{"rendered":"La nouvelle est arriv\u00e9e d\u2019un tweet de la ministre de la Culture ce vendredi matin. \u00ab La commission&hellip;\n","protected":false},"author":2,"featured_media":609621,"comment_status":"","ping_status":"","sticky":false,"template":"","format":"standard","meta":{"footnotes":""},"categories":[1888],"tags":[11,1777,674,1011,27,1944,12,626,25],"class_list":{"0":"post-609620","1":"post","2":"type-post","3":"status-publish","4":"format-standard","5":"has-post-thumbnail","7":"category-paris","8":"tag-actualites","9":"tag-eu","10":"tag-europe","11":"tag-fr","12":"tag-france","13":"tag-ma-ville","14":"tag-news","15":"tag-paris","16":"tag-republique-francaise"},"share_on_mastodon":{"url":"https:\/\/pubeurope.com\/@fr\/115746570564599935","error":""},"_links":{"self":[{"href":"https:\/\/www.europesays.com\/fr\/wp-json\/wp\/v2\/posts\/609620","targetHints":{"allow":["GET"]}}],"collection":[{"href":"https:\/\/www.europesays.com\/fr\/wp-json\/wp\/v2\/posts"}],"about":[{"href":"https:\/\/www.europesays.com\/fr\/wp-json\/wp\/v2\/types\/post"}],"author":[{"embeddable":true,"href":"https:\/\/www.europesays.com\/fr\/wp-json\/wp\/v2\/users\/2"}],"replies":[{"embeddable":true,"href":"https:\/\/www.europesays.com\/fr\/wp-json\/wp\/v2\/comments?post=609620"}],"version-history":[{"count":0,"href":"https:\/\/www.europesays.com\/fr\/wp-json\/wp\/v2\/posts\/609620\/revisions"}],"wp:featuredmedia":[{"embeddable":true,"href":"https:\/\/www.europesays.com\/fr\/wp-json\/wp\/v2\/media\/609621"}],"wp:attachment":[{"href":"https:\/\/www.europesays.com\/fr\/wp-json\/wp\/v2\/media?parent=609620"}],"wp:term":[{"taxonomy":"category","embeddable":true,"href":"https:\/\/www.europesays.com\/fr\/wp-json\/wp\/v2\/categories?post=609620"},{"taxonomy":"post_tag","embeddable":true,"href":"https:\/\/www.europesays.com\/fr\/wp-json\/wp\/v2\/tags?post=609620"}],"curies":[{"name":"wp","href":"https:\/\/api.w.org\/{rel}","templated":true}]}}