{"id":609624,"date":"2025-12-19T13:55:15","date_gmt":"2025-12-19T13:55:15","guid":{"rendered":"https:\/\/www.europesays.com\/fr\/609624\/"},"modified":"2025-12-19T13:55:15","modified_gmt":"2025-12-19T13:55:15","slug":"poutine-va-se-renseigner-au-sujet-du-francais-laurent-vinatier-emprisonne-en-russie-depuis-2024","status":"publish","type":"post","link":"https:\/\/www.europesays.com\/fr\/609624\/","title":{"rendered":"Poutine va \u00ab\u00a0se renseigner\u00a0\u00bb au sujet du Fran\u00e7ais Laurent Vinatier, emprisonn\u00e9 en Russie depuis\u00a02024"},"content":{"rendered":"<p>C\u2019est la premi\u00e8re fois qu\u2019il entend parler du <a href=\"https:\/\/www.20minutes.fr\/monde\/russie\/4140434-20250224-russie-condamnation-francais-laurent-vinatier-trois-ans-prison-maintenue-appel\" class=\"c-link c-link--is-underlined\" target=\"_blank\" rel=\"noopener\">Fran\u00e7ais Laurent Vinatier, e<\/a>mprisonn\u00e9 en Russie. C\u2019est en tout cas ce que <a href=\"https:\/\/www.20minutes.fr\/diaporama\/diaporama-4177477-vladimir-poutine-images-cadeaux-anniversaire-improbables-recus-president-russe-fil-ans\" class=\"c-link c-link--is-underlined\" target=\"_blank\" rel=\"noopener\">Vladimir Poutine<\/a> a affirm\u00e9 ce vendredi lors de sa conf\u00e9rence de presse annuelle. \u00ab\u00a0Je vous promets que je vais me renseigner. Et s\u2019il y a la moindre chance de r\u00e9soudre cette question de mani\u00e8re positive, si la loi russe le permet, nous ferons tout notre possible\u00a0\u00bb, a-t-il ajout\u00e9.<\/p>\n<\/p>\n<p><a href=\"https:\/\/www.20minutes.fr\/monde\/4155459-20250526-russie-nouvelles-famille-laurent-vinatier-condamne-trois-ans-prison-inquiete-sort\" class=\"c-link c-link--is-underlined\" target=\"_blank\" rel=\"noopener\">Le chercheur<\/a> a \u00e9t\u00e9 condamn\u00e9 en octobre\u00a02024 \u00e0 trois ans de prison pour ne pas s\u2019\u00eatre enregistr\u00e9 en tant qu&rsquo;\u00ab\u00a0agent de l\u2019\u00e9tranger\u00a0\u00bb, alors qu\u2019il collectait des \u00ab\u00a0informations militaires\u00a0\u00bb pouvant \u00eatre \u00ab\u00a0utilis\u00e9es contre la s\u00e9curit\u00e9\u00a0\u00bb de la Russie. L\u2019int\u00e9ress\u00e9 avait reconnu les faits mais plaid\u00e9 l\u2019ignorance.<\/p>\n<p>Un possible proc\u00e8s pour \u00ab\u00a0espionnage\u00a0\u00bb<\/p>\n<p>En ao\u00fbt, il avait comparu devant un tribunal russe pour <a href=\"https:\/\/www.20minutes.fr\/monde\/4168794-20250821-russie-emprisonne-laurent-vinatier-accuse-espionnage-risque-20-ans-prison\" class=\"c-link c-link--is-underlined\" target=\"_blank\" rel=\"noopener\">des accusations d&rsquo;\u00ab\u00a0espionnage\u00a0\u00bb<\/a> qui, si elles \u00e9taient confirm\u00e9es, risqueraient d\u2019alourdir consid\u00e9rablement sa peine. L\u2019enqu\u00eate a \u00e9t\u00e9 prolong\u00e9e et il pourrait conna\u00eetre un nouveau proc\u00e8s pour espionnage fin f\u00e9vrier\u00a02026, selon son avocat fran\u00e7ais. Laurent Vinatier avait d\u00e9clar\u00e9 en ao\u00fbt ne s\u2019attendre \u00ab\u00a0\u00e0 rien de bien, \u00e0 rien de positif\u00a0\u00bb apr\u00e8s avoir appris ces nouvelles accusations.<\/p>\n<p><a href=\"https:\/\/www.20minutes.fr\/monde\/russie\/\" class=\"c-link c-btn c-btn--primary\" target=\"_blank\" rel=\"noopener\">Notre dossier sur la Russie<\/a><\/p>\n<p>Ce chercheur de 49 ans, sp\u00e9cialiste de l\u2019espace post-sovi\u00e9tique, \u00e9tait employ\u00e9 par le Centre pour le dialogue humanitaire, une ONG suisse qui fait de la m\u00e9diation dans des conflits hors des circuits diplomatiques officiels, notamment s\u2019agissant de <a href=\"https:\/\/www.20minutes.fr\/monde\/ukraine\/4192315-20251219-direct-guerre-ukraine-macron-juge-va-redevenir-utile-parler-poutine\" class=\"c-link c-link--is-underlined\" target=\"_blank\" rel=\"noopener\">l\u2019Ukraine<\/a>.<\/p>\n<p>Paris a exig\u00e9 de Moscou la lib\u00e9ration de son ressortissant, accusant la Russie de chercher \u00e0 prendre des Occidentaux en otage, alors que les relations entre les deux pays sont tendues.<\/p>\n","protected":false},"excerpt":{"rendered":"C\u2019est la premi\u00e8re fois qu\u2019il entend parler du Fran\u00e7ais Laurent Vinatier, emprisonn\u00e9 en Russie. C\u2019est en tout cas&hellip;\n","protected":false},"author":2,"featured_media":609625,"comment_status":"","ping_status":"","sticky":false,"template":"","format":"standard","meta":{"footnotes":""},"categories":[1591],"tags":[47,11,1887,3844,74,1916,12,806,1885,1886,132,135],"class_list":{"0":"post-609624","1":"post","2":"type-post","3":"status-publish","4":"format-standard","5":"has-post-thumbnail","7":"category-russie","8":"tag-actualite","9":"tag-actualites","10":"tag-federation-de-russie","11":"tag-francais","12":"tag-monde","13":"tag-moscou","14":"tag-news","15":"tag-prison","16":"tag-russia","17":"tag-russian-federation","18":"tag-russie","19":"tag-vladimir-poutine"},"share_on_mastodon":{"url":"https:\/\/pubeurope.com\/@fr\/115746578478306622","error":""},"_links":{"self":[{"href":"https:\/\/www.europesays.com\/fr\/wp-json\/wp\/v2\/posts\/609624","targetHints":{"allow":["GET"]}}],"collection":[{"href":"https:\/\/www.europesays.com\/fr\/wp-json\/wp\/v2\/posts"}],"about":[{"href":"https:\/\/www.europesays.com\/fr\/wp-json\/wp\/v2\/types\/post"}],"author":[{"embeddable":true,"href":"https:\/\/www.europesays.com\/fr\/wp-json\/wp\/v2\/users\/2"}],"replies":[{"embeddable":true,"href":"https:\/\/www.europesays.com\/fr\/wp-json\/wp\/v2\/comments?post=609624"}],"version-history":[{"count":0,"href":"https:\/\/www.europesays.com\/fr\/wp-json\/wp\/v2\/posts\/609624\/revisions"}],"wp:featuredmedia":[{"embeddable":true,"href":"https:\/\/www.europesays.com\/fr\/wp-json\/wp\/v2\/media\/609625"}],"wp:attachment":[{"href":"https:\/\/www.europesays.com\/fr\/wp-json\/wp\/v2\/media?parent=609624"}],"wp:term":[{"taxonomy":"category","embeddable":true,"href":"https:\/\/www.europesays.com\/fr\/wp-json\/wp\/v2\/categories?post=609624"},{"taxonomy":"post_tag","embeddable":true,"href":"https:\/\/www.europesays.com\/fr\/wp-json\/wp\/v2\/tags?post=609624"}],"curies":[{"name":"wp","href":"https:\/\/api.w.org\/{rel}","templated":true}]}}