{"id":609636,"date":"2025-12-19T14:02:12","date_gmt":"2025-12-19T14:02:12","guid":{"rendered":"https:\/\/www.europesays.com\/fr\/609636\/"},"modified":"2025-12-19T14:02:12","modified_gmt":"2025-12-19T14:02:12","slug":"les-souvenirs-de-la-rugbywoman-mathilde-tapin","status":"publish","type":"post","link":"https:\/\/www.europesays.com\/fr\/609636\/","title":{"rendered":"les souvenirs de la rugbywoman Mathilde Tapin"},"content":{"rendered":"<p>                    Par<br \/>\n        <strong><br \/>\n            <a href=\"https:\/\/actu.fr\/auteur\/b-hue\" title=\"Consulter tous les articles de Baptiste Hue\" target=\"_blank\" rel=\"noopener\">Baptiste Hue<\/a><br \/>\n                    <\/strong><\/p>\n<p>        Publi\u00e9 le<\/p>\n<p>            19 d\u00e9c. 2025 \u00e0 12h45        <\/p>\n<p>La <b>rugbywoman Mathilde Tapin<\/b> s\u2019est confi\u00e9e dans le cadre de notre rubrique \u00ab\u2009Un sportif manchois revient sur les faits marquants de sa carri\u00e8re\u2009\u00bb.<\/p>\n<p>Sa bio<\/p>\n<p>\u00c2ge : 42 ans ;<br \/>&#13;<br \/>\nDate de naissance : 1er mai 1983 \u00e0 Cherbourg ;<br \/>&#13;<br \/>\nClub : Ovalie Caennaise (2001-2012) ;<br \/>&#13;<br \/>\nPalmar\u00e8s : championne de France 2002, 2 s\u00e9lections en \u00e9quipe de France.<\/p>\n<p class=\"ac-article-content__question wall-content\">Comment \u00eates-vous venue au rugby ?<\/p>\n<p class=\" wall-content\">J\u2019ai essay\u00e9 tous les sports, le tennis, le handball, l\u2019athl\u00e9tisme\u2026 En arrivant au lyc\u00e9e agricole de Th\u00e8re, \u00e0 Pont-H\u00e9bert, un de mes profs a initi\u00e9 les \u00e9l\u00e8ves au rugby. C\u2019\u00e9tait Jean-Baptiste Lepuissant (Ndlr : ancien entra\u00eeneur \u00e0 Coutances). \u00c7a m\u2019a plu. En arrivant en BTS agricole \u00e0 Saint-Pierre-en-Auge, je suis encore tomb\u00e9e sur une prof qui faisait du rugby. Quand elle m\u2019a vu jouer en cours de sport, elle m\u2019a aussit\u00f4t dit de venir m\u2019inscrire \u00e0 l\u2019Ovalie Caennaise ! Et j\u2019ai directement jou\u00e9 au plus haut niveau f\u00e9minin, en D1. Jeune, \u00e7a m\u2019arrivait de regarder le rugby \u00e0 la t\u00e9l\u00e9 mais jamais j\u2019aurais cru me retrouver un jour sur un terrain !<\/p>\n<p class=\"ac-article-content__question wall-content\">Pourquoi le rugby vous a-t-il s\u00e9duit ?<\/p>\n<p class=\" wall-content\">J\u2019aime bien galoper, les sports collectifs et les sports de contact, \u00e7a cochait toutes les cases ! Tactiquement, c\u2019est un sport qui offre de nombreuses possibilit\u00e9s. C\u2019est tr\u00e8s enrichissant. Mais, c\u2019est surtout les relations humaines, l\u2019\u00e9tat d\u2019esprit qui sont sympas. L\u2019esprit d\u2019\u00e9quipe, de camaraderie et la convivialit\u00e9 sont tr\u00e8s pr\u00e9sents. Aujourd\u2019hui encore, je suis en contact avec les filles avec qui je jouais il y a 20\u00a0ans.<\/p>\n<p class=\"ac-article-content__question wall-content\">Le rugby d\u00e9gage l\u2019image d\u2019un sport viril, \u00ab un sport d\u2019hommes \u00bb. Comment votre entourage a-t-il r\u00e9agi quand vous avez choisi ce sport ?<\/p>\n<p class=\" wall-content\">Au d\u00e9but, ma m\u00e8re \u00e9tait affol\u00e9e ! Mais, tr\u00e8s rapidement, elle ne manquait plus un seul de mes matches.<\/p>\n<p>\u00ab Combien de fois j\u2019ai entendu : c\u2019est un sport de mecs ! \u00bb<\/p>\n<p class=\"ac-article-content__question wall-content\">Cette image de \u00ab sport d\u2019hommes \u00bb a-t-elle \u00e9volu\u00e9 ?<\/p>\n<p class=\" wall-content\">Un peu\u2026 mais pas tant que \u00e7a en r\u00e9alit\u00e9 ! Combien de fois j\u2019ai entendu : \u00ab c\u2019est un sport de mecs ! \u00bb, ou \u00ab les filles n\u2019ont rien \u00e0 faire sur un terrain. \u00bb C\u2019est quand m\u00eame difficile de faire \u00e9voluer les mentalit\u00e9s.<\/p>\n<p class=\"ac-article-content__question wall-content\">Quel est le meilleur souvenir de votre carri\u00e8re ?<\/p>\n<p class=\" wall-content\">La finale du championnat de France de D1 contre Perpignan, en 2005. J\u2019ai eu la chance de jouer au Stade de France, en lever du rideau de la finale du Top 14, entre Biarritz et le Stade Fran\u00e7ais. Au d\u00e9but de notre match, les spectateurs n\u2019\u00e9taient pas encore nombreux dans le stade. \u00c0 partir de la 2e mi-temps, c\u2019\u00e9tait la folie. Je n\u2019ai jamais jou\u00e9 devant autant de monde. \u00c7a fait bizarre ! On perd la rencontre (3-7), mais \u00e7a reste un souvenir m\u00e9morable. Toute ma famille \u00e9tait dans les tribunes. Et, pouvoir se changer dans les vestiaires du Stade de France, c\u2019est juste incroyable. Je me rappelle qu\u2019on a bien profit\u00e9 ensuite de la soir\u00e9e \u00e0 Paris !<\/p>\n<p class=\"ac-article-content__question wall-content\">Les 3e mi-temps sont-elles aussi festives chez les femmes que chez les hommes ?<\/p>\n<p class=\" wall-content\">On se d\u00e9fend ! J\u2019ai connu des 3e mi-temps exceptionnelles, des soir\u00e9es un peu trop arros\u00e9es. Je me souviens d\u2019un tout petit bar dans le Sud-Ouest\u2026 Quelle soir\u00e9e ! On savait se l\u00e2cher nous aussi, surtout en fin de saison. De mani\u00e8re g\u00e9n\u00e9rale, j\u2019ai v\u00e9cu des moments magnifiques gr\u00e2ce au rugby, des d\u00e9placements en train, \u00e0 rentrer \u00e0 2\u00a0heures du matin avec l\u2019\u00e9cole le lendemain\u2026 \u00c7a forge la jeunesse !<\/p>\n<p>Votre r\u00e9gion, votre actu !<\/p>\n<p>Recevez chaque jour les infos qui comptent pour vous.<\/p>\n<p>\t<a href=\"https:\/\/actu.fr\/newsletter\" class=\"ac-btn ac-btn--corner ac-btn--medium ac-btn--blue800\" target=\"_blank\" rel=\"noopener\">S&rsquo;incrire<\/a><\/p>\n<p class=\"ac-article-content__question wall-content\">Quelle \u00e9quipe n\u2019aimiez-vous pas affronter ?<\/p>\n<p class=\" wall-content\">Perpignan. D\u00e9j\u00e0 parce qu\u2019il y avait une grosse rivalit\u00e9 sportive. Et aussi par rapport aux commentaires racistes, sexistes et homophobes qu\u2019on pouvait entendre l\u00e0-bas sur le bord du terrain\u2026 Une sale mentalit\u00e9.<\/p>\n<p class=\"ac-article-content__question wall-content\">Quel est le gros regret de votre carri\u00e8re ?<\/p>\n<p class=\" wall-content\">J\u2019ai eu deux graves blessures, en\u00a02005 et\u00a02010, deux fois les crois\u00e9s. \u00c7a a frein\u00e9 ma progression. Apr\u00e8s la 2e op\u00e9ration, en 2010, j\u2019avais trop d\u2019appr\u00e9hension sur le terrain. J\u2019ai arr\u00eat\u00e9 en 2012.<\/p>\n<p>\u00ab Au bout de deux minutes, j\u2019ai pris un coup de crampon dans la gencive \u00bb<\/p>\n<p class=\"ac-article-content__question wall-content\">Quelle est votre plus grande fiert\u00e9 ?<\/p>\n<p class=\" wall-content\">Avoir port\u00e9 le maillot de l\u2019\u00e9quipe de France. Avoir la chance de repr\u00e9senter son pays, porter le maillot bleu, entendre la Marseillaise, c\u2019est quand m\u00eame quelque chose. J\u2019avais \u00e9t\u00e9 s\u00e9lectionn\u00e9e pour participer \u00e0 un championnat d\u2019Europe, \u00e0 Amsterdam. Malheureusement, \u00e7a s\u2019est mal pass\u00e9. Lors de mon premier match, contre les Pays-Bas, j\u2019avais oubli\u00e9 mon prot\u00e8ge-dents. Au bout de deux minutes de jeu, j\u2019ai pris un coup de crampon dans la gencive. Je voulais retourner sur le terrain mais le m\u00e9decin me l\u2019a interdit : on m\u2019a pos\u00e9 deux points de suture ! Lors du 2e match, contre l\u2019Irlande, j\u2019ai jou\u00e9 20 minutes. Apr\u00e8s \u00e7a, j\u2019ai uniquement jou\u00e9 en \u00e9quipe de France A\u2019. Du coup, m\u00eame si l\u2019exp\u00e9rience \u00e9tait sympa, ce n\u2019est pas le plus beau souvenir de ma carri\u00e8re.<\/p>\n<p class=\"ac-article-content__question wall-content\">Est-ce un regret de ne pas avoir \u00e9t\u00e9 davantage convoqu\u00e9e chez les Bleus ?<\/p>\n<p class=\" wall-content\">Oui, on aurait pu davantage me donner ma chance. Mais, comme j\u2019ai commenc\u00e9 tard le rugby, j\u2019\u00e9tais en dessous de certaines au niveau technique. Et puis, \u00e0 l\u2019\u00e9poque, ils commen\u00e7aient d\u00e9j\u00e0 \u00e0 chercher des gros gabarits. Moi, je faisais 1,65\u00a0m et 64 kilos\u2026 Quand on voit les gabarits du rugby f\u00e9minin actuel, je n\u2019aurais jamais eu ma place !<\/p>\n<p class=\"ac-article-content__question wall-content\">Justement, quel regard portez-vous sur l\u2019\u00e9volution du rugby f\u00e9minin ?<\/p>\n<p class=\" wall-content\">On voit que la f\u00e9d\u00e9ration essaye de d\u00e9velopper la pratique au f\u00e9minin. Mais \u00e7a reste tr\u00e8s compliqu\u00e9 au niveau structurel et financier dans les clubs. M\u00eame les filles qui font la Coupe du monde ne sont pas professionnelles. Elles sont oblig\u00e9es d\u2019avoir un travail \u00e0 c\u00f4t\u00e9. Personnellement, je n\u2019ai jamais gagn\u00e9 ma vie avec le rugby. Aujourd\u2019hui, des choses sont mises en place pour que les filles puissent allier le rugby avec les \u00e9tudes ou le travail. Mais, m\u00eame s\u2019il y a plus de visibilit\u00e9 qu\u2019avant, le rugby f\u00e9minin manque de partenaires. \u00c7a n\u2019a rien \u00e0 voir avec l\u2019\u00e9volution du foot f\u00e9minin.<\/p>\n<p class=\"ac-article-content__question wall-content\">Et sur le plan du jeu ?<\/p>\n<p class=\" wall-content\">Le jeu s\u2019am\u00e9liore, au niveau de la technique, au niveau des impacts. Apr\u00e8s, le gros point faible du rugby f\u00e9minin reste le jeu au pied. Mais, l\u00e0 aussi, \u00e7a progresse un peu.<\/p>\n<p class=\"ac-article-content__question wall-content\">Regardez-vous toujours le rugby ?<\/p>\n<p class=\" wall-content\">Tr\u00e8s rarement. J\u2019essaye de regarder les matchs du XV de France, f\u00e9minin et masculin, mais aussi ceux du Stade Toulousain, car j\u2019adore cette \u00e9quipe. Mais ce n\u2019est pas syst\u00e9matique.<\/p>\n<p class=\"ac-article-content__question wall-content\">Dans quel \u00e9tat physique ach\u00e8ve-t-on une carri\u00e8re de rugbywoman ?<\/p>\n<p class=\" wall-content\">J\u2019ai un m\u00e9nisque qui siffle, mais \u00e7a va. Je n\u2019ai pas de s\u00e9quelles physiques, mes oreilles sont intactes, je n\u2019ai pas eu de commotion. \u00c0 la fin de sa carri\u00e8re, il faut continuer \u00e0 faire du sport pour rester tonique. Je fais du trail.<\/p>\n<p class=\"ac-article-content__question wall-content\">Quel message adresseriez-vous \u00e0 une jeune fille qui voudrait se lancer dans le rugby ?<\/p>\n<p class=\" wall-content\">Il ne faut pas avoir peur. Il peut y avoir des traumatismes, mais il faut aussi savoir pr\u00e9parer son corps \u00e0 encaisser les impacts, se muscler, savoir positionner son dos\u2026 De l\u2019ext\u00e9rieur, on a l\u2019impression que \u00e7a se r\u00e9sume \u00e0 un sport de bourrins, o\u00f9 il faut foncer tout droit\u2026 Mais c\u2019est tr\u00e8s technique, tr\u00e8s tactique. Et quand on est port\u00e9 sur l\u2019aspect collectif, c\u2019est le sport r\u00eav\u00e9 !<\/p>\n<p>Des packs au lait<\/p>\n<p>Mathilde Tapin habite aujourd&rsquo;hui \u00e0 Esson, au c\u0153ur de la Suisse Normande, o\u00f9 elle tient une exploitation agricole avec son mari Aur\u00e9lien. \u00ab Des vaches laiti\u00e8res et des c\u00e9r\u00e9ales \u00bb, pr\u00e9cise cette maman de trois filles (12, 10 et 8 ans), \u00ab toutes sportives ! \u00bb Cette ancienne \u00e9l\u00e8ve du coll\u00e8ge Saint-Joseph \u00e0 Cherbourg revient toujours avec bonheur dans son Cotentin natal pour voir ses parents et sa s\u0153ur jumelle, \u00c9lise.<\/p>\n<p class=\" wall-content\">Personnalisez votre actualit\u00e9 en ajoutant vos villes et m\u00e9dias en favori avec <a href=\"https:\/\/moncompte.actu.fr\" title=\"D\u00e9couvez Mon Actu\" rel=\"nofollow noopener\" data-trk=\"{&quot;cta&quot;:{&quot;action&quot;:&quot;https:\\\/\\\/moncompte.actu.fr&quot;,&quot;category&quot;:&quot;mon compte&quot;,&quot;from&quot;:&quot;article footer&quot;,&quot;name&quot;:&quot;Mon actu&quot;,&quot;type&quot;:&quot;cta&quot;}}\" target=\"_blank\">Mon Actu<\/a>.<\/p>\n","protected":false},"excerpt":{"rendered":"Par Baptiste Hue Publi\u00e9 le 19 d\u00e9c. 2025 \u00e0 12h45 La rugbywoman Mathilde Tapin s\u2019est confi\u00e9e dans le&hellip;\n","protected":false},"author":2,"featured_media":609637,"comment_status":"","ping_status":"","sticky":false,"template":"","format":"standard","meta":{"footnotes":""},"categories":[1586],"tags":[11,3168,1777,674,1779,1011,27,12,25,479,60,1778,364],"class_list":{"0":"post-609636","1":"post","2":"type-post","3":"status-publish","4":"format-standard","5":"has-post-thumbnail","7":"category-europe","8":"tag-actualites","9":"tag-cotentin","10":"tag-eu","11":"tag-europe","12":"tag-european-union","13":"tag-fr","14":"tag-france","15":"tag-news","16":"tag-republique-francaise","17":"tag-rugby","18":"tag-sports","19":"tag-ue","20":"tag-union-europeenne"},"share_on_mastodon":{"url":"https:\/\/pubeurope.com\/@fr\/115746605905896131","error":""},"_links":{"self":[{"href":"https:\/\/www.europesays.com\/fr\/wp-json\/wp\/v2\/posts\/609636","targetHints":{"allow":["GET"]}}],"collection":[{"href":"https:\/\/www.europesays.com\/fr\/wp-json\/wp\/v2\/posts"}],"about":[{"href":"https:\/\/www.europesays.com\/fr\/wp-json\/wp\/v2\/types\/post"}],"author":[{"embeddable":true,"href":"https:\/\/www.europesays.com\/fr\/wp-json\/wp\/v2\/users\/2"}],"replies":[{"embeddable":true,"href":"https:\/\/www.europesays.com\/fr\/wp-json\/wp\/v2\/comments?post=609636"}],"version-history":[{"count":0,"href":"https:\/\/www.europesays.com\/fr\/wp-json\/wp\/v2\/posts\/609636\/revisions"}],"wp:featuredmedia":[{"embeddable":true,"href":"https:\/\/www.europesays.com\/fr\/wp-json\/wp\/v2\/media\/609637"}],"wp:attachment":[{"href":"https:\/\/www.europesays.com\/fr\/wp-json\/wp\/v2\/media?parent=609636"}],"wp:term":[{"taxonomy":"category","embeddable":true,"href":"https:\/\/www.europesays.com\/fr\/wp-json\/wp\/v2\/categories?post=609636"},{"taxonomy":"post_tag","embeddable":true,"href":"https:\/\/www.europesays.com\/fr\/wp-json\/wp\/v2\/tags?post=609636"}],"curies":[{"name":"wp","href":"https:\/\/api.w.org\/{rel}","templated":true}]}}