{"id":609650,"date":"2025-12-19T14:14:13","date_gmt":"2025-12-19T14:14:13","guid":{"rendered":"https:\/\/www.europesays.com\/fr\/609650\/"},"modified":"2025-12-19T14:14:13","modified_gmt":"2025-12-19T14:14:13","slug":"paulo-fonseca-cible-trois-joueurs","status":"publish","type":"post","link":"https:\/\/www.europesays.com\/fr\/609650\/","title":{"rendered":"Paulo Fonseca cible trois joueurs"},"content":{"rendered":"<p><b>L&rsquo;OL jouera tr\u00e8s gros au <a href=\"https:\/\/www.foot01.com\/mercato\" title=\"Mercato\" target=\"_blank\" rel=\"noopener\">mercato<\/a> hivernal. Paulo Fonseca met la pression pour essayer de survivre dans un secteur de jeu en grand danger. Trois joueurs seront scrut\u00e9s de pr\u00e8s. <\/b>Le mois de janvier sera crucial pour <a href=\"https:\/\/www.foot01.com\/ol\" target=\"_self\" rel=\"noopener\">l\u2019Olympique Lyonnais<\/a>. Pas uniquement sur le plan sportif, mais surtout sur le plan de la construction de l\u2019effectif. Ce mercato va obliger l\u2019OL \u00e0 vendre un ou deux joueurs \u00e0 forte valeur. Et pendant ce temps, les dirigeants lyonnais vont devoir renforcer l\u2019\u00e9quipe de Paulo Fonseca, notamment en attaque et en d\u00e9fense. Une mission d\u00e9licate mais qui doit permettre \u00e0 Lyon d\u2019atteindre ses objectifs. Car la 5e place actuelle en Ligue 1 et la 1\u00e8re en Europa League a parfois sembl\u00e9 tenir du miracle par moments.Le chantier de la d\u00e9fense pendant la CAN<\/p>\n<p>Concernant l\u2019attaque, Endrick doit arriver rapidement en provenance du Real Madrid pour apporter du poids et de la profondeur devant. Derri\u00e8re, c\u2019est plus myst\u00e9rieux malgr\u00e9 la certitude de perdre Clinton Mata et Moussa Niakhat\u00e9 pour le mois de janvier. De quoi d\u00e9peupler un secteur souvent solide, mais qui tient \u00e0 un fil au niveau de la taille de l\u2019effectif.<\/p>\n<p>Paulo Fonseca a pourtant des \u00e9l\u00e9ments sous la main, mais ils ne r\u00e9pondent pour le moment clairement pas aux attentes. \u00ab\u00a0On va voir la r\u00e9ponse des joueurs que nous avons en ce moment\u00a0\u00bb, a lanc\u00e9 l\u2019entraineur portugais \u00e0 OL TV. Pour Le Progr\u00e8s, l\u2019ancien coach du Milan AC et de Lille visait clairement trois \u00e9l\u00e9ments : Ruben Kluivert, Hans Hateboer et T\u00e9o Barisic.\u00a0<\/p>\n<\/p>\n<p>Pour les deux premiers cit\u00e9s, il faudra prouver qu\u2019ils sont capables de faire bien mieux que ce qu\u2019ils ont montr\u00e9 en premi\u00e8re partie de saison. Pour le d\u00e9fenseur croate, ce sera peut-\u00eatre enfin l\u2019occasion de se faire voir, lui qui n\u2019a jou\u00e9 que 21 minutes avec les pros cette saison, lors du match tranquille contre Tel-Aviv. Pour le reste, ce sera le grand saut car Barisic enchaine surtout les matchs sur le banc de touche, et participe sporadiquement avec la National 3. En attendant, Fonseca a beaucoup de mal \u00e0 faire confiance \u00e0 ces trois joueurs, au point de mettre Tanner Tessmann en d\u00e9fense centrale.<\/p>\n<p>Une preuve que l\u2019OL est tout de m\u00eame clairement juste en d\u00e9fense centrale, ce qui fait pour le moment transpirer les supporters lyonnais avant le d\u00e9but du mercato.<\/p>\n","protected":false},"excerpt":{"rendered":"L&rsquo;OL jouera tr\u00e8s gros au mercato hivernal. Paulo Fonseca met la pression pour essayer de survivre dans un&hellip;\n","protected":false},"author":2,"featured_media":609651,"comment_status":"","ping_status":"","sticky":false,"template":"","format":"standard","meta":{"footnotes":""},"categories":[1410],"tags":[63,1011,27,1434,241,60],"class_list":{"0":"post-609650","1":"post","2":"type-post","3":"status-publish","4":"format-standard","5":"has-post-thumbnail","7":"category-football","8":"tag-football","9":"tag-fr","10":"tag-france","11":"tag-mercato","12":"tag-ol","13":"tag-sports"},"share_on_mastodon":{"url":"https:\/\/pubeurope.com\/@fr\/115746653192099554","error":""},"_links":{"self":[{"href":"https:\/\/www.europesays.com\/fr\/wp-json\/wp\/v2\/posts\/609650","targetHints":{"allow":["GET"]}}],"collection":[{"href":"https:\/\/www.europesays.com\/fr\/wp-json\/wp\/v2\/posts"}],"about":[{"href":"https:\/\/www.europesays.com\/fr\/wp-json\/wp\/v2\/types\/post"}],"author":[{"embeddable":true,"href":"https:\/\/www.europesays.com\/fr\/wp-json\/wp\/v2\/users\/2"}],"replies":[{"embeddable":true,"href":"https:\/\/www.europesays.com\/fr\/wp-json\/wp\/v2\/comments?post=609650"}],"version-history":[{"count":0,"href":"https:\/\/www.europesays.com\/fr\/wp-json\/wp\/v2\/posts\/609650\/revisions"}],"wp:featuredmedia":[{"embeddable":true,"href":"https:\/\/www.europesays.com\/fr\/wp-json\/wp\/v2\/media\/609651"}],"wp:attachment":[{"href":"https:\/\/www.europesays.com\/fr\/wp-json\/wp\/v2\/media?parent=609650"}],"wp:term":[{"taxonomy":"category","embeddable":true,"href":"https:\/\/www.europesays.com\/fr\/wp-json\/wp\/v2\/categories?post=609650"},{"taxonomy":"post_tag","embeddable":true,"href":"https:\/\/www.europesays.com\/fr\/wp-json\/wp\/v2\/tags?post=609650"}],"curies":[{"name":"wp","href":"https:\/\/api.w.org\/{rel}","templated":true}]}}