{"id":609655,"date":"2025-12-19T14:18:13","date_gmt":"2025-12-19T14:18:13","guid":{"rendered":"https:\/\/www.europesays.com\/fr\/609655\/"},"modified":"2025-12-19T14:18:13","modified_gmt":"2025-12-19T14:18:13","slug":"jonathan-cohen-quitte-le-plateau-de-cyril-hanouna-je-me-sens-un-peu","status":"publish","type":"post","link":"https:\/\/www.europesays.com\/fr\/609655\/","title":{"rendered":"Jonathan Cohen quitte le plateau de Cyril Hanouna, \u00ab\u00a0Je me sens un peu&#8230;\u00a0\u00bb"},"content":{"rendered":"<p class=\"p1\">S&rsquo;il a l&rsquo;humour chevill\u00e9 au corps, <a href=\"https:\/\/www.closermag.fr\/people\/jonathan-cohen-pas-dautre-echappatoire-ses-rares-et-touchantes-confidences-sur-sa-mere-3257263\" target=\"_blank\" rel=\"noopener\"><br \/>\nJonathan Cohen sait faire preuve de s\u00e9rieux si n\u00e9cessaire.<\/a> On<br \/>\nse souvient par exemple de <strong>son coup de gueule contre<br \/>\nBlanche Gardin apr\u00e8s sa critique acerbe de Lol : qui rit, sort<br \/>\n! et notamment son diffuseur, Amazon.<\/strong> \u00ab\u00a0Je serais<br \/>\ng\u00ean\u00e9e aux entournures (pour ne pas dire que \u00e7a me ferait carr\u00e9ment<br \/>\nmal au cul) d\u2019\u00eatre pay\u00e9e 200 000 euros pour une journ\u00e9e de travail<br \/>\nm\u00eame si je perds \u00e0 votre jeu, quand l\u2019association caritative de mon<br \/>\nchoix remporterait, elle, 50 000 euros, c\u2019est-\u00e0-dire quatre fois<br \/>\nmoins, et encore, seulement si je gagne\u00a0\u00bb, s&rsquo;\u00e9tait indign\u00e9e<br \/>\nl&rsquo;humoriste sur Facebook.<\/p>\n<p class=\"p1\">Sollicit\u00e9 par T\u00e9l\u00e9rama, Jonathan Cohen avait<br \/>\nd\u00e9plor\u00e9 le choix de sa consoeur de publier son message sur un g\u00e9ant<br \/>\ndu web mais aussi par l&rsquo;interm\u00e9diaire de son smartphone,<br \/>\ndonc\u00a0\u00bbd\u2019une marque loin d\u2019\u00eatre irr\u00e9prochable\u00a0\u00bb. \u00ab\u00a0<strong>Arr\u00eatons<br \/>\nl\u2019hypocrisie<\/strong>, nous devons tous composer avec ces grands<br \/>\ngroupes. <strong>\u00c0 part le service public, qui est irr\u00e9prochable \u00e0<br \/>\n100 % ?<\/strong> Il n\u2019y a jamais eu de fictions tourn\u00e9es, cela fait<br \/>\nbosser beaucoup de monde, les techniciens font leurs heure\u00a0\u00bb,<br \/>\navait-il recadr\u00e9.<\/p>\n<p>Jonathan Cohen : pourquoi a-t-il quitt\u00e9 le plateau<br \/>\nde Cyril Hanouna ?<\/p>\n<p class=\"p1\"><strong>En mai 2022<\/strong>, Jonathan Cohen n&rsquo;avait<br \/>\npas non plus h\u00e9sit\u00e9 \u00e0 manifester son opinion, cette fois face aux<br \/>\ncam\u00e9ras. L&rsquo;incident avait eu lieu lors de son passage <strong>dans<br \/>\nTouche Pas \u00e0 Mon Poste<\/strong>, alors diffus\u00e9 sur C8. <a href=\"https:\/\/www.closermag.fr\/people\/cyril-hanouna-lanimateur-tend-le-micro-a-sa-fille-bianca-et-ne-sattendait-pas-a-un-tel-message-merci-papa-je-3603190\" target=\"_blank\" rel=\"noopener\"><br \/>\nCyril Hanouna avait invit\u00e9 l&rsquo;acteur et humoriste \u00e0 faire la<br \/>\npromotion des premiers \u00e9pisodes du Flambeau, suite du<br \/>\nFlambeau, sur Canal+.<\/a><\/p>\n<p class=\"p1\">Au cours de l&rsquo;\u00e9mission, Jonathan Cohen avait \u00e9t\u00e9 le<br \/>\nt\u00e9moin impuissant d&rsquo;<strong>une violente prise de bec entre Gilles<br \/>\nFavard et Gilles Verdez. \u00ab\u00a0Je me sens un peu de trop, j\u2019ai un<br \/>\nrendez-vous, je vous laisse en famille\u00a0\u00bb<\/strong>, avait-il<br \/>\nd\u00e9clar\u00e9 en quittant le plateau. Le trublion du PAF l&rsquo;avait salu\u00e9 en<br \/>\nces termes : \u00ab\u00a0Je veux pas que tu assistes \u00e0<br \/>\n\u00e7a\u00a0\u00bb.<\/p>\n<p>Jonathan Cohen : quels sont ses<br \/>\nprojets ?<\/p>\n<p class=\"p1\">Alors que son nouveau film (L&rsquo;\u00c2me id\u00e9ale)<br \/>\nvient \u00e0 peine de sortir en salle, Jonathan Cohen pr\u00e9pare d\u00e9j\u00e0<br \/>\n<strong>un nouveau projet<\/strong>. Apr\u00e8s Guillaume Canet, c&rsquo;est \u00e0<br \/>\nson tour d&rsquo;<strong>apposer sa signature sur l&rsquo;univers<br \/>\nd&rsquo;Ast\u00e9rix<\/strong>. \u00ab\u00a0Cette information est sortie sur<br \/>\nles r\u00e9seaux, les gens se sont emball\u00e9s, mais il n\u2019y a encore rien<br \/>\nd\u2019officiel. <strong>Nous travaillons dessus<\/strong>, on r\u00e9fl\u00e9chit,<br \/>\nmais ce genre d\u2019entreprise met un temps fou \u00e0 se monter. Pour<br \/>\nproposer quelque chose qui ait de l\u2019allure, raconter une grande<br \/>\nhistoire qui soit \u00e0 la fois une com\u00e9die dr\u00f4le et une belle<br \/>\naventure, il ne faut pas se pr\u00e9cipiter\u00a0\u00bb, temp\u00e8re-t-il dans une<br \/>\ninterview accord\u00e9e \u00e0 Version Femina.<\/p>\n<p class=\"p1\">Au-del\u00e0 du cin\u00e9ma, <a href=\"https:\/\/www.closermag.fr\/people\/jonathan-cohen-papa-pour-la-deuxieme-fois-sa-compagne-piu-piu-devoile-une-photo-du-nourrisson-3221986\" target=\"_blank\" rel=\"noopener\"><br \/>\nle compagnon de Piu Piu<\/a> caresse le r\u00eave de <strong>s&rsquo;essayer au<br \/>\nth\u00e9\u00e2tre<\/strong>, sans aucun genre de pr\u00e9dilection, mais pas sous<br \/>\nla forme d&rsquo;un one-man show. \u00ab\u00a0Plus que les textes, ce qui<br \/>\ncompte, c\u2019est la fa\u00e7on dont ils sont travers\u00e9s par le regard d\u2019un<br \/>\nmetteur en sc\u00e8ne et l\u2019exp\u00e9rience qu\u2019ils pourront me faire vivre<br \/>\navec mes partenaires.\u00a0\u00bb L&rsquo;appel est lanc\u00e9 !<\/p>\n","protected":false},"excerpt":{"rendered":"S&rsquo;il a l&rsquo;humour chevill\u00e9 au corps, Jonathan Cohen sait faire preuve de s\u00e9rieux si n\u00e9cessaire. On se souvient&hellip;\n","protected":false},"author":2,"featured_media":609656,"comment_status":"","ping_status":"","sticky":false,"template":"","format":"standard","meta":{"footnotes":""},"categories":[1356],"tags":[21303,58,59,1011,27,51316,70202,252,65861,1364],"class_list":{"0":"post-609655","1":"post","2":"type-post","3":"status-publish","4":"format-standard","5":"has-post-thumbnail","7":"category-television","8":"tag-buzz_nonli","9":"tag-divertissement","10":"tag-entertainment","11":"tag-fr","12":"tag-france","13":"tag-jonathan-cohen","14":"tag-marfeel_connexes","15":"tag-television","16":"tag-trend","17":"tag-tv"},"share_on_mastodon":{"url":"","error":""},"_links":{"self":[{"href":"https:\/\/www.europesays.com\/fr\/wp-json\/wp\/v2\/posts\/609655","targetHints":{"allow":["GET"]}}],"collection":[{"href":"https:\/\/www.europesays.com\/fr\/wp-json\/wp\/v2\/posts"}],"about":[{"href":"https:\/\/www.europesays.com\/fr\/wp-json\/wp\/v2\/types\/post"}],"author":[{"embeddable":true,"href":"https:\/\/www.europesays.com\/fr\/wp-json\/wp\/v2\/users\/2"}],"replies":[{"embeddable":true,"href":"https:\/\/www.europesays.com\/fr\/wp-json\/wp\/v2\/comments?post=609655"}],"version-history":[{"count":0,"href":"https:\/\/www.europesays.com\/fr\/wp-json\/wp\/v2\/posts\/609655\/revisions"}],"wp:featuredmedia":[{"embeddable":true,"href":"https:\/\/www.europesays.com\/fr\/wp-json\/wp\/v2\/media\/609656"}],"wp:attachment":[{"href":"https:\/\/www.europesays.com\/fr\/wp-json\/wp\/v2\/media?parent=609655"}],"wp:term":[{"taxonomy":"category","embeddable":true,"href":"https:\/\/www.europesays.com\/fr\/wp-json\/wp\/v2\/categories?post=609655"},{"taxonomy":"post_tag","embeddable":true,"href":"https:\/\/www.europesays.com\/fr\/wp-json\/wp\/v2\/tags?post=609655"}],"curies":[{"name":"wp","href":"https:\/\/api.w.org\/{rel}","templated":true}]}}