{"id":609661,"date":"2025-12-19T14:21:11","date_gmt":"2025-12-19T14:21:11","guid":{"rendered":"https:\/\/www.europesays.com\/fr\/609661\/"},"modified":"2025-12-19T14:21:11","modified_gmt":"2025-12-19T14:21:11","slug":"il-peut-changer-la-vie-de-millions-de-personnes-cet-implant-oculaire-rend-une-vision-centrale-a-des-seniors-atteints-de-dmla-severe","status":"publish","type":"post","link":"https:\/\/www.europesays.com\/fr\/609661\/","title":{"rendered":"\u00ab\u00a0Il peut changer la vie de millions de personnes\u00a0\u00bb : cet implant oculaire rend une vision centrale \u00e0 des seniors atteints de DMLA s\u00e9v\u00e8re"},"content":{"rendered":"<p>Victimes de DMLA atrophique, des seniors<br \/>\ntestent un implant sous-r\u00e9tinien coupl\u00e9 \u00e0 des lunettes de r\u00e9alit\u00e9<br \/>\naugment\u00e9e. Publi\u00e9e en octobre 2025, l\u2019\u00e9tude interroge : jusqu\u2019o\u00f9<br \/>\ncette proth\u00e8se de vision peut-elle changer leur quotidien ?<\/p>\n<p>Perdre la vision centrale, ne plus pouvoir lire ni reconna\u00eetre<br \/>\nles visages, tout en gardant une vision p\u00e9riph\u00e9rique floue mais<br \/>\npr\u00e9sente : c\u2019est le quotidien de nombreux seniors atteints de<br \/>\nd\u00e9g\u00e9n\u00e9rescence maculaire li\u00e9e \u00e0 l\u2019\u00e2ge. Dans sa forme atrophique,<br \/>\ncette maladie d\u00e9truit lentement la macula et laisse les patients<br \/>\nsans v\u00e9ritable solution th\u00e9rapeutique, avec pour seules armes des<br \/>\naides visuelles et une r\u00e9\u00e9ducation laborieuse.<\/p>\n<p>Une \u00e9quipe internationale vient pourtant de franchir un cap : un<br \/>\n<strong>implant sous-r\u00e9tinien<\/strong> associ\u00e9 \u00e0 des lunettes de<br \/>\nr\u00e9alit\u00e9 augment\u00e9e a permis \u00e0 des personnes atteintes de<br \/>\n<strong>DMLA atrophique<\/strong> de retrouver une vision centrale<br \/>\nfonctionnelle. Publi\u00e9e le 20 octobre 2025 dans le New England<br \/>\nJournal of Medicine, l\u2019\u00e9tude montre que plus de 80 % des<br \/>\npatients op\u00e9r\u00e9s se remettent \u00e0 lire lettres, chiffres et mots.<br \/>\nReste \u00e0 comprendre comment ce dispositif parvient \u00e0 ranimer une<br \/>\nr\u00e9tine d\u00e9truite.<\/p>\n<p>Un implant sous-r\u00e9tinien DMLA pour une vision centrale<br \/>\nfonctionnelle<\/p>\n<p>Responsable de la premi\u00e8re cause de c\u00e9cit\u00e9 apr\u00e8s 60 ans,<br \/>\n<strong>la d\u00e9g\u00e9n\u00e9rescence maculaire li\u00e9e \u00e0 l\u2019\u00e2ge touche pr\u00e8s de 1,5<br \/>\nmillion de personnes<\/strong> en France et plus de 5 millions dans<br \/>\nle monde. La forme dite s\u00e8che ou atrophique, qui repr\u00e9sente environ<br \/>\n80 % des cas, se traduit par la disparition progressive des<br \/>\nphotor\u00e9cepteurs, ces cellules qui captent la lumi\u00e8re et<br \/>\ntransmettent l\u2019image au cerveau. Lorsqu\u2019elle est avanc\u00e9e, aucun<br \/>\nm\u00e9dicament ne permet aujourd\u2019hui d\u2019arr\u00eater cette perte de vision<br \/>\ncentrale.<\/p>\n<p>Le <strong>syst\u00e8me Prima<\/strong>, imagin\u00e9 \u00e0 Stanford puis<br \/>\nd\u00e9velopp\u00e9 avec l\u2019Institut de la Vision, contourne ces cellules<br \/>\nd\u00e9truites. Une micropuce photovolta\u00efque de 2 mm sur 2 mm, \u00e9paisse<br \/>\nde 30 microns et dot\u00e9e de 378 \u00e9lectrodes, est gliss\u00e9e sous la<br \/>\nr\u00e9tine. Des lunettes sp\u00e9ciales munies d\u2019une mini-cam\u00e9ra filment la<br \/>\nsc\u00e8ne, un bo\u00eetier agrandit l\u2019image et la renvoie sous forme de<br \/>\nrayons infrarouges sur l\u2019implant, qui stimule les neurones<br \/>\nr\u00e9tiniens restants.<\/p>\n<p>Voir \u00e0 nouveau : comment l\u2019implant PRIMA transforme les<br \/>\nsignaux lumineux<\/p>\n<p>Concr\u00e8tement, tout commence par une chirurgie d\u2019environ deux<br \/>\nheures, durant laquelle la puce est plac\u00e9e sous la macula. Ensuite,<br \/>\nle patient porte des lunettes de r\u00e9alit\u00e9 augment\u00e9e : la cam\u00e9ra<br \/>\nfilme l\u2019environnement, le micro-ordinateur agrandit jusqu\u2019\u00e0 douze<br \/>\nfois, renforce contraste et luminosit\u00e9, puis projette l\u2019image sous<br \/>\nforme de faisceaux infrarouges sur l\u2019implant, qui convertit la<br \/>\nlumi\u00e8re en impulsions \u00e9lectriques.<\/p>\n<p>Le r\u00e9sultat n\u2019est pas une vue normale, mais une image en noir et<br \/>\nblanc, d\u2019une r\u00e9solution plus faible que celle d\u2019une r\u00e9tine saine,<br \/>\n\u00e9quivalente \u00e0 environ un vingti\u00e8me de vision centrale. Apr\u00e8s trois<br \/>\n\u00e0 six mois de r\u00e9\u00e9ducation, nombre de patients apprennent \u00e0 d\u00e9coder<br \/>\nces signaux pour lire de gros caract\u00e8res, reconna\u00eetre un visage<br \/>\nfamilier ou distinguer plus facilement les obstacles, tout en<br \/>\nconservant leur vision p\u00e9riph\u00e9rique naturelle pour se rep\u00e9rer dans<br \/>\nl\u2019espace.<\/p>\n<p>Une avanc\u00e9e clinique majeure,<br \/>\nmais encore en cours d\u2019\u00e9valuation<\/p>\n<p>Dans l\u2019essai clinique europ\u00e9en PRIMAvera, 38 personnes atteintes<br \/>\nde DMLA atrophique avanc\u00e9e, \u00e2g\u00e9es en moyenne de 79 ans et suivies<br \/>\ndans 17 centres, ont re\u00e7u l\u2019implant PRIMA. Un an plus tard, 32<br \/>\nparticipants avaient termin\u00e9 l\u2019\u00e9tude : 81 % lisaient au moins dix<br \/>\nlettres de plus sur les tableaux d\u2019acuit\u00e9 visuelle, 78 % au moins<br \/>\nquinze, et le meilleur r\u00e9sultat correspondait \u00e0 un gain de 1,18<br \/>\nlogMAR, soit 59 lettres suppl\u00e9mentaires.<\/p>\n<p>Les chercheurs ont recens\u00e9 26 \u00e9v\u00e9nements ind\u00e9sirables graves<br \/>\nchez 19 patients, surtout des hypertensions oculaires et quelques<br \/>\nd\u00e9collements ou h\u00e9morragies de r\u00e9tine, survenus dans les deux<br \/>\npremiers mois ; 95 % ont \u00e9t\u00e9 rapidement r\u00e9solus, spontan\u00e9ment ou<br \/>\napr\u00e8s traitement. \u00ab\u00a0Le b\u00e9n\u00e9fice s\u2019est r\u00e9v\u00e9l\u00e9 bien sup\u00e9rieur aux<br \/>\neffets ind\u00e9sirables\u00a0\u00bb, explique Jos\u00e9-Alain Sahel, dans des<br \/>\npropos rapport\u00e9s par Inserm. \u00ab\u00a0Jusque-l\u00e0, d\u2019autres types<br \/>\nd\u2019implants sous-r\u00e9tiniens avaient \u00e9t\u00e9 d\u00e9velopp\u00e9s, apportant un<br \/>\nb\u00e9n\u00e9fice bien moindre. C\u2019est la premi\u00e8re fois qu\u2019un syst\u00e8me permet<br \/>\n\u00e0 des patients ayant perdu la vision centrale de se remettre \u00e0 lire<br \/>\ndes mots, voire des phrases, tout en pr\u00e9servant la vision<br \/>\np\u00e9riph\u00e9rique\u00a0\u00bb, poursuit-il.<\/p>\n","protected":false},"excerpt":{"rendered":"Victimes de DMLA atrophique, des seniors testent un implant sous-r\u00e9tinien coupl\u00e9 \u00e0 des lunettes de r\u00e9alit\u00e9 augment\u00e9e. Publi\u00e9e&hellip;\n","protected":false},"author":2,"featured_media":609662,"comment_status":"","ping_status":"","sticky":false,"template":"","format":"standard","meta":{"footnotes":""},"categories":[10],"tags":[10281,1011,27,72,71],"class_list":{"0":"post-609661","1":"post","2":"type-post","3":"status-publish","4":"format-standard","5":"has-post-thumbnail","7":"category-sante","8":"tag-buzz-nonli","9":"tag-fr","10":"tag-france","11":"tag-health","12":"tag-sante"},"share_on_mastodon":{"url":"https:\/\/pubeurope.com\/@fr\/115746680494993078","error":""},"_links":{"self":[{"href":"https:\/\/www.europesays.com\/fr\/wp-json\/wp\/v2\/posts\/609661","targetHints":{"allow":["GET"]}}],"collection":[{"href":"https:\/\/www.europesays.com\/fr\/wp-json\/wp\/v2\/posts"}],"about":[{"href":"https:\/\/www.europesays.com\/fr\/wp-json\/wp\/v2\/types\/post"}],"author":[{"embeddable":true,"href":"https:\/\/www.europesays.com\/fr\/wp-json\/wp\/v2\/users\/2"}],"replies":[{"embeddable":true,"href":"https:\/\/www.europesays.com\/fr\/wp-json\/wp\/v2\/comments?post=609661"}],"version-history":[{"count":0,"href":"https:\/\/www.europesays.com\/fr\/wp-json\/wp\/v2\/posts\/609661\/revisions"}],"wp:featuredmedia":[{"embeddable":true,"href":"https:\/\/www.europesays.com\/fr\/wp-json\/wp\/v2\/media\/609662"}],"wp:attachment":[{"href":"https:\/\/www.europesays.com\/fr\/wp-json\/wp\/v2\/media?parent=609661"}],"wp:term":[{"taxonomy":"category","embeddable":true,"href":"https:\/\/www.europesays.com\/fr\/wp-json\/wp\/v2\/categories?post=609661"},{"taxonomy":"post_tag","embeddable":true,"href":"https:\/\/www.europesays.com\/fr\/wp-json\/wp\/v2\/tags?post=609661"}],"curies":[{"name":"wp","href":"https:\/\/api.w.org\/{rel}","templated":true}]}}