{"id":609670,"date":"2025-12-19T14:26:12","date_gmt":"2025-12-19T14:26:12","guid":{"rendered":"https:\/\/www.europesays.com\/fr\/609670\/"},"modified":"2025-12-19T14:26:12","modified_gmt":"2025-12-19T14:26:12","slug":"la-russie-nattaquera-personne-si-elle-est-traitee-avec-respect-affirme-vladimir-poutine-lors-de-sa-conference-de-presse-annuelle","status":"publish","type":"post","link":"https:\/\/www.europesays.com\/fr\/609670\/","title":{"rendered":"la Russie n\u2019attaquera personne si elle est \u00ab\u00a0trait\u00e9e avec respect\u00a0\u00bb, affirme Vladimir Poutine lors de sa conf\u00e9rence de presse annuelle"},"content":{"rendered":"<p>   Le service de s\u00e9curit\u00e9 d\u2019Ukraine dit avoir endommag\u00e9 un p\u00e9trolier de la flotte fant\u00f4me russe en M\u00e9diterran\u00e9e             <\/p>\n<p class=\"post__live-container--answer-text post__space-node\">Le service de s\u00e9curit\u00e9 d\u2019Ukraine (SBU) a touch\u00e9 pour la premi\u00e8re fois un p\u00e9trolier de la flotte fant\u00f4me russe \u00ab\u00a0dans les eaux neutres\u00a0\u00bb de la M\u00e9diterran\u00e9e, selon une source proche de l\u2019unit\u00e9 sp\u00e9ciale cit\u00e9e par plusieurs m\u00e9dias ukrainiens et l\u2019Agence France-Presse.<\/p>\n<p class=\"post__live-container--answer-text post__space-node\">\u00ab\u00a0La Russie a utilis\u00e9 ce p\u00e9trolier pour contourner les sanctions et obtenir des fonds destin\u00e9s \u00e0 financer la guerre contre l\u2019Ukraine. Par cons\u00e9quent, au regard du droit international et des lois et coutumes de la guerre, il s\u2019agit d\u2019une cible parfaitement l\u00e9gitime pour le SBU\u00a0\u00bb, a-t-on d\u00e9clar\u00e9 \u00e0 <a href=\"https:\/\/www.rbc.ua\/rus\/news\/sbu-vpershe-urazila-tanker-tinovogo-flotu-1766142841.html\" target=\"_blank\" rel=\"noopener\" title=\"Nouvelle fen\u00eatre\">RBK-Ukraine<\/a>, assurant que le navire nomm\u00e9 Qendil avait subi des d\u00e9g\u00e2ts irr\u00e9versibles.<\/p>\n<p class=\"post__live-container--answer-text post__space-node\">Selon la m\u00eame source, le p\u00e9trolier \u00e9tait vide et l\u2019\u00ab\u00a0op\u00e9ration sp\u00e9ciale sans pr\u00e9c\u00e9dent\u00a0\u00bb, men\u00e9e \u00e0 2\u00a0000\u00a0kilom\u00e8tres de l\u2019Ukraine, ne pr\u00e9sentait aucun risque pour l\u2019environnement.<\/p>\n<p class=\"post__live-container--answer-text post__space-node\">Battant pavillon d\u2019Oman, il est parti de Sikka, en Inde, \u00e0 destination d\u2019Oust-Louga, en Russie, selon ses donn\u00e9es de navigation de l\u2019agence Bloomberg. Son trac\u00e9, coh\u00e9rent avec des images satellites consult\u00e9es par l\u2019AFP, montrent qu\u2019il a fait demi-tour dans la nuit de jeudi \u00e0 vendredi, alors qu\u2019il se trouvait \u00e0 plus de 250 kilom\u00e8tres au large des c\u00f4tes grecques et libyennes.<\/p>\n","protected":false},"excerpt":{"rendered":"Le service de s\u00e9curit\u00e9 d\u2019Ukraine dit avoir endommag\u00e9 un p\u00e9trolier de la flotte fant\u00f4me russe en M\u00e9diterran\u00e9e Le&hellip;\n","protected":false},"author":2,"featured_media":609671,"comment_status":"","ping_status":"","sticky":false,"template":"","format":"standard","meta":{"footnotes":""},"categories":[5],"tags":[11,1011,27,14,12,28],"class_list":{"0":"post-609670","1":"post","2":"type-post","3":"status-publish","4":"format-standard","5":"has-post-thumbnail","7":"category-international","8":"tag-actualites","9":"tag-fr","10":"tag-france","11":"tag-international","12":"tag-news","13":"tag-world"},"share_on_mastodon":{"url":"https:\/\/pubeurope.com\/@fr\/115746700394994659","error":""},"_links":{"self":[{"href":"https:\/\/www.europesays.com\/fr\/wp-json\/wp\/v2\/posts\/609670","targetHints":{"allow":["GET"]}}],"collection":[{"href":"https:\/\/www.europesays.com\/fr\/wp-json\/wp\/v2\/posts"}],"about":[{"href":"https:\/\/www.europesays.com\/fr\/wp-json\/wp\/v2\/types\/post"}],"author":[{"embeddable":true,"href":"https:\/\/www.europesays.com\/fr\/wp-json\/wp\/v2\/users\/2"}],"replies":[{"embeddable":true,"href":"https:\/\/www.europesays.com\/fr\/wp-json\/wp\/v2\/comments?post=609670"}],"version-history":[{"count":0,"href":"https:\/\/www.europesays.com\/fr\/wp-json\/wp\/v2\/posts\/609670\/revisions"}],"wp:featuredmedia":[{"embeddable":true,"href":"https:\/\/www.europesays.com\/fr\/wp-json\/wp\/v2\/media\/609671"}],"wp:attachment":[{"href":"https:\/\/www.europesays.com\/fr\/wp-json\/wp\/v2\/media?parent=609670"}],"wp:term":[{"taxonomy":"category","embeddable":true,"href":"https:\/\/www.europesays.com\/fr\/wp-json\/wp\/v2\/categories?post=609670"},{"taxonomy":"post_tag","embeddable":true,"href":"https:\/\/www.europesays.com\/fr\/wp-json\/wp\/v2\/tags?post=609670"}],"curies":[{"name":"wp","href":"https:\/\/api.w.org\/{rel}","templated":true}]}}