{"id":609676,"date":"2025-12-19T14:29:16","date_gmt":"2025-12-19T14:29:16","guid":{"rendered":"https:\/\/www.europesays.com\/fr\/609676\/"},"modified":"2025-12-19T14:29:16","modified_gmt":"2025-12-19T14:29:16","slug":"nos-idees-sorties-du-week-end-des-26-27-et-28-decembre-2025-dans-la-loire","status":"publish","type":"post","link":"https:\/\/www.europesays.com\/fr\/609676\/","title":{"rendered":"Nos id\u00e9es sorties du week-end des 26, 27 et 28 d\u00e9cembre 2025 dans la Loire"},"content":{"rendered":"<p class=\"is-style-chapo\">Voici la s\u00e9lection de la r\u00e9daction de If Saint-Etienne pour se divertir et s\u2019amuser dans la Loire le week-end prochain, soit les 26, 27 et 28 d\u00e9cembre. Une liste d\u2019\u00e9v\u00e9nements, s\u00e9lectionn\u00e9s de mani\u00e8re ind\u00e9pendante et, bien entendu, non-exhaustive.<\/p>\n<p><img loading=\"lazy\" decoding=\"async\" width=\"1024\" height=\"576\" src=\"https:\/\/www.europesays.com\/fr\/wp-content\/uploads\/2025\/12\/chocolate-8723305_1280-1-1024x576.jpg\" alt=\"\" class=\"wp-image-81431\"  \/><\/p>\n<p>1 \u2013 Au cin\u00e9<\/p>\n<p>Dimanche 28 d\u00e9cembre, \u00e0 11h, le cin\u00e9ma <a href=\"https:\/\/www.lemelies.com\/\" target=\"_blank\" rel=\"noreferrer noopener\">Le M\u00e9li\u00e8s<\/a> Saint-Fran\u00e7ois, \u00e0 Saint-Etienne, diffuse Tokyo Godfathers. Un film d\u2019animation japonais, qui raconte l\u2019histoire de trois amis qui trouvent un b\u00e9b\u00e9 abandonn\u00e9 le soir de No\u00ebl, ainsi qu\u2019une myst\u00e9rieuse cl\u00e9\u2026<\/p>\n<p>2 \u2013 Haricot magique<\/p>\n<p>Jusqu\u2019au 20 janvier, <a href=\"https:\/\/www.ateliermarielouise.com\/\" target=\"_blank\" rel=\"noreferrer noopener\">Marie-Louise Encadrement<\/a>, \u00e0 Saint-Etienne, accueille l\u2019exposition \u00ab\u00a0Deeper than the Sean\u2026 &amp; autres histoires de Beans\u00a0\u00bb. L\u2019artiste Clotilde JNT est St\u00e9phanoise y expose 35 formes inspir\u00e9es de la nature \u00e0 diff\u00e9rentes \u00e9chelles, du microscopique au cosmoscopique.<\/p>\n<p>3 \u2013 Voyage en photographies<\/p>\n<p>Regards crois\u00e9s sur le monde par les photographes voyageurs\u00a0Niko Rodamel et J\u00e9r\u00e9mie Labb\u00e9. Exposition jusqu\u2019au 30 d\u00e9cembre, salles des Cimaises, 15ter rue Henri-Gonnard, Saint-\u00c9tienne. \u00c0\u00a0la fronti\u00e8re de la\u00a0street photography, du portrait\u00a0et de la photo\u00a0de\u00a0voyage, leurs clich\u00e9s\u00a0capturent l\u2019essence des lieux et des visages. Pr\u00e9sence de l\u2019un ou l\u2019autre des artistes du 20 au 30, entre 14 h et 19 h.<\/p>\n<p>4 \u2013 Charlie et la chocolaterie<\/p>\n<p>Les 26 et 27 d\u00e9cembre, rendez-vous aux ateliers de la chocolaterie Weiss pour l\u2019animation \u00ab<a href=\"https:\/\/www.chocolat-weiss.fr\/fr\/content\/48-les-ateliers-weiss-une-boutique-de-chocolat-unique\" target=\"_blank\" rel=\"noreferrer noopener\">\u00a0Le Sapin enchant\u00e9 Weiss<\/a>\u00a0\u00bb. Vous pourrez r\u00e9aliser votre moulage et d\u00e9couvrir les techniques du ma\u00eetre chocolatier, d\u00e9corer votre sapin avec de la friture et repartir avec votre cr\u00e9ation gourmande.<\/p>\n<p>5 \u2013 Enqu\u00eate<\/p>\n<p>Pour bien terminer l\u2019ann\u00e9e, l\u2019office du tourisme <a href=\"https:\/\/www.rendezvousenforez.com\/fete-et-manifestation\/jeu-de-piste-les-tresors-de-noel-montrond-les-bains\/\" target=\"_blank\" rel=\"noreferrer noopener\">Rendez-vous en Forez<\/a> vous propose un jeu de piste \u00e0 Montrond-les-Bains, tout le week-end, autour du secret de la source magique. D\u00e8s 6 ans, partez \u00e0 la recherche des indices pour trouver le code qui d\u00e9bloquera la malle aux cadeaux.<\/p>\n","protected":false},"excerpt":{"rendered":"Voici la s\u00e9lection de la r\u00e9daction de If Saint-Etienne pour se divertir et s\u2019amuser dans la Loire le&hellip;\n","protected":false},"author":2,"featured_media":609677,"comment_status":"","ping_status":"","sticky":false,"template":"","format":"standard","meta":{"footnotes":""},"categories":[9653],"tags":[44451,14428,1111,11,2430,1777,674,1011,27,14429,12,14430,25,4001],"class_list":{"0":"post-609676","1":"post","2":"type-post","3":"status-publish","4":"format-standard","5":"has-post-thumbnail","7":"category-saint-etienne","8":"tag-activites-famille-loire","9":"tag-activites-week-end-loire","10":"tag-actu","11":"tag-actualites","12":"tag-auvergne-rhone-alpes","13":"tag-eu","14":"tag-europe","15":"tag-fr","16":"tag-france","17":"tag-idees-sorties-loire","18":"tag-news","19":"tag-recreatif","20":"tag-republique-francaise","21":"tag-saint-etienne"},"share_on_mastodon":{"url":"https:\/\/pubeurope.com\/@fr\/115746713141325485","error":""},"_links":{"self":[{"href":"https:\/\/www.europesays.com\/fr\/wp-json\/wp\/v2\/posts\/609676","targetHints":{"allow":["GET"]}}],"collection":[{"href":"https:\/\/www.europesays.com\/fr\/wp-json\/wp\/v2\/posts"}],"about":[{"href":"https:\/\/www.europesays.com\/fr\/wp-json\/wp\/v2\/types\/post"}],"author":[{"embeddable":true,"href":"https:\/\/www.europesays.com\/fr\/wp-json\/wp\/v2\/users\/2"}],"replies":[{"embeddable":true,"href":"https:\/\/www.europesays.com\/fr\/wp-json\/wp\/v2\/comments?post=609676"}],"version-history":[{"count":0,"href":"https:\/\/www.europesays.com\/fr\/wp-json\/wp\/v2\/posts\/609676\/revisions"}],"wp:featuredmedia":[{"embeddable":true,"href":"https:\/\/www.europesays.com\/fr\/wp-json\/wp\/v2\/media\/609677"}],"wp:attachment":[{"href":"https:\/\/www.europesays.com\/fr\/wp-json\/wp\/v2\/media?parent=609676"}],"wp:term":[{"taxonomy":"category","embeddable":true,"href":"https:\/\/www.europesays.com\/fr\/wp-json\/wp\/v2\/categories?post=609676"},{"taxonomy":"post_tag","embeddable":true,"href":"https:\/\/www.europesays.com\/fr\/wp-json\/wp\/v2\/tags?post=609676"}],"curies":[{"name":"wp","href":"https:\/\/api.w.org\/{rel}","templated":true}]}}