{"id":609680,"date":"2025-12-19T14:32:11","date_gmt":"2025-12-19T14:32:11","guid":{"rendered":"https:\/\/www.europesays.com\/fr\/609680\/"},"modified":"2025-12-19T14:32:11","modified_gmt":"2025-12-19T14:32:11","slug":"images-pour-noel-ces-pompiers-de-lorraine-se-deguisent-pour-faire-rever-des-enfants-hospitalises","status":"publish","type":"post","link":"https:\/\/www.europesays.com\/fr\/609680\/","title":{"rendered":"IMAGES. Pour No\u00ebl, ces pompiers de Lorraine se d\u00e9guisent pour faire r\u00eaver des enfants hospitalis\u00e9s"},"content":{"rendered":"<p>                    Par<br \/>\n        <strong><br \/>\n            <a href=\"https:\/\/actu.fr\/auteur\/amandine-mehl\" title=\"Consulter tous les articles de Amandine Mehl\" target=\"_blank\" rel=\"noopener\">Amandine Mehl<\/a><br \/>\n                    <\/strong><\/p>\n<p>        Publi\u00e9 le<\/p>\n<p>            19 d\u00e9c. 2025 \u00e0 15h05        <\/p>\n<p>Mercredi 17 d\u00e9cembre 2025, la magie de <a href=\"https:\/\/actu.fr\/tag\/noel\" target=\"_blank\" rel=\"noopener\">No\u00ebl<\/a> a pris place sur le plateau de Brabois. Les deux unit\u00e9s du <strong>groupe de reconnaissance et d\u2019intervention en milieu p\u00e9rilleux (GRIMP)<\/strong> des sapeurs-<a href=\"https:\/\/actu.fr\/tag\/pompiers\" target=\"_blank\" rel=\"noopener\">pompiers<\/a> de Meurthe-et-Moselle ont en effet offert une <strong>belle surprise<\/strong> aux patients de l\u2019<a href=\"https:\/\/actu.fr\/grand-est\/nancy_54395\/nouveau-chru-de-nancy-l-hopital-d-enfants-ne-sera-pas-demoli-finalement-voici-a-quoi-il-va-servir_62204765.html\" target=\"_blank\" rel=\"noopener\">h\u00f4pital d\u2019enfants<\/a> du <a href=\"https:\/\/actu.fr\/tag\/chru-de-nancy\" target=\"_blank\" rel=\"noopener\">CHRU de Nancy<\/a>.<\/p>\n<p>Un entra\u00eenement version No\u00ebl<\/p>\n<p class=\" wall-content\">En collaboration avec les \u00e9quipes soignantes, d\u2019animation et de s\u00e9curit\u00e9 de l\u2019h\u00f4pital, les membres des deux unit\u00e9s ont r\u00e9alis\u00e9 leur <strong>entra\u00eenement<\/strong> le long des baies vitr\u00e9es du b\u00e2timent, d\u00e9guis\u00e9s en <strong>lutins<\/strong>. En pr\u00e9sence, bien entendu, du <strong>p\u00e8re No\u00ebl<\/strong>.<\/p>\n<p>    <a href=\"https:\/\/www.facebook.com\/plugins\/post.php?href=https%3A%2F%2Fwww.facebook.com%2FSDIS54%2Fposts%2Fpfbid02ykx32ANgZqtMvuHkFS4ogrrVfELGHD9HhfWcwqgi8L37vX8t2Q2eWw6fw5wSoA64l&amp;show_text=true&amp;width=350\" title=\"Ouvrie le lien\" target=\"_blank\" rel=\"noopener\">Cliquez ici pour visualiser le contenu<\/a><\/p>\n<p class=\" wall-content\">La journ\u00e9e s\u2019est termin\u00e9e par une <strong>distribution de petits pr\u00e9sents<\/strong>, notamment des \u00e9cussons et des t-shirts floqu\u00e9s, financ\u00e9s par l\u2019amicale des sapeurs-pompiers de Nancy. Des <strong>peluches<\/strong> ont \u00e9galement \u00e9t\u00e9 d\u00e9pos\u00e9es au pied du sapin install\u00e9 dans le hall de l\u2019h\u00f4pital.<\/p>\n<p class=\" wall-content\">Personnalisez votre actualit\u00e9 en ajoutant vos villes et m\u00e9dias en favori avec <a href=\"https:\/\/moncompte.actu.fr\" title=\"D\u00e9couvez Mon Actu\" rel=\"nofollow noopener\" data-trk=\"{&quot;cta&quot;:{&quot;action&quot;:&quot;https:\\\/\\\/moncompte.actu.fr&quot;,&quot;category&quot;:&quot;mon compte&quot;,&quot;from&quot;:&quot;article footer&quot;,&quot;name&quot;:&quot;Mon actu&quot;,&quot;type&quot;:&quot;cta&quot;}}\" target=\"_blank\">Mon Actu<\/a>.<\/p>\n","protected":false},"excerpt":{"rendered":"Par Amandine Mehl Publi\u00e9 le 19 d\u00e9c. 2025 \u00e0 15h05 Mercredi 17 d\u00e9cembre 2025, la magie de No\u00ebl&hellip;\n","protected":false},"author":2,"featured_media":609681,"comment_status":"","ping_status":"","sticky":false,"template":"","format":"standard","meta":{"footnotes":""},"categories":[9635],"tags":[1111,11,12765,1777,674,1011,27,775,1702,12,15830,1311,25,104],"class_list":{"0":"post-609680","1":"post","2":"type-post","3":"status-publish","4":"format-standard","5":"has-post-thumbnail","7":"category-nancy","8":"tag-actu","9":"tag-actualites","10":"tag-chru-de-nancy","11":"tag-eu","12":"tag-europe","13":"tag-fr","14":"tag-france","15":"tag-grand-est","16":"tag-nancy","17":"tag-news","18":"tag-noel","19":"tag-pompiers","20":"tag-republique-francaise","21":"tag-societe"},"share_on_mastodon":{"url":"https:\/\/pubeurope.com\/@fr\/115746723920659806","error":""},"_links":{"self":[{"href":"https:\/\/www.europesays.com\/fr\/wp-json\/wp\/v2\/posts\/609680","targetHints":{"allow":["GET"]}}],"collection":[{"href":"https:\/\/www.europesays.com\/fr\/wp-json\/wp\/v2\/posts"}],"about":[{"href":"https:\/\/www.europesays.com\/fr\/wp-json\/wp\/v2\/types\/post"}],"author":[{"embeddable":true,"href":"https:\/\/www.europesays.com\/fr\/wp-json\/wp\/v2\/users\/2"}],"replies":[{"embeddable":true,"href":"https:\/\/www.europesays.com\/fr\/wp-json\/wp\/v2\/comments?post=609680"}],"version-history":[{"count":0,"href":"https:\/\/www.europesays.com\/fr\/wp-json\/wp\/v2\/posts\/609680\/revisions"}],"wp:featuredmedia":[{"embeddable":true,"href":"https:\/\/www.europesays.com\/fr\/wp-json\/wp\/v2\/media\/609681"}],"wp:attachment":[{"href":"https:\/\/www.europesays.com\/fr\/wp-json\/wp\/v2\/media?parent=609680"}],"wp:term":[{"taxonomy":"category","embeddable":true,"href":"https:\/\/www.europesays.com\/fr\/wp-json\/wp\/v2\/categories?post=609680"},{"taxonomy":"post_tag","embeddable":true,"href":"https:\/\/www.europesays.com\/fr\/wp-json\/wp\/v2\/tags?post=609680"}],"curies":[{"name":"wp","href":"https:\/\/api.w.org\/{rel}","templated":true}]}}