{"id":609692,"date":"2025-12-19T14:38:13","date_gmt":"2025-12-19T14:38:13","guid":{"rendered":"https:\/\/www.europesays.com\/fr\/609692\/"},"modified":"2025-12-19T14:38:13","modified_gmt":"2025-12-19T14:38:13","slug":"seine-maritime-patrouilles-renforcees-controles-routiers-quel-dispositif-de-securite-pour-noel-et-le-nouvel-an","status":"publish","type":"post","link":"https:\/\/www.europesays.com\/fr\/609692\/","title":{"rendered":"Seine-Maritime. Patrouilles renforc\u00e9es, contr\u00f4les routiers\u2026 Quel dispositif de s\u00e9curit\u00e9 pour No\u00ebl et le Nouvel An\u00a0?"},"content":{"rendered":"<p melodystyle=\"texte\">Le plan Vigipirate dans l&rsquo;ensemble du pays est toujours au niveau \u00ab\u00a0urgence attentat\u00a0\u00bb. Dans ce contexte,<a href=\"https:\/\/www.tendanceouest.com\/actualite-434801-rouen-une-sanction-injustifiee-le-club-le-so-vise-par-une-fermeture-administrative-de-deux-mois\" target=\"_blank\" rel=\"noopener\"> la pr\u00e9fecture de Seine-Maritime<\/a> d\u00e9taille un dispositif de s\u00e9curit\u00e9 renforc\u00e9 pour la p\u00e9riode des f\u00eates qui \u00ab\u00a0peut s&rsquo;accompagner de risques, en mati\u00e8re de s\u00e9curit\u00e9 tant publique que sanitaire et aussi routi\u00e8re\u00a0\u00bb.<\/p>\n<p melodystyle=\"texte\">Concr\u00e8tement, l&rsquo;ensemble des forces de s\u00e9curit\u00e9 et de secours du d\u00e9partement sont mobilis\u00e9es, police, gendarmerie, forces militaires Sentinelle et sapeurs-pompiers, \u00ab\u00a0au travers d&rsquo;op\u00e9rations conjointes sur le terrain lors des p\u00e9riodes les plus charg\u00e9es\u00a0\u00bb. Les patrouilles doivent notamment \u00eatre renforc\u00e9es aux abords des lieux jug\u00e9s sensibles.<\/p>\n<p>Pr\u00e9venir les risques de d\u00e9gradation<\/p>\n<p melodystyle=\"texte\">Des r\u00e9unions ont \u00e9t\u00e9 organis\u00e9es pour coordonner toute la cha\u00eene de la s\u00e9curit\u00e9 entre forces de s\u00e9curit\u00e9 int\u00e9rieure, \u00e9lus, les arm\u00e9es, les pompiers, les polices municipales, les op\u00e9rateurs de transports ou les bailleurs pour limiter les risques de d\u00e9gradations lors des nuits festives. Il est pr\u00e9vu notamment l&rsquo;enl\u00e8vement des v\u00e9hicules \u00e9paves, l&rsquo;enl\u00e8vement des containers \u00e0 poubelles, les contr\u00f4les et fermetures des acc\u00e8s aux b\u00e2timents publics ou la s\u00e9curisation et l&rsquo;enl\u00e8vement du mat\u00e9riel sur les chantiers.<\/p>\n<p>Plus de contr\u00f4les sur la route<\/p>\n<p melodystyle=\"texte\">C\u00f4t\u00e9 <a href=\"https:\/\/www.tendanceouest.com\/actualite-434748-securite-41-morts-sur-les-routes-de-la-manche-le-prefet-va-renforcer-les-controles-pendant-les-fetes\" target=\"_blank\" rel=\"noopener\">s\u00e9curit\u00e9 routi\u00e8re<\/a>, un large d\u00e9ploiement de policiers et de gendarmes est pr\u00e9vu les soirs des 24 et 31\u00a0d\u00e9cembre \u00ab\u00a0pour assurer des contr\u00f4les massifs en amont des soir\u00e9es de f\u00eates, comme en deuxi\u00e8me partie de nuit\u00a0\u00bb.<\/p>\n<p melodystyle=\"texte\">Enfin, la pr\u00e9fecture a pris des arr\u00eat\u00e9s sp\u00e9cifiques sur la p\u00e9riode. La consommation d&rsquo;alcool sur la voie publique est interdite du mercredi 31\u00a0d\u00e9cembre 15h au jeudi 1er\u00a0janvier \u00e0 10h. La vente d&rsquo;alcool \u00e0 emporter est aussi interdite d\u00e8s le mardi\u00a031 \u00e0 20h et jusqu&rsquo;au lendemain \u00e0 10h.<\/p>\n<p melodystyle=\"texte\">Par ailleurs, la vente et l&rsquo;utilisation d&rsquo;artifices de divertissement, toute comme la distribution de carburant, dont le gaz inflammable dans des conteneurs individuels, sont interdites du samedi 20\u00a0d\u00e9cembre \u00e0 8h jusqu&rsquo;au vendredi 2\u00a0janvier \u00e0 8h dans l&rsquo;ensemble du d\u00e9partement.<\/p>\n","protected":false},"excerpt":{"rendered":"Le plan Vigipirate dans l&rsquo;ensemble du pays est toujours au niveau \u00ab\u00a0urgence attentat\u00a0\u00bb. Dans ce contexte, la pr\u00e9fecture&hellip;\n","protected":false},"author":2,"featured_media":609693,"comment_status":"","ping_status":"","sticky":false,"template":"","format":"standard","meta":{"footnotes":""},"categories":[9587],"tags":[1111,11,1777,674,1011,27,12,5161,25,9590],"class_list":{"0":"post-609692","1":"post","2":"type-post","3":"status-publish","4":"format-standard","5":"has-post-thumbnail","7":"category-rouen","8":"tag-actu","9":"tag-actualites","10":"tag-eu","11":"tag-europe","12":"tag-fr","13":"tag-france","14":"tag-news","15":"tag-normandie","16":"tag-republique-francaise","17":"tag-rouen"},"share_on_mastodon":{"url":"https:\/\/pubeurope.com\/@fr\/115746747525256589","error":""},"_links":{"self":[{"href":"https:\/\/www.europesays.com\/fr\/wp-json\/wp\/v2\/posts\/609692","targetHints":{"allow":["GET"]}}],"collection":[{"href":"https:\/\/www.europesays.com\/fr\/wp-json\/wp\/v2\/posts"}],"about":[{"href":"https:\/\/www.europesays.com\/fr\/wp-json\/wp\/v2\/types\/post"}],"author":[{"embeddable":true,"href":"https:\/\/www.europesays.com\/fr\/wp-json\/wp\/v2\/users\/2"}],"replies":[{"embeddable":true,"href":"https:\/\/www.europesays.com\/fr\/wp-json\/wp\/v2\/comments?post=609692"}],"version-history":[{"count":0,"href":"https:\/\/www.europesays.com\/fr\/wp-json\/wp\/v2\/posts\/609692\/revisions"}],"wp:featuredmedia":[{"embeddable":true,"href":"https:\/\/www.europesays.com\/fr\/wp-json\/wp\/v2\/media\/609693"}],"wp:attachment":[{"href":"https:\/\/www.europesays.com\/fr\/wp-json\/wp\/v2\/media?parent=609692"}],"wp:term":[{"taxonomy":"category","embeddable":true,"href":"https:\/\/www.europesays.com\/fr\/wp-json\/wp\/v2\/categories?post=609692"},{"taxonomy":"post_tag","embeddable":true,"href":"https:\/\/www.europesays.com\/fr\/wp-json\/wp\/v2\/tags?post=609692"}],"curies":[{"name":"wp","href":"https:\/\/api.w.org\/{rel}","templated":true}]}}