{"id":609694,"date":"2025-12-19T14:39:13","date_gmt":"2025-12-19T14:39:13","guid":{"rendered":"https:\/\/www.europesays.com\/fr\/609694\/"},"modified":"2025-12-19T14:39:13","modified_gmt":"2025-12-19T14:39:13","slug":"le-fils-du-pere-noel-a-la-recherche-des-lutins","status":"publish","type":"post","link":"https:\/\/www.europesays.com\/fr\/609694\/","title":{"rendered":"\u00ab\u00a0Le fils du p\u00e8re No\u00ebl\u00a0\u00bb, \u00e0 la recherche des lutins\u00a0!"},"content":{"rendered":"<p melodystyle=\"texte\">Jean No\u00ebl, le fils du p\u00e8re No\u00ebl qui est un adulte pantouflard, est oblig\u00e9 de prendre le relais pour pr\u00e9parer No\u00ebl quand le p\u00e8re et la m\u00e8re No\u00ebl d\u00e9cident de prendre des vacances inopin\u00e9es alors m\u00eame que le chef des lutins a disparu. Spectacle de court format tr\u00e8s interactif et musical, Le fils du p\u00e8re No\u00ebl est con\u00e7u pour \u00eatre accessible d\u00e8s 2 ans. \u00ab\u00a0Jean doit partir \u00e0 la recherche du chef des lutins, pour que les lutins reprennent le travail et pour sauver No\u00ebl\u00a0\u00bb, raconte Fred Tanto, seul sur sc\u00e8ne, \u00e0 la fois l&rsquo;interpr\u00e8te et l&rsquo;auteur du spectacle. Il fait intervenir les lutins, l&rsquo;\u00e9toile de No\u00ebl, l&rsquo;abominable bonhomme de neige ou le renne Rodolphe par le biais de peluches qu&rsquo;il manipule et \u00e0 qui il pr\u00eate sa voix. \u00ab\u00a0Jean No\u00ebl est un adulte qui a gard\u00e9 son c\u0153ur d&rsquo;enfant, annonce celui qui a toujours aim\u00e9 inventer des histoires \u00e0 sa fille quand elle \u00e9tait enfant, il ne pense qu&rsquo;\u00e0 s&rsquo;amuser et \u00e0 chanter en s&rsquo;accompagnant de la guitare, mais il saisit cette opportunit\u00e9 car il est avide d&rsquo;aventures\u00a0!\u00a0\u00bb<\/p>\n<p style=\"font-weight:bold;color:#000;\">Pratique. Les 20 et 21 d\u00e9cembre \u00e0 14h et 16h. 10\u20ac. <a href=\"https:\/\/www.theatre-almendra.com\/\" target=\"_blank\" rel=\"noopener\">theatre-almendra.com<\/a>.<\/p>\n","protected":false},"excerpt":{"rendered":"Jean No\u00ebl, le fils du p\u00e8re No\u00ebl qui est un adulte pantouflard, est oblig\u00e9 de prendre le relais&hellip;\n","protected":false},"author":2,"featured_media":609695,"comment_status":"","ping_status":"","sticky":false,"template":"","format":"standard","meta":{"footnotes":""},"categories":[9587],"tags":[1111,11,1777,674,1011,27,12,5161,25,9590],"class_list":{"0":"post-609694","1":"post","2":"type-post","3":"status-publish","4":"format-standard","5":"has-post-thumbnail","7":"category-rouen","8":"tag-actu","9":"tag-actualites","10":"tag-eu","11":"tag-europe","12":"tag-fr","13":"tag-france","14":"tag-news","15":"tag-normandie","16":"tag-republique-francaise","17":"tag-rouen"},"share_on_mastodon":{"url":"https:\/\/pubeurope.com\/@fr\/115746751388641347","error":""},"_links":{"self":[{"href":"https:\/\/www.europesays.com\/fr\/wp-json\/wp\/v2\/posts\/609694","targetHints":{"allow":["GET"]}}],"collection":[{"href":"https:\/\/www.europesays.com\/fr\/wp-json\/wp\/v2\/posts"}],"about":[{"href":"https:\/\/www.europesays.com\/fr\/wp-json\/wp\/v2\/types\/post"}],"author":[{"embeddable":true,"href":"https:\/\/www.europesays.com\/fr\/wp-json\/wp\/v2\/users\/2"}],"replies":[{"embeddable":true,"href":"https:\/\/www.europesays.com\/fr\/wp-json\/wp\/v2\/comments?post=609694"}],"version-history":[{"count":0,"href":"https:\/\/www.europesays.com\/fr\/wp-json\/wp\/v2\/posts\/609694\/revisions"}],"wp:featuredmedia":[{"embeddable":true,"href":"https:\/\/www.europesays.com\/fr\/wp-json\/wp\/v2\/media\/609695"}],"wp:attachment":[{"href":"https:\/\/www.europesays.com\/fr\/wp-json\/wp\/v2\/media?parent=609694"}],"wp:term":[{"taxonomy":"category","embeddable":true,"href":"https:\/\/www.europesays.com\/fr\/wp-json\/wp\/v2\/categories?post=609694"},{"taxonomy":"post_tag","embeddable":true,"href":"https:\/\/www.europesays.com\/fr\/wp-json\/wp\/v2\/tags?post=609694"}],"curies":[{"name":"wp","href":"https:\/\/api.w.org\/{rel}","templated":true}]}}