{"id":609699,"date":"2025-12-19T14:43:10","date_gmt":"2025-12-19T14:43:10","guid":{"rendered":"https:\/\/www.europesays.com\/fr\/609699\/"},"modified":"2025-12-19T14:43:10","modified_gmt":"2025-12-19T14:43:10","slug":"les-agriculteurs-des-cotes-darmor-et-du-finistere-de-nouveau-desarmes-face-au-choucas-des-tours","status":"publish","type":"post","link":"https:\/\/www.europesays.com\/fr\/609699\/","title":{"rendered":"Les agriculteurs des C\u00f4tes-d&rsquo;Armor et du Finist\u00e8re de nouveau d\u00e9sarm\u00e9s face au choucas des tours"},"content":{"rendered":"<p>                    Par<br \/>\n        <strong><br \/>\n            <a href=\"https:\/\/actu.fr\/auteur\/journaliste-lechoarmoretargoat\" title=\"Consulter tous les articles de R\u00e9daction Guingamp\" target=\"_blank\" rel=\"noopener\">R\u00e9daction Guingamp<\/a><br \/>\n                    <\/strong><\/p>\n<p>        Publi\u00e9 le<\/p>\n<p>            19 d\u00e9c. 2025 \u00e0 15h22        <\/p>\n<p>Le tribunal administratif de Rennes a annul\u00e9 quatre arr\u00eat\u00e9s qui avaient \u00e9t\u00e9 pris par les pr\u00e9fets du Finist\u00e8re et des C\u00f4tes-d\u2019Armor en\u00a02022 et\u00a02023 pour autoriser les agriculteurs de leurs d\u00e9partements \u00e0 proc\u00e9der \u00e0 la \u00ab\u2009destruction\u2009\u00bb de plusieurs milliers de choucas des tours.<\/p>\n<p class=\" wall-content\">Cette esp\u00e8ce d\u2019oiseaux prot\u00e9g\u00e9e est en fait accus\u00e9e d\u2019\u00eatre l\u2019origine de nombreux \u00ab\u2009d\u00e9g\u00e2ts\u2009\u00bb sur les cultures en Bretagne.<\/p>\n<p class=\" wall-content\">Depuis 2007, plusieurs arr\u00eat\u00e9s autorisant leur \u00ab\u2009abattage\u2009\u00bb et leur \u00ab\u2009effarouchement\u2009\u00bb par les agriculteurs \u00e0 titre de \u00ab\u2009d\u00e9rogation\u2009\u00bb ont donc \u00e9t\u00e9 pris par les pr\u00e9fets.<\/p>\n<p class=\" wall-content\">\u00c0 la demande de la F\u00e9d\u00e9ration nationale des syndicats des exploitants agricoles (FNSEA), les pr\u00e9fets des C\u00f4tes-d\u2019Armor et du Finist\u00e8re avaient donc pris quatre arr\u00eat\u00e9s en ao\u00fbt 2022 et mars 2023, autorisant l\u2019abattage de 18 500 oiseaux au total dans les deux d\u00e9partements.<\/p>\n<p class=\" wall-content\">Ces arr\u00eat\u00e9s avaient \u00e9t\u00e9 attaqu\u00e9s par les associations de protection animale One Voice, Bretagne Vivante, Vivarmor, Geoca et la Ligue de protection des oiseaux (LPO), parmi lesquelles certaines \u00e9taient d\u00e9j\u00e0 parvenues \u00e0 faire annuler de pr\u00e9c\u00e9dents arr\u00eat\u00e9s similaires.<\/p>\n<p class=\" wall-content\">En fait, une \u00ab\u2009d\u00e9rogation\u2009\u00bb \u00e0 l\u2019interdiction de d\u00e9truire des esp\u00e8ces prot\u00e9g\u00e9es ne peut \u00eatre accord\u00e9e que si trois conditions sont remplies, rappelle le tribunal administratif de Rennes dans quatre jugements en date du 27\u00a0novembre 2025 qui viennent d\u2019\u00eatre rendus publics.<\/p>\n<p>Vid\u00e9os : en ce moment sur Actu<\/p>\n<p class=\" wall-content\">Cette \u00ab\u2009destruction\u2009\u00bb d\u2019esp\u00e8ce \u00ab\u2009prot\u00e9g\u00e9e\u2009\u00bb ne doit pr\u00e9cis\u00e9ment \u00ab\u2009pas nuire au maintien, dans un \u00e9tat de conservation favorable, des populations des esp\u00e8ces concern\u00e9es dans leur aire de r\u00e9partition naturelle\u2009\u00bb.<\/p>\n<p>Des \u00ab\u2009dommages importants\u2009\u00bb causes aux cultures<\/p>\n<p class=\" wall-content\">La \u00ab\u00a0destruction\u00a0\u00bb en question doit aussi \u00eatre \u00ab\u00a0justifi\u00e9e\u00a0\u00bb par certains \u00ab\u00a0motifs\u00a0\u00bb sp\u00e9cifiques, comme \u00ab\u00a0la pr\u00e9vention des dommages importants notamment aux cultures et \u00e0 d\u2019autres formes de\u00a0propri\u00e9t\u00e9, et aucune \u00ab\u00a0solution alternative satisfaisante\u00a0\u00bb ne doit exister.<\/p>\n<p>Votre r\u00e9gion, votre actu !<\/p>\n<p>Recevez chaque jour les infos qui comptent pour vous.<\/p>\n<p>\t<a href=\"https:\/\/actu.fr\/newsletter\" class=\"ac-btn ac-btn--corner ac-btn--medium ac-btn--blue800\" target=\"_blank\" rel=\"noopener\">S&rsquo;incrire<\/a><\/p>\n<p class=\" wall-content\">\u00ab\u2009Les choucas des tours [\u2026] sont de nature \u00e0 occasionner des dommages importants sur les cultures en r\u00e9gion Bretagne, notamment \u00e0 l\u2019occasion des semis\u2009\u00bb, commence donc par convenir le tribunal administratif de Rennes, en raison de leur \u00ab\u2009nombre croissant\u2009\u00bb et du fait qu\u2019ils \u00ab\u2009vivent dans des cavit\u00e9s, fr\u00e9quemment des conduits de\u00a0chemin\u00e9es en milieu rural\u2009\u00bb.<\/p>\n<p class=\" wall-content\">Ces oiseaux \u00ab\u2009se d\u00e9placent dans un rayon limit\u00e9 autour de leur\u00a0habitat\u2009\u00bb, ajoutent les juges, et ils \u00ab\u2009s\u2019alimentent en partie de v\u00e9g\u00e9taux, essentiellement de plantes cultiv\u00e9es\u00a0dont principalement le bl\u00e9 mais aussi le ma\u00efs et le chou\u2009\u00bb.<\/p>\n<p class=\" wall-content\">Les d\u00e9g\u00e2ts provoqu\u00e9s aux cultures par les choucas des tours \u00e9taient par exemple chiffr\u00e9s \u00e0 \u00ab\u2009680\u2009000 \u20ac\u00bb dans les C\u00f4tes-d\u2019Armor en 2022 et \u00ab\u2009526\u2009000 \u20ac \u00bb dans le Finist\u00e8re en 2021. Ces d\u00e9g\u00e2ts peuvent donc \u00ab\u2009\u00eatre regard\u00e9s comme importants\u2009\u00bb et la \u00ab\u2009destruction\u2009\u00bb de ces oiseaux \u00ab\u2009peut \u00eatre consid\u00e9r\u00e9e comme \u00e9tant de nature \u00e0 pr\u00e9venir ces dommages significatifs\u2009\u00bb.<\/p>\n<p>Des \u00ab\u2009solutions alternatives\u2009\u00bb auraient du etre envisagees<\/p>\n<p class=\" wall-content\">D\u2019ailleurs, une telle mesure ne nuit pas \u00e0 la \u00ab\u2009conservation\u2009\u00bb de l\u2019esp\u00e8ce \u00ab\u2009dans son aire de r\u00e9partition naturelle\u2009\u00bb. \u00ab\u2009La population europ\u00e9enne de choucas des tours est consid\u00e9r\u00e9e comme stable\u2009\u00bb, font en effet savoir les juges, et \u00ab\u2009l\u2019esp\u00e8ce a \u00e9galement connu [\u2026] une augmentation de 86\u2009% entre\u00a02001 et\u00a02019 en France\u2009\u00bb.\u00a0Le nombre de \u00ab\u2009couples reproducteurs\u2009\u00bb est pr\u00e9cis\u00e9ment estim\u00e9 \u00e0 23\u2009000 dans les C\u00f4tes-d\u2019Armor et 45\u2009000 dans le Finist\u00e8re, alors que les arr\u00eat\u00e9s pr\u00e9fectoraux autorisent l\u2019abattage d\u2019au maximum 8\u2009000 individus.<\/p>\n<p class=\" wall-content\">Reste que\u00a0la \u00ab\u2009pertinence\u2009\u00bb de l\u2019abattage et de l\u2019effarouchement de ces oiseaux \u00ab\u2009doit \u00eatre remise en cause\u2009\u00bb\u2009: une \u00e9tude r\u00e9gionale sur \u00ab\u2009l\u2019\u00e9cologie du choucas des tours\u2009\u00bb men\u00e9e par l\u2019universit\u00e9 de Rennes et publi\u00e9e en 2022 avait en effet d\u00e9j\u00e0 pr\u00e9conis\u00e9 \u00ab\u2009des\u00a0alternatives, efficaces et p\u00e9rennes, \u00e0 la destruction de ces oiseaux\u2009\u00bb.<\/p>\n<p class=\" wall-content\">L\u2019utilisation de \u00ab\u2009r\u00e9pulsifs\u2009\u00bb, la \u00ab\u2009limitation\u00a0des acc\u00e8s aux tas d\u2019ensilages\u2009\u00bb, un \u00ab\u2009assolement \u00e9loign\u00e9 des sites urbanis\u00e9s o\u00f9 ces oiseaux nidifient\u2009\u00bb et des \u00ab\u2009pratiques de diversion, par agrainage cibl\u00e9, \u00e9loign\u00e9es des semis\u2009\u00bb avaient \u00e9t\u00e9 sugg\u00e9r\u00e9s par les chercheurs.<\/p>\n<p class=\" wall-content\">Les \u00ab\u2009techniques d\u2019effarouchement sonores ou visuels ou des solutions agronomiques\u2009\u00bb mises en place par certains agriculteurs se sont d\u2019ailleurs r\u00e9v\u00e9l\u00e9es globalement \u00ab\u2009inefficaces\u2009\u00bb, rel\u00e8vent les magistrats rennais.<\/p>\n<p class=\" wall-content\">Et si \u00ab\u2009un plan r\u00e9gional d\u2019actions sur le choucas des tours a \u00e9t\u00e9 cr\u00e9\u00e9\u2009\u00bb, cela \u00ab\u2009ne suffit pas \u00e0 d\u00e9montrer que [\u2026] des solutions alternatives avaient \u00e9t\u00e9 s\u00e9rieusement recherch\u00e9es\u2009\u00bb par les pr\u00e9fets des deux d\u00e9partements concern\u00e9s, concluent-ils. Les quatre arr\u00eat\u00e9s pr\u00e9fectoraux ont donc \u00e9t\u00e9 annul\u00e9s.<\/p>\n<p class=\" wall-content\"><b>RB et GF (PressPepper)<\/b><\/p>\n<p class=\" wall-content\">Personnalisez votre actualit\u00e9 en ajoutant vos villes et m\u00e9dias en favori avec <a href=\"https:\/\/moncompte.actu.fr\" title=\"D\u00e9couvez Mon Actu\" rel=\"nofollow noopener\" data-trk=\"{&quot;cta&quot;:{&quot;action&quot;:&quot;https:\\\/\\\/moncompte.actu.fr&quot;,&quot;category&quot;:&quot;mon compte&quot;,&quot;from&quot;:&quot;article footer&quot;,&quot;name&quot;:&quot;Mon actu&quot;,&quot;type&quot;:&quot;cta&quot;}}\" target=\"_blank\">Mon Actu<\/a>.<\/p>\n","protected":false},"excerpt":{"rendered":"Par R\u00e9daction Guingamp Publi\u00e9 le 19 d\u00e9c. 2025 \u00e0 15h22 Le tribunal administratif de Rennes a annul\u00e9 quatre&hellip;\n","protected":false},"author":2,"featured_media":609700,"comment_status":"","ping_status":"","sticky":false,"template":"","format":"standard","meta":{"footnotes":""},"categories":[2821],"tags":[1111,11,829,1777,674,1011,27,12,584,25,104,3382],"class_list":{"0":"post-609699","1":"post","2":"type-post","3":"status-publish","4":"format-standard","5":"has-post-thumbnail","7":"category-rennes","8":"tag-actu","9":"tag-actualites","10":"tag-bretagne","11":"tag-eu","12":"tag-europe","13":"tag-fr","14":"tag-france","15":"tag-news","16":"tag-rennes","17":"tag-republique-francaise","18":"tag-societe","19":"tag-tribunal-administratif-de-rennes"},"share_on_mastodon":{"url":"https:\/\/pubeurope.com\/@fr\/115746767246882846","error":""},"_links":{"self":[{"href":"https:\/\/www.europesays.com\/fr\/wp-json\/wp\/v2\/posts\/609699","targetHints":{"allow":["GET"]}}],"collection":[{"href":"https:\/\/www.europesays.com\/fr\/wp-json\/wp\/v2\/posts"}],"about":[{"href":"https:\/\/www.europesays.com\/fr\/wp-json\/wp\/v2\/types\/post"}],"author":[{"embeddable":true,"href":"https:\/\/www.europesays.com\/fr\/wp-json\/wp\/v2\/users\/2"}],"replies":[{"embeddable":true,"href":"https:\/\/www.europesays.com\/fr\/wp-json\/wp\/v2\/comments?post=609699"}],"version-history":[{"count":0,"href":"https:\/\/www.europesays.com\/fr\/wp-json\/wp\/v2\/posts\/609699\/revisions"}],"wp:featuredmedia":[{"embeddable":true,"href":"https:\/\/www.europesays.com\/fr\/wp-json\/wp\/v2\/media\/609700"}],"wp:attachment":[{"href":"https:\/\/www.europesays.com\/fr\/wp-json\/wp\/v2\/media?parent=609699"}],"wp:term":[{"taxonomy":"category","embeddable":true,"href":"https:\/\/www.europesays.com\/fr\/wp-json\/wp\/v2\/categories?post=609699"},{"taxonomy":"post_tag","embeddable":true,"href":"https:\/\/www.europesays.com\/fr\/wp-json\/wp\/v2\/tags?post=609699"}],"curies":[{"name":"wp","href":"https:\/\/api.w.org\/{rel}","templated":true}]}}