{"id":609713,"date":"2025-12-19T14:50:15","date_gmt":"2025-12-19T14:50:15","guid":{"rendered":"https:\/\/www.europesays.com\/fr\/609713\/"},"modified":"2025-12-19T14:50:15","modified_gmt":"2025-12-19T14:50:15","slug":"a-nantes-bruno-retailleau-en-soutien-au-candidat-de-la-droite","status":"publish","type":"post","link":"https:\/\/www.europesays.com\/fr\/609713\/","title":{"rendered":"\u00e0 Nantes, Bruno Retailleau en soutien au candidat de la droite"},"content":{"rendered":"<p>\n    En visite \u00e0 Nantes pour soutenir Foulques Chombart de Lauwe, le candidat de la droite aux municipales, le pr\u00e9sident des R\u00e9publicains ne s\u2019est pas priv\u00e9, jeudi, de torpiller le bilan s\u00e9curitaire de la maire socialiste sortante, Johanna Rolland, comme son projet d\u2019ouvrir la ville aux sans-papiers.<\/p>\n<p class=\"fig-paragraph\">Pleins feux sur l\u2019ins\u00e9curit\u00e9 &#8211; et sur \u00abl\u2019\u00e9chec patent de la gauche municipale\u00bb. Pour sa premi\u00e8re visite de terrain pour la campagne municipale des R\u00e9publicains\u00a0<a href=\"https:\/\/www.lefigaro.fr\/nantes\" target=\"_blank\" data-fig-type=\"Section\" rel=\"sponsored noopener\" data-gtm-custom-categorie=\"navigation\" data-gtm-custom-action=\"crossclick\" data-gtm-custom-label=\"Contextuel\" data-gtm-event=\"customEventSPE\" data-fig-domain=\"LEFIGARO\">\u00e0 Nantes<\/a>,\u00a0<a href=\"http:\/\/www.lefigaro.fr\/vox\/politique\/bruno-retailleau-la-france-merite-mieux-qu-une-politique-energetique-faite-d-illusions-couteuses-et-de-cibles-irrealisables-20251218\" target=\"_blank\" data-fig-type=\"Article\" rel=\"noopener\" data-gtm-custom-categorie=\"navigation\" data-gtm-custom-action=\"crossclick\" data-gtm-custom-label=\"Contextuel\" data-gtm-event=\"customEventSPE\" data-fig-domain=\"LEFIGARO\">Bruno Retailleau<\/a>\u00a0n\u2019a pas retenu ses coups contre\u00a0<a href=\"http:\/\/www.lefigaro.fr\/elections\/municipales\/johanna-rolland-l-atout-municipal-du-parti-socialiste-20251130\" target=\"_blank\" data-fig-type=\"Article\" rel=\"noopener\" data-gtm-custom-categorie=\"navigation\" data-gtm-custom-action=\"crossclick\" data-gtm-custom-label=\"Contextuel\" data-gtm-event=\"customEventSPE\" data-fig-domain=\"LEFIGARO\">Johanna Rolland<\/a>, la maire socialiste au pouvoir depuis 2014. Paru, jeudi, au c\u00f4t\u00e9 du candidat de la droite,\u00a0<a href=\"http:\/\/www.lefigaro.fr\/nantes\/qui-est-foulques-chombart-de-lauwe-nouveau-champion-de-la-droite-a-nantes-20250901\" data-fig-type=\"NewsFlash\" data-gtm-custom-categorie=\"navigation\" data-gtm-custom-action=\"crossclick\" data-gtm-custom-label=\"Contextuel\" data-gtm-event=\"customEventSPE\" data-fig-domain=\"LEFIGARO\" target=\"_blank\" rel=\"noopener\">Foulques Chombart de Lauwe<\/a>, dans la cit\u00e9 des Ducs, l\u2019ancien ministre de l\u2019Int\u00e9rieur a accus\u00e9 l\u2019\u00e9dile d\u2019\u00eatre \u00e0 l\u2019origine d\u2019un recul in\u00e9dit de l\u2019autorit\u00e9 en ville. Une d\u00e9gradation qui, assure-t-il, ne devrait qu\u2019empirer avec la proposition de Johanna Rolland &#8211;\u00a0<a href=\"http:\/\/www.lefigaro.fr\/nantes\/municipales-a-nantes-socialistes-et-ecologistes-s-allient-contre-la-droite-et-face-aux-insoumis-20251016\" target=\"_blank\" data-fig-type=\"NewsFlash\" rel=\"noopener\" data-gtm-custom-categorie=\"navigation\" data-gtm-custom-action=\"crossclick\" data-gtm-custom-label=\"Contextuel\" data-gtm-event=\"customEventSPE\" data-fig-domain=\"LEFIGARO\">et de ses alli\u00e9s \u00e9cologistes<\/a>\u00a0&#8211; d\u2019accueillir de mani\u00e8re inconditionnelle les \u00abexil\u00e9s\u00bb, \u00abquelle que soit leur situation administrative\u00bb.<\/p>\n<p class=\"fig-paragraph\">\u00abJohanna Rolland cr\u00e9e les conditions de l\u2019ins\u00e9curit\u00e9\u00bb, a tacl\u00e9 Bruno Retailleau depuis le QG de campagne de la droite nantaise, au c\u0153ur du centre-ville. \u00abTransformer Nantes en \u201cville refuge\u201d de l\u2019immigration d\u00e9brid\u00e9e rel\u00e8ve de l\u2019id\u00e9ologie\u00bb, a-t-il ajout\u00e9, sous le regard approbateur de Foulques Chombart de Lauwe. Rep\u00e9r\u00e9e par l\u2019\u00e9quipe de campagne de l\u2019\u00e9lu municipal, une \u0153uvre expos\u00e9e jusqu\u2019\u00e0 la fin d\u00e9cembre dans une galerie d\u2019art soutenue par la municipalit\u00e9 a \u00e9galement donn\u00e9 du grain \u00e0 moudre au pr\u00e9sident des R\u00e9publicains. La peinture repr\u00e9sente un fourgon de gendarmerie, en proie aux flammes et tagu\u00e9\u00a0<a href=\"https:\/\/www.lefigaro.fr\/actualite-france\/d-ou-vient-le-slogan-acab-20191206\" target=\"_blank\" data-fig-type=\"Article\" rel=\"noopener\" data-gtm-custom-categorie=\"navigation\" data-gtm-custom-action=\"crossclick\" data-gtm-custom-label=\"Contextuel\" data-gtm-event=\"customEventSPE\" data-fig-domain=\"LEFIGARO\">de l\u2019acronyme \u00abACAB\u00bb<\/a>, pris\u00e9 de la gauche antifasciste, signifiant \u00abtous les flics sont des salauds\u00bb.<\/p>\n<p class=\"fig-body-link\">\n            \u00c0 lire aussi<br \/>\n        <a class=\"fig-body-link__link fig-premium-mark\" href=\"http:\/\/www.lefigaro.fr\/nantes\/on-s-habitue-a-ce-que-ca-tire-a-nantes-les-coups-de-feu-du-narcotrafic-s-ancrent-durablement-dans-le-paysage-20251215\" target=\"_blank\" data-fig-type=\"NewsFlash\" rel=\"noopener\" data-gtm-custom-categorie=\"navigation\" data-gtm-custom-action=\"crossclick\" data-gtm-custom-label=\"Contextuel\" data-gtm-event=\"customEventSPE\" data-fig-domain=\"LEFIGARO\"><\/p>\n<p>        \u00ab\u00a0On s\u2019habitue \u00e0 ce que \u00e7a tire\u00a0\u00bb\u00a0: \u00e0 Nantes, les coups de feu du narcotrafic s\u2019ancrent durablement dans le paysage<br \/>\n    <\/a>\n<\/p>\n<p>                                            <a class=\"fig-a11y-skip\" href=\"#fig-a11y-skip-main-inarticle\" data-module=\"a11y-skip\" data-context=\"was @visible\"><br \/>\n    Passer la publicit\u00e9<br \/>\n<\/a>            <\/p>\n<p class=\"fig-paragraph\">Inspir\u00e9e d\u2019une photographie prise\u00a0<a href=\"http:\/\/www.lefigaro.fr\/actualite-france\/sainte-soline-le-parquet-classe-sans-suite-les-violences-de-gendarmes-sur-quatre-manifestants-mais-ouvre-une-information-sur-les-tirs-tendus-20251204\" target=\"_blank\" data-fig-type=\"NewsFlash\" rel=\"noopener\" data-gtm-custom-categorie=\"navigation\" data-gtm-custom-action=\"crossclick\" data-gtm-custom-label=\"Contextuel\" data-gtm-event=\"customEventSPE\" data-fig-domain=\"LEFIGARO\">lors des manifestations de Sainte-Soline<\/a>, l\u2019\u0153uvre de l\u2019artiste franco-mexicaine Amaranta Aranda est intitul\u00e9e Feux de joie. \u00abJe ne supporte pas que des \u00e9lus couvrent ce genre d\u2019id\u00e9ologie d\u2019extr\u00eame gauche qui consiste \u00e0 mettre une cible sur le dos des policiers et des gendarmes. C\u2019est insupportable\u00bb, a grinc\u00e9 Bruno Retailleau, qui a fustig\u00e9 l\u2019indiff\u00e9rence de la mairie face \u00e0 cette peinture cautionnant la haine anti-flic. \u00abCette haine des forces de l\u2019ordre est un socle de son alliance avec les \u00e9cologistes nantais. (&#8230;) C\u2019est une faute r\u00e9p\u00e9t\u00e9e, signe d\u2019une id\u00e9ologie mortif\u00e8re qui alimente la violence\u00bb, avait indiqu\u00e9 mercredi Foulques Chombart de Lauwe, en rappelant que la municipalit\u00e9 n\u2019a jamais priv\u00e9 de subventions l\u2019association \u00e0 l\u2019origine de\u00a0<a href=\"http:\/\/www.lefigaro.fr\/culture\/la-maire-de-nantes-denonce-une-fresque-anti-police-presentee-lors-d-un-festival-municipal-20230704\" target=\"_blank\" data-fig-type=\"NewsFlash\" rel=\"noopener\" data-gtm-custom-categorie=\"navigation\" data-gtm-custom-action=\"crossclick\" data-gtm-custom-label=\"Contextuel\" data-gtm-event=\"customEventSPE\" data-fig-domain=\"LEFIGARO\">la buvette \u00abACAB\u00bb install\u00e9e lors d\u2019un festival municipal<\/a>, en 2023.<\/p>\n<p>                                            Banalisation de la violence<\/p>\n<p class=\"fig-paragraph\">\u00abIl faut un traitement de choc pour Nantes\u00bb, a r\u00e9sum\u00e9 le candidat,\u00a0<a href=\"http:\/\/www.lefigaro.fr\/nantes\/municipales-la-droite-et-le-centre-s-allient-pour-reprendre-nantes-aux-mains-de-la-gauche-depuis-36-ans-20251117\" target=\"_blank\" data-fig-type=\"NewsFlash\" rel=\"noopener\" data-gtm-custom-categorie=\"navigation\" data-gtm-custom-action=\"crossclick\" data-gtm-custom-label=\"Contextuel\" data-gtm-event=\"customEventSPE\" data-fig-domain=\"LEFIGARO\">ralli\u00e9 cet automne par les composantes locales d\u2019Horizons et de Renaissance<\/a>. \u00abLa violence s\u2019est banalis\u00e9e \u00e0 tous les niveaux. Il n\u2019est pas normal que des habitants doivent payer pour acc\u00e9der \u00e0 leur cage d\u2019escalier tenue par des narcotrafiquants. Il n\u2019est pas normal, non plus, que nos filles doivent changer de tenue avant de sortir en soir\u00e9e dans le centre-ville pendant que Johanna Rolland\u00a0<a href=\"http:\/\/www.lefigaro.fr\/nantes\/affaire-andy-kerbrat-l-opposition-denonce-le-silence-assourdissant-de-la-maire-de-nantes-20241025\" target=\"_blank\" data-fig-type=\"NewsFlash\" rel=\"noopener\" data-gtm-custom-categorie=\"navigation\" data-gtm-custom-action=\"crossclick\" data-gtm-custom-label=\"Contextuel\" data-gtm-event=\"customEventSPE\" data-fig-domain=\"LEFIGARO\">s\u2019obstine \u00e0 ne pas condamner<\/a> \u00a0le d\u00e9put\u00e9 insoumis\u00a0<a href=\"http:\/\/www.lefigaro.fr\/nantes\/qui-est-andy-kerbrat-le-depute-lfi-pris-en-flagrant-delit-d-achat-de-drogue-dans-le-metro-parisien-20241022\" target=\"_blank\" data-fig-type=\"NewsFlash\" rel=\"noopener\" data-gtm-custom-categorie=\"navigation\" data-gtm-custom-action=\"crossclick\" data-gtm-custom-label=\"Contextuel\" data-gtm-event=\"customEventSPE\" data-fig-domain=\"LEFIGARO\">Andy Kerbrat, arr\u00eat\u00e9 pour avoir achet\u00e9 de la drogue<\/a> \u00a0\u00e0 un mineur. Les \u00e9lecteurs ne l\u2019oublieront pas\u00bb.<\/p>\n<p class=\"fig-body-link\">\n            \u00c0 lire aussi<br \/>\n        <a class=\"fig-body-link__link fig-premium-mark\" href=\"http:\/\/www.lefigaro.fr\/nantes\/c-etait-un-havre-de-paix-maintenant-tout-le-monde-veut-partir-a-nantes-le-crepuscule-d-un-quartier-qui-bascule-dans-l-insecurite-20251117\" target=\"_blank\" data-fig-type=\"NewsFlash\" rel=\"noopener\" data-gtm-custom-categorie=\"navigation\" data-gtm-custom-action=\"crossclick\" data-gtm-custom-label=\"Contextuel\" data-gtm-event=\"customEventSPE\" data-fig-domain=\"LEFIGARO\"><\/p>\n<p>        \u00abC\u2019\u00e9tait un havre de paix, maintenant tout le monde veut partir\u00bb\u00a0: \u00e0 Nantes, le cr\u00e9puscule d\u2019un quartier qui bascule dans l\u2019ins\u00e9curit\u00e9<br \/>\n    <\/a>\n<\/p>\n<p class=\"fig-paragraph\">Le d\u00e9but de la campagne des municipales n\u2019a en tout cas pas frein\u00e9 les d\u00e9cha\u00eenements de violence dans l\u2019agglom\u00e9ration. Cette semaine encore, Nantes a \u00e9t\u00e9 le th\u00e9\u00e2tre de coups de feu. Le ph\u00e9nom\u00e8ne est r\u00e9current et li\u00e9 \u00e0 un regain de violences\u00a0<a href=\"http:\/\/www.lefigaro.fr\/vox\/societe\/et-si-en-matiere-de-lutte-contre-le-narcotrafic-nous-importions-le-modele-italien-20251216\" target=\"_blank\" data-fig-type=\"Article\" rel=\"noopener\" data-gtm-custom-categorie=\"navigation\" data-gtm-custom-action=\"crossclick\" data-gtm-custom-label=\"Contextuel\" data-gtm-event=\"customEventSPE\" data-fig-domain=\"LEFIGARO\">sur fond de narcotrafic<\/a>. Mardi et mercredi, 38 personnes ont \u00e9t\u00e9 interpell\u00e9es dans plusieurs quartiers sensibles de Nantes, lors d\u2019op\u00e9rations polici\u00e8res simultan\u00e9es. Le\u00a0<a href=\"http:\/\/www.lefigaro.fr\/nantes\/nantes-apres-de-nouveaux-coups-de-feu-des-armes-de-guerre-saisies-dans-une-voiture-et-deux-individus-interpelles-20251124\" target=\"_blank\" data-fig-type=\"NewsFlash\" rel=\"noopener\" data-gtm-custom-categorie=\"navigation\" data-gtm-custom-action=\"crossclick\" data-gtm-custom-label=\"Contextuel\" data-gtm-event=\"customEventSPE\" data-fig-domain=\"LEFIGARO\">foisonnement de tirs survenu depuis cet \u00e9t\u00e9<\/a>\u00a0s\u2019est en particulier manifest\u00e9, de jour comme de nuit, dans deux quartiers consid\u00e9r\u00e9s jusqu\u2019alors comme sans histoire, \u00e0 Port-Boyer, dans le nord de l\u2019agglom\u00e9ration, ainsi qu\u2019\u00e0 Pirmil, au sud de l\u2019\u00eele de Nantes.<\/p>\n","protected":false},"excerpt":{"rendered":"En visite \u00e0 Nantes pour soutenir Foulques Chombart de Lauwe, le candidat de la droite aux municipales, le&hellip;\n","protected":false},"author":2,"featured_media":609714,"comment_status":"","ping_status":"","sticky":false,"template":"","format":"standard","meta":{"footnotes":""},"categories":[2818],"tags":[1111,11,1013,1777,674,1011,27,2825,6945,766,12,2636,25],"class_list":{"0":"post-609713","1":"post","2":"type-post","3":"status-publish","4":"format-standard","5":"has-post-thumbnail","7":"category-nantes","8":"tag-actu","9":"tag-actualites","10":"tag-bruno-retailleau","11":"tag-eu","12":"tag-europe","13":"tag-fr","14":"tag-france","15":"tag-insecurite","16":"tag-johanna-rolland","17":"tag-nantes","18":"tag-news","19":"tag-pays-de-la-loire","20":"tag-republique-francaise"},"share_on_mastodon":{"url":"https:\/\/pubeurope.com\/@fr\/115746794742361864","error":""},"_links":{"self":[{"href":"https:\/\/www.europesays.com\/fr\/wp-json\/wp\/v2\/posts\/609713","targetHints":{"allow":["GET"]}}],"collection":[{"href":"https:\/\/www.europesays.com\/fr\/wp-json\/wp\/v2\/posts"}],"about":[{"href":"https:\/\/www.europesays.com\/fr\/wp-json\/wp\/v2\/types\/post"}],"author":[{"embeddable":true,"href":"https:\/\/www.europesays.com\/fr\/wp-json\/wp\/v2\/users\/2"}],"replies":[{"embeddable":true,"href":"https:\/\/www.europesays.com\/fr\/wp-json\/wp\/v2\/comments?post=609713"}],"version-history":[{"count":0,"href":"https:\/\/www.europesays.com\/fr\/wp-json\/wp\/v2\/posts\/609713\/revisions"}],"wp:featuredmedia":[{"embeddable":true,"href":"https:\/\/www.europesays.com\/fr\/wp-json\/wp\/v2\/media\/609714"}],"wp:attachment":[{"href":"https:\/\/www.europesays.com\/fr\/wp-json\/wp\/v2\/media?parent=609713"}],"wp:term":[{"taxonomy":"category","embeddable":true,"href":"https:\/\/www.europesays.com\/fr\/wp-json\/wp\/v2\/categories?post=609713"},{"taxonomy":"post_tag","embeddable":true,"href":"https:\/\/www.europesays.com\/fr\/wp-json\/wp\/v2\/tags?post=609713"}],"curies":[{"name":"wp","href":"https:\/\/api.w.org\/{rel}","templated":true}]}}