{"id":609719,"date":"2025-12-19T14:53:12","date_gmt":"2025-12-19T14:53:12","guid":{"rendered":"https:\/\/www.europesays.com\/fr\/609719\/"},"modified":"2025-12-19T14:53:12","modified_gmt":"2025-12-19T14:53:12","slug":"info-la-depeche-municipales-2026-julien-leonardelli-rn-candidat-a-toulouse-electeur-a-fronton","status":"publish","type":"post","link":"https:\/\/www.europesays.com\/fr\/609719\/","title":{"rendered":"INFO LA D\u00c9P\u00caCHE. Municipales 2026\u00a0: Julien Leonardelli (RN), candidat \u00e0 Toulouse, \u00e9lecteur \u00e0 Fronton"},"content":{"rendered":"<p>\n                                                                    l&rsquo;essentiel<br \/>\n                                                                L\u2019eurod\u00e9put\u00e9 et conseiller r\u00e9gional RN Julien Leonardelli s\u2019est d\u00e9clar\u00e9 candidat \u00e0 la mairie de Toulouse. Mais il est toujours \u00e9lecteur \u00e0 Fronton et compte le reste. Si cette anomalie n\u2019emp\u00eache pas sa candidature, elle renforce les critiques de parachutage.\n                            <\/p>\n<p>Candidat officiel \u00e0 la mairie de Toulouse depuis dimanche dernier, via une vid\u00e9o tourn\u00e9e sur les quais de la Garonne. Mais toujours \u00e9lecteur dans la commune de Fronton, au nord du d\u00e9partement de la Haute-Garonne. Et habitant d\u2019une autre commune du nord toulousain, Villaudric. C\u2019est la situation singuli\u00e8re de Julien Leonardelli, le d\u00e9l\u00e9gu\u00e9 d\u00e9partemental du Rassemblement national, conseiller r\u00e9gional depuis 2015 et \u00e9lu d\u00e9put\u00e9 europ\u00e9en en 2024.<\/p>\n<p>La vid\u00e9o de pr\u00e9sentation de celui qui n\u2019a gu\u00e8re \u00e9t\u00e9 aper\u00e7u dans la Ville rose jusqu\u2019\u00e0 pr\u00e9sent a suscit\u00e9 une avalanche de critiques sur un m\u00eame th\u00e8me\u00a0: le parachutage. De la part de la majorit\u00e9 sortante de Jean-Luc Moudenc. Mais aussi du candidat Reconqu\u00eate, Arthur Cottrel, qui ne m\u00e2che pas ses mots \u00e0 l\u2019encontre de son rival\u00a0: \u00ab\u00a0vous \u00eates un parachut\u00e9, un cumulard, candidat fantoche sans pied-\u00e0-terre et sans programme\u00a0!\u00a0\u00bb a-t-il tweet\u00e9. La situation \u00e9lectorale du candidat RN ne va pas l\u2019aider \u00e0 contrer ces critiques.<\/p>\n<p>\u00ab\u00a0Je ne vais pas mentir\u00a0\u00bb<\/p>\n<p>\u00c0 Fronton, la commission \u00e9lectorale, r\u00e9unie ce jeudi, a constat\u00e9 ce que le maire, Hugo Cavagnac, appelle \u00ab\u00a0une incongruit\u00e9\u00a0\u00bb. \u00ab\u00a0Cela nous a conduit \u00e0 lui demander les justificatifs du maintien de cette inscription\u00a0\u00bb, indique le premier magistrat qui, lui aussi, parle d\u2019un \u00ab\u00a0sp\u00e9cialiste du parachutage et des \u00e9lections. Depuis 2008, il a \u00e9t\u00e9 candidat aux municipales \u00e0 Perpignan, aux r\u00e9gionales, aux d\u00e9partementales et aux l\u00e9gislatives en Languedoc puis en Haute-Garonne.\u00a0\u00bb En 2020, Julien Leonardelli a \u00e9t\u00e9 \u00e9lu conseiller municipal \u00e0 Fronton dans l\u2019opposition. Un mandat dont il a d\u00e9missionn\u00e9 pour cause de cumul une fois \u00e9lu eurod\u00e9put\u00e9, attendant pour cela juillet\u00a02025 et une injonction du pr\u00e9fet.<\/p>\n<p>Contact\u00e9, Julien Leonardelli reconna\u00eet qu\u2019il est \u00e9lecteur \u00e0 Fronton et qu\u2019il a l\u2019intention de le rester. \u00ab\u00a0Je ne vais pas mentir. Tout le monde sait que je n\u2019habite pas \u00e0 Toulouse. Je paye des imp\u00f4ts \u00e0 Toulouse et je peux m\u2019y pr\u00e9senter. Mais je ne voterai pas \u00e0 Toulouse. Je voterai \u00e0 Fronton.\u00a0\u00bb<\/p>\n<p>Pour \u00eatre candidat dans une commune, il n\u2019est pas n\u00e9cessaire d\u2019\u00eatre inscrit sur la liste \u00e9lectorale. Il faut en revanche y payer des imp\u00f4ts. Julien Leonardelli n\u2019a pas souhait\u00e9 dire \u00e0 quel titre il est inscrit au r\u00f4le des contributions directes\u00a0\u00e0 Toulouse. \u00ab\u00a0Je ne vais pas entrer dans des attaques politiciennes. Les candidats feraient mieux de s\u2019attarder sur leur programme. Je ne suis pas Lillois quand m\u00eame\u00a0! \u00ab\u00a0, se d\u00e9fend-il.<\/p>\n<p>La candidature de Julien Leonardelli a-t-elle \u00e9t\u00e9 d\u00e9cid\u00e9e \u00e0 temps\u00a0? Voire voulue par l\u2019int\u00e9ress\u00e9 dont il se dit qu\u2019il ne souhaitait pas se lancer dans la bataille\u00a0? D\u00e8s mars\u00a02025, Nicolas Bonleux, ex-R\u00e9publicain qui a suivi \u00c9ric Ciotti, devenu alli\u00e9 du RN, \u00e9tait \u00e9galement sur les rangs pour \u00eatre t\u00eate de liste.<\/p>\n<p>Julien Leonardelli n\u2019a pas encore pr\u00e9sent\u00e9 sa liste de 69 candidats. Il affirme qu\u2019il ne rencontre pas de difficult\u00e9 pour la composer, y compris pour recruter des femmes. \u00ab\u00a0J\u2019ai m\u00eame trop de demandes\u00a0\u00bb, avance cet ancien collaborateur de Louis Aliot, l\u2019actuel maire RN de Perpignan, et ex-fid\u00e8le de Jean-Marie Le Pen. Quant \u00e0 Reconqu\u00eate, le parti d\u2019\u00c9ric Zemmour, le d\u00e9put\u00e9 europ\u00e9en\u00a0assure que \u00ab\u00a0leur seule cible depuis leur cr\u00e9ation, c\u2019est le RN et Marine Le Pen.\u00a0\u00bb<\/p>\n","protected":false},"excerpt":{"rendered":"l&rsquo;essentiel L\u2019eurod\u00e9put\u00e9 et conseiller r\u00e9gional RN Julien Leonardelli s\u2019est d\u00e9clar\u00e9 candidat \u00e0 la mairie de Toulouse. Mais il&hellip;\n","protected":false},"author":2,"featured_media":609720,"comment_status":"","ping_status":"","sticky":false,"template":"","format":"standard","meta":{"footnotes":""},"categories":[2816],"tags":[1111,11,1777,674,1011,27,329,2722,3434,12,2680,316,25,2312,37919],"class_list":{"0":"post-609719","1":"post","2":"type-post","3":"status-publish","4":"format-standard","5":"has-post-thumbnail","7":"category-toulouse","8":"tag-actu","9":"tag-actualites","10":"tag-eu","11":"tag-europe","12":"tag-fr","13":"tag-france","14":"tag-france-monde","15":"tag-haute-garonne","16":"tag-municipales-2026","17":"tag-news","18":"tag-occitanie","19":"tag-politique","20":"tag-republique-francaise","21":"tag-toulouse","22":"tag-u00c9lections"},"share_on_mastodon":{"url":"https:\/\/pubeurope.com\/@fr\/115746806376938814","error":""},"_links":{"self":[{"href":"https:\/\/www.europesays.com\/fr\/wp-json\/wp\/v2\/posts\/609719","targetHints":{"allow":["GET"]}}],"collection":[{"href":"https:\/\/www.europesays.com\/fr\/wp-json\/wp\/v2\/posts"}],"about":[{"href":"https:\/\/www.europesays.com\/fr\/wp-json\/wp\/v2\/types\/post"}],"author":[{"embeddable":true,"href":"https:\/\/www.europesays.com\/fr\/wp-json\/wp\/v2\/users\/2"}],"replies":[{"embeddable":true,"href":"https:\/\/www.europesays.com\/fr\/wp-json\/wp\/v2\/comments?post=609719"}],"version-history":[{"count":0,"href":"https:\/\/www.europesays.com\/fr\/wp-json\/wp\/v2\/posts\/609719\/revisions"}],"wp:featuredmedia":[{"embeddable":true,"href":"https:\/\/www.europesays.com\/fr\/wp-json\/wp\/v2\/media\/609720"}],"wp:attachment":[{"href":"https:\/\/www.europesays.com\/fr\/wp-json\/wp\/v2\/media?parent=609719"}],"wp:term":[{"taxonomy":"category","embeddable":true,"href":"https:\/\/www.europesays.com\/fr\/wp-json\/wp\/v2\/categories?post=609719"},{"taxonomy":"post_tag","embeddable":true,"href":"https:\/\/www.europesays.com\/fr\/wp-json\/wp\/v2\/tags?post=609719"}],"curies":[{"name":"wp","href":"https:\/\/api.w.org\/{rel}","templated":true}]}}