{"id":609723,"date":"2025-12-19T14:56:16","date_gmt":"2025-12-19T14:56:16","guid":{"rendered":"https:\/\/www.europesays.com\/fr\/609723\/"},"modified":"2025-12-19T14:56:16","modified_gmt":"2025-12-19T14:56:16","slug":"affaire-jacques-delfosse-la-justice-veut-recenser-toutes-les-victimes-du-pretre-accuse-de","status":"publish","type":"post","link":"https:\/\/www.europesays.com\/fr\/609723\/","title":{"rendered":"Affaire Jacques Delfosse\u00a0: la justice veut recenser toutes les victimes du pr\u00eatre accus\u00e9 de"},"content":{"rendered":"<p>Apr\u00e8s <a href=\"https:\/\/www.lavoixdunord.fr\/1650145\/article\/2025-11-26\/sur-les-traces-du-pretre-predateur-jacques-delfosse-l-un-des-pires-pedocriminels\" target=\"_blank\" rel=\"noopener\">l\u2019enqu\u00eate tr\u00e8s fouill\u00e9e de nos confr\u00e8res de\u00a0La Voix du Nord sur le pr\u00eatre Jacques Delfosse<\/a>, qui aurait commis des violences sexuelles sur une cinquantaine de mineurs entre 1964 et 2000, le parquet de Lille (Nord) a pris les choses en main. Le procureur\u00a0Samuel Finielz\u00a0a ainsi lanc\u00e9 un appel pour \u00e9tablir une cartographie nationale des victimes, <a href=\"http:\/\/www.lavoixdunord.fr\/1657473\/article\/2025-12-17\/apres-notre-enquete-sur-le-pretre-jacques-delfosse-le-procureur-de-lille-lance\" target=\"_blank\" rel=\"noopener\">rapporte\u00a0le quotidien r\u00e9gional<\/a> jeudi 18 d\u00e9cembre 2025.\u00a0Entre-temps, trois nouvelles victimes pr\u00e9sum\u00e9es, des femmes aujourd\u2019hui \u00e2g\u00e9es de 44 \u00e0 55\u00a0ans, ont d\u00e9pos\u00e9 une plainte contre le pr\u00eatre.<\/p>\n<p>L\u2019aum\u00f4nier, qui aurait agress\u00e9 sexuellement une cinquantaine de mineurs en quarante ans, aurait eu pour habitude de droguer ses victimes avant de passer \u00e0 l\u2019acte. Jug\u00e9 en 2007 pour viols, il a \u00e9cop\u00e9 de cinq ans de prison dont six mois ferme, rappelle\u00a0<a href=\"https:\/\/actu.fr\/hauts-de-france\/roubaix_59512\/nouvelles-plaintes-contre-le-pretre-predateur-jacques-delfosse-qui-a-fait-plus-50-victimes-sur-40-ans_63594902.html\" target=\"_blank\" rel=\"noopener\"> Lille Actu <\/a>. Jacques Delfosse a cependant conserv\u00e9 son poste au sein de l\u2019\u00c9glise.<\/p>\n<p>\u00ab\u00a0On fera le maximum pour aller vite\u00a0\u00bb<\/p>\n<p>Le pr\u00eatre a \u00e9t\u00e9 r\u00e9voqu\u00e9 le 30\u00a0septembre 2025 seulement. Il est aujourd\u2019hui \u00e2g\u00e9 de 88\u00a0ans et vit dans l\u2019Essonne. <strong>\u00ab\u00a0J\u2019ai conscience que le temps joue contre nous<\/strong>, a indiqu\u00e9 le procureur de Lille \u00e0\u00a0La Voix du Nord.<strong> On fera le maximum pour aller vite. Mais si on veut \u00e9chapper \u00e0 la prescription, on est oblig\u00e9 de conserver la qualification criminelle, donc on ne peut pas aller plus vite en correctionnalisant.\u00a0\u00bb<\/strong><\/p>\n<p>L\u2019affaire a \u00e9t\u00e9 relanc\u00e9e par le d\u00e9p\u00f4t de deux plaintes en 2023 et 2024, qui ont conduit le m\u00e9dia nordiste \u00e0 enqu\u00eater. Aujourd\u2019hui, la justice invite m\u00eame les victimes dont les faits sont prescrits \u00e0 se manifester et t\u00e9moigner. De son c\u00f4t\u00e9, l\u2019archev\u00eaque de Lille a adress\u00e9 dans un <a href=\"https:\/\/catholiques-val-de-marne.cef.fr\/diocese\/eveque-2\/communiques-mgr-santier\/communiques\/327878-communique-au-sujet-de-jacques-delfosse\/\" target=\"_blank\" rel=\"noopener\">communiqu\u00e9<\/a> sa<strong> \u00ab\u00a0profonde compassion\u00a0\u00bb<\/strong> \u00e0 toutes les victimes de Jacques Delfosse.<\/p>\n<p>\u00a0<\/p>\n","protected":false},"excerpt":{"rendered":"Apr\u00e8s l\u2019enqu\u00eate tr\u00e8s fouill\u00e9e de nos confr\u00e8res de\u00a0La Voix du Nord sur le pr\u00eatre Jacques Delfosse, qui aurait&hellip;\n","protected":false},"author":2,"featured_media":609724,"comment_status":"","ping_status":"","sticky":false,"template":"","format":"standard","meta":{"footnotes":""},"categories":[2815],"tags":[10983,1111,11,13060,72091,1777,674,1011,27,811,19023,303,1307,12,5969,72092,25,19039,2023,2949],"class_list":{"0":"post-609723","1":"post","2":"type-post","3":"status-publish","4":"format-standard","5":"has-post-thumbnail","7":"category-lille","8":"tag-accuse","9":"tag-actu","10":"tag-actualites","11":"tag-affaire","12":"tag-delfosse","13":"tag-eu","14":"tag-europe","15":"tag-fr","16":"tag-france","17":"tag-hauts-de-france","18":"tag-jacques","19":"tag-justice","20":"tag-lille","21":"tag-news","22":"tag-pretre","23":"tag-recenser","24":"tag-republique-francaise","25":"tag-sexuelles","26":"tag-victimes","27":"tag-violences"},"share_on_mastodon":{"url":"https:\/\/pubeurope.com\/@fr\/115746818163998899","error":""},"_links":{"self":[{"href":"https:\/\/www.europesays.com\/fr\/wp-json\/wp\/v2\/posts\/609723","targetHints":{"allow":["GET"]}}],"collection":[{"href":"https:\/\/www.europesays.com\/fr\/wp-json\/wp\/v2\/posts"}],"about":[{"href":"https:\/\/www.europesays.com\/fr\/wp-json\/wp\/v2\/types\/post"}],"author":[{"embeddable":true,"href":"https:\/\/www.europesays.com\/fr\/wp-json\/wp\/v2\/users\/2"}],"replies":[{"embeddable":true,"href":"https:\/\/www.europesays.com\/fr\/wp-json\/wp\/v2\/comments?post=609723"}],"version-history":[{"count":0,"href":"https:\/\/www.europesays.com\/fr\/wp-json\/wp\/v2\/posts\/609723\/revisions"}],"wp:featuredmedia":[{"embeddable":true,"href":"https:\/\/www.europesays.com\/fr\/wp-json\/wp\/v2\/media\/609724"}],"wp:attachment":[{"href":"https:\/\/www.europesays.com\/fr\/wp-json\/wp\/v2\/media?parent=609723"}],"wp:term":[{"taxonomy":"category","embeddable":true,"href":"https:\/\/www.europesays.com\/fr\/wp-json\/wp\/v2\/categories?post=609723"},{"taxonomy":"post_tag","embeddable":true,"href":"https:\/\/www.europesays.com\/fr\/wp-json\/wp\/v2\/tags?post=609723"}],"curies":[{"name":"wp","href":"https:\/\/api.w.org\/{rel}","templated":true}]}}