{"id":609729,"date":"2025-12-19T14:59:15","date_gmt":"2025-12-19T14:59:15","guid":{"rendered":"https:\/\/www.europesays.com\/fr\/609729\/"},"modified":"2025-12-19T14:59:15","modified_gmt":"2025-12-19T14:59:15","slug":"oubliez-les-cliches-6-raisons-de-redecouvrir-marseille-en-2026","status":"publish","type":"post","link":"https:\/\/www.europesays.com\/fr\/609729\/","title":{"rendered":"Oubliez les clich\u00e9s : 6 raisons de (re)d\u00e9couvrir Marseille en 2026"},"content":{"rendered":"<p data-start=\"388\" data-end=\"899\">Longtemps r\u00e9duite \u00e0 ses clich\u00e9s les plus tenaces : p\u00e9tanque, pastis, soleil qui tape fort&#8230; Marseille n\u2019a jamais vraiment aim\u00e9 les \u00e9tiquettes. Et en 2026, la cit\u00e9 phoc\u00e9enne le prouve une fois de plus. Elle continue de surprendre ceux qui pensent encore la conna\u00eetre par c\u0153ur. Ici, \u00e7a bouge, \u00e7a cr\u00e9e, \u00e7a expose, \u00e7a cuisine, et surtout, \u00e7a vit. Loin des images fig\u00e9es, Marseille d\u00e9roule une \u00e9nergie brute, g\u00e9n\u00e9reuse, parfois un peu d\u00e9sordonn\u00e9e\u2026 mais toujours sinc\u00e8re.<\/p>\n<p>Marseille d\u00e8s les premiers pas : oublier les clich\u00e9s, regarder autour<\/p>\n<p data-start=\"976\" data-end=\"1428\">Arriver \u00e0 Marseille, c\u2019est accepter de l\u00e2cher prise. Depuis la gare Saint-Charles, la vue plongeante sur la ville donne le ton : rien n\u2019est vraiment lisse, tout est vivant. Sur le Vieux-Port, inutile de refaire la photo mille fois vue. Le vrai spectacle est ailleurs. Dans les p\u00eacheurs qui s\u2019activent t\u00f4t le matin, dans les discussions anim\u00e9es sur les quais, dans cette lumi\u00e8re du sud qui transforme tout en d\u00e9cor de cin\u00e9ma, m\u00eame un simple banc public.<\/p>\n<p data-start=\"1430\" data-end=\"1677\">Selon les p\u00e9riodes, des installations artistiques ou des animations viennent ponctuer la promenade. Rien de fig\u00e9, rien de permanent, mais toujours ce petit quelque chose qui rappelle que Marseille aime surprendre, surtout quand on ne l\u2019attend pas.<\/p>\n<p>Ici, les gens font la ville (et pas l\u2019inverse)<\/p>\n<p data-start=\"1731\" data-end=\"2133\">\u00c0 Marseille, le contact est direct. Pas besoin de mode d\u2019emploi. Une discussion d\u00e9marre facilement au march\u00e9 de Noailles, chez un vendeur d\u2019\u00e9pices ou autour d\u2019un caf\u00e9 serr\u00e9. L\u2019accent chante, les \u00e9changes fusent, et l\u2019accueil est souvent plus chaleureux qu\u2019on ne l\u2019imagine. M\u00eame en plein mois de d\u00e9cembre, les terrasses restent bien vivantes, preuve que le froid ici n\u2019a jamais vraiment gagn\u00e9 la partie.<\/p>\n<p data-start=\"2135\" data-end=\"2334\">La vraie richesse de Marseille, ce sont ses habitants. Une ville qui parle fort, rit facilement, et n\u2019a pas peur de dire ce qu\u2019elle pense. \u00c7a peut surprendre, mais c\u2019est aussi ce qui fait son charme.<\/p>\n<p>Culture : Marseille sort le grand jeu sans se prendre trop au s\u00e9rieux<\/p>\n<p data-start=\"2411\" data-end=\"2710\">C\u00f4t\u00e9 culture, la ville ne fait pas semblant. Le Ch\u00e2teau Bor\u00e9ly met \u00e0 l\u2019honneur le bleu m\u00e9diterran\u00e9en \u00e0 travers une exposition \u00e9l\u00e9gante et accessible. \u00c0 la Vieille Charit\u00e9, l\u2019art contemporain trouve sa place dans un d\u00e9cor charg\u00e9 d\u2019histoire, avec des installations qui interrogent sans jamais exclure.<\/p>\n<p data-start=\"2712\" data-end=\"3002\">Le Mucem continue d\u2019attirer curieux et habitu\u00e9s avec des expositions aux th\u00e8mes larges, parfois audacieux, toujours bien mises en sc\u00e8ne. Et bonne nouvelle : les collections permanentes des mus\u00e9es municipaux sont accessibles gratuitement, de quoi pousser la porte sans se poser de questions.<\/p>\n<p data-start=\"3004\" data-end=\"3175\">M\u00eame la p\u00e9tanque, symbole local s\u2019il en est, a droit \u00e0 sa reconnaissance culturelle. \u00c0 Marseille, on peut parler de boules s\u00e9rieusement\u2026 sans jamais se prendre au s\u00e9rieux.<\/p>\n<p>Manger \u00e0 Marseille, c\u2019est voyager sans quitter la table<\/p>\n<p data-start=\"3238\" data-end=\"3539\">Oubliez l\u2019image d\u2019une ville cantonn\u00e9e \u00e0 la bouillabaisse hors de prix. Marseille est aujourd\u2019hui une vraie terre de cuisine m\u00e9tiss\u00e9e. Des chefs audacieux revisitent les classiques, tandis que de petites adresses familiales continuent de faire ce qu\u2019elles savent faire de mieux : cuisiner avec le c\u0153ur.<\/p>\n<p data-start=\"3541\" data-end=\"3842\">Dans une m\u00eame rue, on passe d\u2019une table proven\u00e7ale \u00e0 une cuisine arm\u00e9nienne, italienne ou africaine. Le march\u00e9 de Noailles reste un passage oblig\u00e9 pour qui aime les produits frais et les saveurs qui racontent le monde. Panisses, navettes, poutargue, poissons du jour : ici, on mange simple, mais bien.<\/p>\n<p>Une ville qui respire, m\u00eame quand on ne se baigne pas<\/p>\n<p data-start=\"3903\" data-end=\"4238\">Si l\u2019eau est un peu fra\u00eeche en d\u00e9cembre, l\u2019air marin, lui, reste un luxe quotidien. La Corniche, les plages du Prado ou les petites criques encore calmes \u00e0 cette p\u00e9riode sont parfaites pour marcher, r\u00e9fl\u00e9chir ou ne rien faire du tout. Le soleil d\u2019hiver donne \u00e0 la ville une lumi\u00e8re douce, presque dor\u00e9e, id\u00e9ale pour ralentir le rythme.<\/p>\n<p data-start=\"4240\" data-end=\"4368\">Marseille ne se contemple pas seulement, elle se pratique. \u00c0 pied, en marchant, en fl\u00e2nant, en s\u2019arr\u00eatant quand bon vous semble.<\/p>\n<p>Sortir des sentiers connus, sans chercher l\u2019exploit<\/p>\n<p data-start=\"4427\" data-end=\"4756\">Le Panier au petit matin, les jardins du Pharo, une balade guid\u00e9e autour des fresques murales, une librairie cach\u00e9e ou un caf\u00e9 discret pr\u00e8s du palais Longchamp\u2026 Marseille se d\u00e9couvre mieux quand on accepte de ne pas tout voir. Les meilleures surprises viennent souvent des conseils glan\u00e9s sur place, au d\u00e9tour d\u2019une conversation.<\/p>\n<p data-start=\"4758\" data-end=\"4827\">Pas besoin de programme charg\u00e9. Ici, l\u2019essentiel est souvent impr\u00e9vu.<\/p>\n<p>Marseille, tout simplement<\/p>\n<p data-start=\"4861\" data-end=\"5144\">En 2026, Marseille continue de faire ce qu\u2019elle sait faire de mieux : rester elle-m\u00eame. Bruyante parfois, chaleureuse souvent, excessive \u00e0 l\u2019occasion, mais jamais fade. Sa sc\u00e8ne culturelle s\u2019\u00e9toffe, sa cuisine s\u2019affirme, ses quartiers \u00e9voluent, sans perdre ce qui fait son caract\u00e8re.<\/p>\n<p data-start=\"5146\" data-end=\"5349\">Les clich\u00e9s ont la vie dure, mais ils r\u00e9sistent mal \u00e0 l\u2019exp\u00e9rience. Marseille ne se r\u00e9sume pas \u00e0 une image, elle se vit. Et une fois qu\u2019on l\u2019a comprise, on se surprend \u00e0 la d\u00e9fendre. Presque avec fiert\u00e9.<\/p>\n","protected":false},"excerpt":{"rendered":"Longtemps r\u00e9duite \u00e0 ses clich\u00e9s les plus tenaces : p\u00e9tanque, pastis, soleil qui tape fort&#8230; Marseille n\u2019a jamais&hellip;\n","protected":false},"author":2,"featured_media":609730,"comment_status":"","ping_status":"","sticky":false,"template":"","format":"standard","meta":{"footnotes":""},"categories":[2814],"tags":[1111,11,2612,18304,1777,674,1011,27,884,12,882,56,25,35933,2528,586],"class_list":{"0":"post-609729","1":"post","2":"type-post","3":"status-publish","4":"format-standard","5":"has-post-thumbnail","7":"category-marseille","8":"tag-actu","9":"tag-actualites","10":"tag-conseils","11":"tag-destinations","12":"tag-eu","13":"tag-europe","14":"tag-fr","15":"tag-france","16":"tag-marseille","17":"tag-news","18":"tag-provence-alpes-cote-dazur","19":"tag-push","20":"tag-republique-francaise","21":"tag-rs","22":"tag-vacances","23":"tag-voyage"},"share_on_mastodon":{"url":"https:\/\/pubeurope.com\/@fr\/115746830446789007","error":""},"_links":{"self":[{"href":"https:\/\/www.europesays.com\/fr\/wp-json\/wp\/v2\/posts\/609729","targetHints":{"allow":["GET"]}}],"collection":[{"href":"https:\/\/www.europesays.com\/fr\/wp-json\/wp\/v2\/posts"}],"about":[{"href":"https:\/\/www.europesays.com\/fr\/wp-json\/wp\/v2\/types\/post"}],"author":[{"embeddable":true,"href":"https:\/\/www.europesays.com\/fr\/wp-json\/wp\/v2\/users\/2"}],"replies":[{"embeddable":true,"href":"https:\/\/www.europesays.com\/fr\/wp-json\/wp\/v2\/comments?post=609729"}],"version-history":[{"count":0,"href":"https:\/\/www.europesays.com\/fr\/wp-json\/wp\/v2\/posts\/609729\/revisions"}],"wp:featuredmedia":[{"embeddable":true,"href":"https:\/\/www.europesays.com\/fr\/wp-json\/wp\/v2\/media\/609730"}],"wp:attachment":[{"href":"https:\/\/www.europesays.com\/fr\/wp-json\/wp\/v2\/media?parent=609729"}],"wp:term":[{"taxonomy":"category","embeddable":true,"href":"https:\/\/www.europesays.com\/fr\/wp-json\/wp\/v2\/categories?post=609729"},{"taxonomy":"post_tag","embeddable":true,"href":"https:\/\/www.europesays.com\/fr\/wp-json\/wp\/v2\/tags?post=609729"}],"curies":[{"name":"wp","href":"https:\/\/api.w.org\/{rel}","templated":true}]}}