{"id":609731,"date":"2025-12-19T15:00:24","date_gmt":"2025-12-19T15:00:24","guid":{"rendered":"https:\/\/www.europesays.com\/fr\/609731\/"},"modified":"2025-12-19T15:00:24","modified_gmt":"2025-12-19T15:00:24","slug":"dream-factory-choir-la-chorale-lyonnaise-fait-le-show-a-la-tele","status":"publish","type":"post","link":"https:\/\/www.europesays.com\/fr\/609731\/","title":{"rendered":"Dream Factory Choir : la chorale lyonnaise fait le show \u00e0 la t\u00e9l\u00e9\u2026"},"content":{"rendered":"<p>La chorale lyonnaise, Dream Factory Choir, sera ce soir \u00e0 l\u2019honneur sur France 3 dans le cadre de sa participation \u00e0 l\u2019\u00e9mission \u00ab La meilleure chorale de France \u00bb. La chorale sera en concurrence avec la France enti\u00e8re afin d\u2019esp\u00e9rer remporter le titre et la reconnaissance qui va avec. L\u2019occasion pour nous d\u2019effectuer une plong\u00e9e dans leur univers en rencontrant leur cheffe de ch\u0153ur, L\u00e9opoldine Angot.<\/p>\n<p>La <strong>chorale Dream Factory Choir<\/strong> s\u2019appr\u00eate \u00e0 vivre son premier moment de <strong><a href=\"https:\/\/www.francetvpro.fr\/contenu-de-presse\/75009203\" target=\"_blank\" rel=\"noreferrer noopener\">t\u00e9l\u00e9vision<\/a><\/strong>. Une exp\u00e9rience nouvelle pour tous ces amateurs, qui ont multipli\u00e9 les <strong>r\u00e9p\u00e9titions<\/strong> afin de parvenir \u00e0 leur meilleur niveau, le jour de l\u2019enregistrement.<\/p>\n<p>Une <strong>chorale<\/strong> r\u00f4d\u00e9e, cr\u00e9\u00e9e <strong>pour nous ramener en enfance<\/strong> comme nous l\u2019explique <strong>L\u00e9opoldine Angot<\/strong>. \u00ab J\u2019avais vraiment envie de cr\u00e9er une chorale qui \u00e9tait bas\u00e9e beaucoup sur<strong> Disney et No\u00ebl<\/strong>. Et donc une certaine Madeleine de Proust, pour moi mais aussi pour les gens. \u00bb<\/p>\n<p>Ecoutez le podcast<\/p>\n<p>Dream Factory sur France 3<\/p>\n<p>Un <strong>r\u00e9pertoire de musique<\/strong> qui \u00e9voque l\u2019enfance et la nostalgie. Un v\u00e9ritable saut dans le pass\u00e9 qui a tout le potentiel pour conqu\u00e9rir les foules. Un plaisir pour les oreilles attentives des spectateurs mais aussi pour la vingtaine de <strong>choristes<\/strong> qui composent le <strong>ch\u0153ur<\/strong> dirig\u00e9 par <strong>L\u00e9opoldine Angot<\/strong>.<\/p>\n<p>\u00ab Pour les <strong>choristes<\/strong>, il y a vraiment un c\u00f4t\u00e9 th\u00e9rapeutique, le fait de <strong>chanter est th\u00e9rapeutique<\/strong>, le fait de chanter ensemble en ch\u0153ur, \u00e7a l\u2019est encore plus. Et de chanter des morceaux qui pr\u00f4nent des valeurs d\u2019amour, il y a une sorte de <strong>l\u00e9g\u00e8ret\u00e9 de la vie<\/strong> dont on a besoin. \u00bb\u00a0<\/p>\n<p>Ecoutez aussi : <a href=\"https:\/\/www.lyondemain.fr\/dream-factory-chants-noel-tiers-lieu-ler\/\" target=\"_blank\" rel=\"noreferrer noopener\">Dream Factory r\u00e9unit les g\u00e9n\u00e9rations pour No\u00ebl<\/a><\/p>\n<p>Une chorale joyeuse et interg\u00e9n\u00e9rationnelle<\/p>\n<p>La th\u00e9matique des chansons de <strong>films d\u2019animation<\/strong>, si elle a de quoi \u00e9tonn\u00e9, a tout pour plaire, et ce, \u00e0 toutes les g\u00e9n\u00e9rations. C\u2019est d\u2019ailleurs l\u2019objectif recherch\u00e9 par <strong>L\u00e9opoldine<\/strong>, bien aid\u00e9e par le <strong>r\u00e9pertoire quasi centenaire de Disney<\/strong>. Une <strong>th\u00e9matique interg\u00e9n\u00e9rationnelle<\/strong> qui fait particuli\u00e8rement \u00e9cho \u00e0 sa<strong>chorale<\/strong>, qui r\u00e9p\u00e8te \u00e0 l\u2019<strong><a href=\"https:\/\/girondines.fr\/\" target=\"_blank\" rel=\"noreferrer noopener\">Ehpad des Girondines<\/a><\/strong>.<\/p>\n<p>\u00ab \u00c7a met en relation notre \u00e9quipe qui est plut\u00f4t jeune, qui va d\u2019une vingtaine d\u2019ann\u00e9es \u00e0 une quarantaine d\u2019ann\u00e9es en lien avec les <strong>r\u00e9sidents et r\u00e9sidentes de l\u2019Ehpad<\/strong>. Donc aussi parfois, on chante pour eux, \u00e7a nous arrive. \u00bb<\/p>\n<blockquote class=\"instagram-media\" data-instgrm-captioned=\"\" data-instgrm-permalink=\"https:\/\/www.instagram.com\/reel\/DSWxck-CLuv\/?utm_source=ig_embed&amp;utm_campaign=loading\" data-instgrm-version=\"14\" style=\" background:#FFF; border:0; border-radius:3px; box-shadow:0 0 1px 0 rgba(0,0,0,0.5),0 1px 10px 0 rgba(0,0,0,0.15); margin: 1px; max-width:540px; min-width:326px; padding:0; width:99.375%; width:-webkit-calc(100% - 2px); width:calc(100% - 2px);\"\/>\n<p>Une <strong>chorale<\/strong> qui a beaucoup appris de son <strong>passage \u00e0 la t\u00e9l\u00e9vision<\/strong>. Ils ont souhait\u00e9 se mettre au diapason. Et <strong>L\u00e9opoldine Angot<\/strong> a constat\u00e9 une r\u00e9elle progression de ses ouailles, notamment en termes d\u2019organisation et de professionnalisme. Les talents de la <strong>chorale Dream Factory<\/strong> vont d\u00e9sormais chercher \u00e0 d\u00e9velopper leur spectacle, afin de nous en mettre aussi plein la vue.<\/p>\n<p>Ecoutez aussi : <a href=\"https:\/\/www.lyondemain.fr\/cargonotes-le-chant-choral-pour-creer-un-espace-inclusif-lgbt\/\" target=\"_blank\" rel=\"noreferrer noopener\">Cargo\u2019Notes : le chant choral pour cr\u00e9er un espace inclusif LGBT<\/a><\/p>\n<p>Un projet de spectacle<\/p>\n<p>\u00ab Le projet c\u2019est vraiment de ficeler notre <strong>spectacle<\/strong>. Jusqu\u2019\u00e0 pr\u00e9sent on a fait plusieurs concerts, on a fait pas mal de clips. Donc on a un r\u00e9pertoire qui est bien ficel\u00e9. Mais en ayant particip\u00e9 \u00e0 l\u2019<strong>\u00e9mission de la Meilleure Chorale<\/strong>, \u00e7a nous a aussi permis de mettre en place le <strong>c\u00f4t\u00e9 sc\u00e9nique<\/strong>. Ce que je voulais faire depuis longtemps. \u00bb<\/p>\n<p>Une <strong>chorale<\/strong> reprenant les musiques de votre enfance. Une volont\u00e9 de proposer un <strong>v\u00e9ritable show<\/strong> en parall\u00e8le. Et le <strong>tissage d\u2019un lien entre les g\u00e9n\u00e9rations<\/strong> \u00e0 travers la voix\u2026 En attendant leur <strong>passage ce soir sur France 3<\/strong>, nous souhaitons bonne chance \u00e0 <strong>Dream Factory Choir<\/strong>.<\/p>\n<p>Ecoutez aussi : <a href=\"https:\/\/www.lyondemain.fr\/les-ateliers-de-la-danse-ilot-kennedy-lyon\/\" target=\"_blank\" rel=\"noreferrer noopener\">Les Ateliers de la Danse sortent de terre dans le 8\u00e8me<\/a><\/p>\n<p><img fetchpriority=\"high\" decoding=\"async\" width=\"1200\" height=\"675\" src=\"https:\/\/www.europesays.com\/fr\/wp-content\/uploads\/2025\/12\/Dream-Factory-Choir.jpg\" alt=\"Dream Factory Choir\" class=\"wp-image-252810\"  \/>L\u00e9opoldine Angot<br \/>\nJ\u2019aime \u00e7a\u00a0:<\/p>\n<p>J\u2019aime chargement\u2026<\/p>\n<p><a class=\"sd-link-color\"\/><\/p>\n<p>\n\tArticles similaires\n<\/p>\n<p>\t\t\t\t<img decoding=\"async\" src=\"https:\/\/www.europesays.com\/fr\/wp-content\/uploads\/2025\/12\/1766156423_299_7866158698e17e8ed633c05e8f8e7fe5d9e057ad78661c4dc34e413abb6b9f19\" alt=\"G\u00e9rald Bouchon\"\/><\/p>\n<p>Pionnier des radios libres, passionn\u00e9 de radio, journaliste et dirigeant de m\u00e9dias \u00e9co-responsables..<\/p>\n<p>\t\t\t<script async src=\"\/\/www.instagram.com\/embed.js\"><\/script><\/p>\n","protected":false},"excerpt":{"rendered":"La chorale lyonnaise, Dream Factory Choir, sera ce soir \u00e0 l\u2019honneur sur France 3 dans le cadre de&hellip;\n","protected":false},"author":2,"featured_media":609732,"comment_status":"","ping_status":"","sticky":false,"template":"","format":"standard","meta":{"footnotes":""},"categories":[1889],"tags":[1111,11,2430,40819,22417,520,72094,72095,72096,1777,674,1011,27,876,72097,23383,2428,12,25,252],"class_list":{"0":"post-609731","1":"post","2":"type-post","3":"status-publish","4":"format-standard","5":"has-post-thumbnail","7":"category-lyon","8":"tag-actu","9":"tag-actualites","10":"tag-auvergne-rhone-alpes","11":"tag-chanter","12":"tag-chorale","13":"tag-disney","14":"tag-dream-factory","15":"tag-ehpad-des-girondines","16":"tag-emission-tele","17":"tag-eu","18":"tag-europe","19":"tag-fr","20":"tag-france","21":"tag-france-3","22":"tag-leopoldine-angot","23":"tag-lien-intergenerationnel","24":"tag-lyon","25":"tag-news","26":"tag-republique-francaise","27":"tag-television"},"share_on_mastodon":{"url":"https:\/\/pubeurope.com\/@fr\/115746834709614295","error":""},"_links":{"self":[{"href":"https:\/\/www.europesays.com\/fr\/wp-json\/wp\/v2\/posts\/609731","targetHints":{"allow":["GET"]}}],"collection":[{"href":"https:\/\/www.europesays.com\/fr\/wp-json\/wp\/v2\/posts"}],"about":[{"href":"https:\/\/www.europesays.com\/fr\/wp-json\/wp\/v2\/types\/post"}],"author":[{"embeddable":true,"href":"https:\/\/www.europesays.com\/fr\/wp-json\/wp\/v2\/users\/2"}],"replies":[{"embeddable":true,"href":"https:\/\/www.europesays.com\/fr\/wp-json\/wp\/v2\/comments?post=609731"}],"version-history":[{"count":0,"href":"https:\/\/www.europesays.com\/fr\/wp-json\/wp\/v2\/posts\/609731\/revisions"}],"wp:featuredmedia":[{"embeddable":true,"href":"https:\/\/www.europesays.com\/fr\/wp-json\/wp\/v2\/media\/609732"}],"wp:attachment":[{"href":"https:\/\/www.europesays.com\/fr\/wp-json\/wp\/v2\/media?parent=609731"}],"wp:term":[{"taxonomy":"category","embeddable":true,"href":"https:\/\/www.europesays.com\/fr\/wp-json\/wp\/v2\/categories?post=609731"},{"taxonomy":"post_tag","embeddable":true,"href":"https:\/\/www.europesays.com\/fr\/wp-json\/wp\/v2\/tags?post=609731"}],"curies":[{"name":"wp","href":"https:\/\/api.w.org\/{rel}","templated":true}]}}