{"id":609736,"date":"2025-12-19T15:05:17","date_gmt":"2025-12-19T15:05:17","guid":{"rendered":"https:\/\/www.europesays.com\/fr\/609736\/"},"modified":"2025-12-19T15:05:17","modified_gmt":"2025-12-19T15:05:17","slug":"espoirs-la-compo-face-au-stade-francais-paris-actualites-union-bordeaux-begles-ubb-rugby","status":"publish","type":"post","link":"https:\/\/www.europesays.com\/fr\/609736\/","title":{"rendered":"Espoirs : La compo face au Stade Fran\u00e7ais Paris &#8211; Actualit\u00e9s &#8211; Union Bordeaux B\u00e8gles (UBB Rugby)"},"content":{"rendered":"<p>                    D\u00e9couvrez la derni\u00e8re composition de notre \u00e9quipe pour cette phase pr\u00e9liminaire Reichel, \u00e0 l\u2019occasion de la r\u00e9ception du Stade Fran\u00e7ais Paris, ce samedi 20 d\u00e9cembre \u00e0 15h au stade Andr\u00e9 Moga.<\/p>\n<p>Pour cette derni\u00e8re rencontre de l\u2019ann\u00e9e 2025, le XV de d\u00e9part enregistre <strong>quatre modifications<\/strong>\u00a0et<strong> deux changements<\/strong>\u00a0de poste :<\/p>\n<p><img loading=\"lazy\" decoding=\"async\" src=\"https:\/\/www.europesays.com\/fr\/wp-content\/uploads\/2025\/12\/j10-ubbsfp(6).png\" alt=\"\" width=\"782\" height=\"440\"\/><\/p>\n<ul>\n<li>Retour au poste de talonneur pour <strong>Christian Everitt, qui sera encadr\u00e9 par Florian Baquey et Ruben Pargade<\/strong><\/li>\n<li><strong>Francis Peters<\/strong> d\u00e9butera en deuxi\u00e8me ligne aux c\u00f4t\u00e9s de Jacques Nguimbous<\/li>\n<li><strong>Mathys Argenton<\/strong> bascule en troisi\u00e8me ligne alors que\u00a0<strong>Romain Gardrat<\/strong> fait son retour dans le groupe Espoirs. Morgan Mignot sera lui num\u00e9ro 8 et capitaine.<\/li>\n<li>\u00a0<strong>Corentin Gourg et Joseph Laharrague<\/strong> formeront la charni\u00e8re<\/li>\n<li>\u00a0Au centre <strong>Adrien Drault<\/strong> sera align\u00e9 aux c\u00f4t\u00e9s de <strong>Giorgi Khaindrava<\/strong><\/li>\n<li>Enfin, <strong>Jon Echegaray<\/strong>\u00a0fera lui son retour \u00e0 la comp\u00e9tition\u00a0au poste d\u2019arri\u00e8re, encadr\u00e9 de <strong>Thomas Baronnet et Gabriel Bohn<\/strong><\/li>\n<\/ul>\n<p>\u00a0<strong>Venez nombreux pour supporter nos espoirs qui joueront sur le terrain d&rsquo;honneur du Stade Moga. N&rsquo;h\u00e9sitez pas l&rsquo;entr\u00e9e est gratuite !<\/strong><\/p>\n<p><strong>Pour les plus frileux la rencontre sera \u00e9galement diffus\u00e9e en direct<a href=\"https:\/\/www.youtube.com\/@ubbrugby33\" target=\"_blank\" rel=\"noopener\"> sur la cha\u00eene YouTube de l&rsquo;UBB.<\/a> \u00a0<\/strong><\/p>\n","protected":false},"excerpt":{"rendered":"D\u00e9couvrez la derni\u00e8re composition de notre \u00e9quipe pour cette phase pr\u00e9liminaire Reichel, \u00e0 l\u2019occasion de la r\u00e9ception du&hellip;\n","protected":false},"author":2,"featured_media":609737,"comment_status":"","ping_status":"","sticky":false,"template":"","format":"standard","meta":{"footnotes":""},"categories":[1888],"tags":[1111,1928,47,11,1927,4402,1997,4404,4401,4356,4400,4357,1983,1777,674,1011,27,1987,1114,2947,955,12,1926,626,1925,4048,25,479,517,2858,478,4364,4403,1264],"class_list":{"0":"post-609736","1":"post","2":"type-post","3":"status-publish","4":"format-standard","5":"has-post-thumbnail","7":"category-paris","8":"tag-actu","9":"tag-actu-paris","10":"tag-actualite","11":"tag-actualites","12":"tag-actualites-paris","13":"tag-begles","14":"tag-bordeaux","15":"tag-chaban","16":"tag-challenge-cup","17":"tag-coronavirus","18":"tag-covid","19":"tag-covid-19","20":"tag-essai","21":"tag-eu","22":"tag-europe","23":"tag-fr","24":"tag-france","25":"tag-girondins","26":"tag-infos","27":"tag-lnr","28":"tag-match","29":"tag-news","30":"tag-news-paris","31":"tag-paris","32":"tag-paris-news","33":"tag-presse","34":"tag-republique-francaise","35":"tag-rugby","36":"tag-sport","37":"tag-stade","38":"tag-top-14","39":"tag-ubb","40":"tag-union","41":"tag-victoire"},"share_on_mastodon":{"url":"https:\/\/pubeurope.com\/@fr\/115746854270779298","error":""},"_links":{"self":[{"href":"https:\/\/www.europesays.com\/fr\/wp-json\/wp\/v2\/posts\/609736","targetHints":{"allow":["GET"]}}],"collection":[{"href":"https:\/\/www.europesays.com\/fr\/wp-json\/wp\/v2\/posts"}],"about":[{"href":"https:\/\/www.europesays.com\/fr\/wp-json\/wp\/v2\/types\/post"}],"author":[{"embeddable":true,"href":"https:\/\/www.europesays.com\/fr\/wp-json\/wp\/v2\/users\/2"}],"replies":[{"embeddable":true,"href":"https:\/\/www.europesays.com\/fr\/wp-json\/wp\/v2\/comments?post=609736"}],"version-history":[{"count":0,"href":"https:\/\/www.europesays.com\/fr\/wp-json\/wp\/v2\/posts\/609736\/revisions"}],"wp:featuredmedia":[{"embeddable":true,"href":"https:\/\/www.europesays.com\/fr\/wp-json\/wp\/v2\/media\/609737"}],"wp:attachment":[{"href":"https:\/\/www.europesays.com\/fr\/wp-json\/wp\/v2\/media?parent=609736"}],"wp:term":[{"taxonomy":"category","embeddable":true,"href":"https:\/\/www.europesays.com\/fr\/wp-json\/wp\/v2\/categories?post=609736"},{"taxonomy":"post_tag","embeddable":true,"href":"https:\/\/www.europesays.com\/fr\/wp-json\/wp\/v2\/tags?post=609736"}],"curies":[{"name":"wp","href":"https:\/\/api.w.org\/{rel}","templated":true}]}}