{"id":609748,"date":"2025-12-19T15:11:13","date_gmt":"2025-12-19T15:11:13","guid":{"rendered":"https:\/\/www.europesays.com\/fr\/609748\/"},"modified":"2025-12-19T15:11:13","modified_gmt":"2025-12-19T15:11:13","slug":"aux-etats-unis-ladministration-trump-veut-abattre-un-pilier-des-sciences-du-climat","status":"publish","type":"post","link":"https:\/\/www.europesays.com\/fr\/609748\/","title":{"rendered":"Aux \u00c9tats-Unis, l\u2019Administration Trump veut abattre un \u00abpilier\u00bb des sciences du climat"},"content":{"rendered":"<p>\n    L\u2019administration am\u00e9ricaine entend d\u00e9manteler le Centre national de recherche atmosph\u00e9rique de Boulder, dans le Colorado, une r\u00e9f\u00e9rence mondiale, au pr\u00e9texte qu\u2019elle est \u00abalarmiste\u00bb.<\/p>\n<p class=\"fig-paragraph\">L\u2019un des plus prestigieux instituts de recherche sur l\u2019atmosph\u00e8re et le climat du monde est dans le collimateur de l\u2019administration Trump. Sur son compte X, le directeur du bureau du Budget de la Maison Blanche, Russ Vought, a annonc\u00e9 le 17 d\u00e9cembre vouloir d\u00e9manteler le Centre national de recherche atmosph\u00e9rique (NCAR) de Boulder, dans le Colorado\u00a0: \u00ab Cet \u00e9tablissement est l\u2019un des principaux responsables de l\u2019alarmisme climatique dans le pays. Un examen complet est en cours\u00a0\u00bb, indique-t-il sur le r\u00e9seau social.\u00a0La direction du NCAR, tout comme le gouverneur d\u00e9mocrate du Colorado, Jared Polis, ont dit n\u2019avoir pour l\u2019instant re\u00e7u aucune information sur comment et quand aura lieu ce d\u00e9mant\u00e8lement.<\/p>\n<p class=\"fig-paragraph\">Fond\u00e9 en 1960 aux pieds des Rocheuses, le NCAR, financ\u00e9 par le gouvernement f\u00e9d\u00e9ral et g\u00e9r\u00e9 par un consortium d\u2019universit\u00e9s, est une v\u00e9ritable institution, que ce soit pour les pr\u00e9visions m\u00e9t\u00e9o locales ou la mod\u00e9lisation de climat au niveau mondial. Dot\u00e9 notamment d\u2019un supercalculateur\u2026<\/p>\n<p class=\"fig-premium-paywall__infos\">\n        Cet article est r\u00e9serv\u00e9 aux abonn\u00e9s.        Il vous reste 85% \u00e0 d\u00e9couvrir.\n    <\/p>\n<p>                <img  data- alt=\"Le Figaro\" class=\"fig-img--complete fig-img\"\/><\/p>\n<p class=\"fig-premium-paywall__title\">Vous avez envie de lire la suite ?<\/p>\n<p class=\"fig-premium-paywall__subtitle\">D\u00e9bloquez tous les articles imm\u00e9diatement.<\/p>\n<p class=\"fig-premium-paywall__connect\">\n                D\u00e9j\u00e0 abonn\u00e9\u00a0?                <a class=\"fig-premium-paywall__connect-link\" href=\"https:\/\/connect.lefigaro.fr\/login?client=horizon_web&amp;type=main&amp;redirect_uri=https%3A%2F%2Fwww.lefigaro.fr%2Fsciences%2Faux-etats-unis-l-administration-trump-veut-abattre-un-pilier-des-sciences-du-climat-20251219\" data-js-gtm=\"{&quot;customCategorie&quot;: &quot;conversion&quot;, &quot;customAction&quot;: &quot;before_Landing_Connexion_paywall_auto&quot;, &quot;customLabel&quot;: &quot;bGVmaWdhcm8uZnJfXzFmMGRjMDIzLTU5NTMtNjk0ZS1hMmI5LWIzNDkzMzJmOTIxNF9fQXJ0aWNsZQ==_Aux \u00c9tats-Unis, l\u2019Administration Trump veut abattre un \u00abpilier\u00bb des sciences du climat_285&quot;, &quot;customIDSPE&quot;: &quot;bGVmaWdhcm8uZnJfXzFmMGRjMDIzLTU5NTMtNjk0ZS1hMmI5LWIzNDkzMzJmOTIxNF9fQXJ0aWNsZQ==&quot;, &quot;event&quot;: &quot;customEventSPE&quot;}\" target=\"_blank\" rel=\"noopener\"><br \/>\n                    Connectez-vous<br \/>\n                <\/a>\n            <\/p>\n","protected":false},"excerpt":{"rendered":"L\u2019administration am\u00e9ricaine entend d\u00e9manteler le Centre national de recherche atmosph\u00e9rique de Boulder, dans le Colorado, une r\u00e9f\u00e9rence mondiale,&hellip;\n","protected":false},"author":2,"featured_media":609749,"comment_status":"","ping_status":"","sticky":false,"template":"","format":"standard","meta":{"footnotes":""},"categories":[1589],"tags":[11,1129,75,73,1866,12,1864,1865,1863,308],"class_list":{"0":"post-609748","1":"post","2":"type-post","3":"status-publish","4":"format-standard","5":"has-post-thumbnail","7":"category-etats-unis","8":"tag-actualites","9":"tag-climat","10":"tag-donald-trump","11":"tag-etats-unis","12":"tag-etats-unis-damerique","13":"tag-news","14":"tag-united-states","15":"tag-united-states-of-america","16":"tag-us","17":"tag-usa"},"share_on_mastodon":{"url":"https:\/\/pubeurope.com\/@fr\/115746877247426807","error":""},"_links":{"self":[{"href":"https:\/\/www.europesays.com\/fr\/wp-json\/wp\/v2\/posts\/609748","targetHints":{"allow":["GET"]}}],"collection":[{"href":"https:\/\/www.europesays.com\/fr\/wp-json\/wp\/v2\/posts"}],"about":[{"href":"https:\/\/www.europesays.com\/fr\/wp-json\/wp\/v2\/types\/post"}],"author":[{"embeddable":true,"href":"https:\/\/www.europesays.com\/fr\/wp-json\/wp\/v2\/users\/2"}],"replies":[{"embeddable":true,"href":"https:\/\/www.europesays.com\/fr\/wp-json\/wp\/v2\/comments?post=609748"}],"version-history":[{"count":0,"href":"https:\/\/www.europesays.com\/fr\/wp-json\/wp\/v2\/posts\/609748\/revisions"}],"wp:featuredmedia":[{"embeddable":true,"href":"https:\/\/www.europesays.com\/fr\/wp-json\/wp\/v2\/media\/609749"}],"wp:attachment":[{"href":"https:\/\/www.europesays.com\/fr\/wp-json\/wp\/v2\/media?parent=609748"}],"wp:term":[{"taxonomy":"category","embeddable":true,"href":"https:\/\/www.europesays.com\/fr\/wp-json\/wp\/v2\/categories?post=609748"},{"taxonomy":"post_tag","embeddable":true,"href":"https:\/\/www.europesays.com\/fr\/wp-json\/wp\/v2\/tags?post=609748"}],"curies":[{"name":"wp","href":"https:\/\/api.w.org\/{rel}","templated":true}]}}