{"id":609754,"date":"2025-12-19T15:14:17","date_gmt":"2025-12-19T15:14:17","guid":{"rendered":"https:\/\/www.europesays.com\/fr\/609754\/"},"modified":"2025-12-19T15:14:17","modified_gmt":"2025-12-19T15:14:17","slug":"ben-ne-au-portugal-pret-a-parcourir-leurope","status":"publish","type":"post","link":"https:\/\/www.europesays.com\/fr\/609754\/","title":{"rendered":"BEN, n\u00e9 au Portugal, pr\u00eat \u00e0 parcourir l\u2019Europe"},"content":{"rendered":"<p align=\"justify\">MATOSINHOS, Portugal,  19 d\u00e9c. 2025  (GLOBE NEWSWIRE) &#8212; Le mod\u00e8le BEN a re\u00e7u aujourd\u2019hui le certificat d\u2019homologation de l\u2019Union europ\u00e9enne \u00e0 l\u2019issue d\u2019un processus long et exigeant men\u00e9 par l\u2019IDIADA (en Espagne), et peut d\u00e9sormais rouler dans toute l\u2019Europe.<\/p>\n<p align=\"justify\">Cr\u00e9\u00e9e par CEiiA, BEN est une voiture \u00e9lectrique in\u00e9dite qui incarne un changement de paradigme dans le secteur automobile europ\u00e9en\u00a0: le passage des constructeurs traditionnels aux b\u00e2tisseurs de solutions de mobilit\u00e9. Reposant sur une carrosserie abordable et une plateforme num\u00e9rique disruptive hors v\u00e9hicule (une couche logicielle de haute technologie), BEN permet une connexion fluide avec d\u2019autres v\u00e9hicules et utilisateurs, soutenant un large \u00e9ventail d\u2019applications et de nouveaux mod\u00e8les \u00e9conomiques. Con\u00e7u pour int\u00e9grer des logiciels partout et \u00e0 tout moment, le mod\u00e8le BEN s\u2019appuie sur des technologies de pointe pour permettre une innovation continue du v\u00e9hicule.<\/p>\n<p align=\"center\"><img decoding=\"async\" height=\"400.0px\" name=\"GNW_RichHtml_IMG\" src=\"https:\/\/www.europesays.com\/fr\/wp-content\/uploads\/2025\/12\/1766157256_200_image1.png\" width=\"600.0px\" data-dpi=\"96\"\/><\/p>\n<p align=\"justify\">Il a \u00e9t\u00e9 pens\u00e9 pour \u00eatre utilis\u00e9 et commercialis\u00e9 comme un service. BEN est la premi\u00e8re voiture \u00e9lectrique dot\u00e9e d\u2019un compteur d\u2019\u00e9missions de CO\u2082 \u00e9vit\u00e9es, capable de compenser, tout au long de sa dur\u00e9e de vie, les \u00e9missions de carbone g\u00e9n\u00e9r\u00e9es lors de sa production gr\u00e2ce \u00e0 la technologie AYR (laur\u00e9ate du Prix europ\u00e9en Bauhaus 2021).<\/p>\n<p align=\"justify\">Le mod\u00e8le BEN est issu du Plan de relance et de r\u00e9silience (PRR), g\u00e9r\u00e9 par l\u2019IAPMEI. Il s\u2019inscrit dans l\u2019Agenda Be.Neutral, pilot\u00e9 par NOS et r\u00e9unissant 40\u00a0partenaires, dont le CEiiA et huit municipalit\u00e9s du nord du Portugal, avec un accent particulier sur Guimar\u00e3es, qui sera Capitale verte europ\u00e9enne en\u00a02026.<\/p>\n<p align=\"justify\">\u00ab\u00a0Avec BEN, le Portugal devient d\u00e9sormais un fabricant europ\u00e9en de mobilit\u00e9. Nous avons cr\u00e9\u00e9 BEN comme la r\u00e9ponse de l\u2019Europe \u00e0 un nouveau mod\u00e8le social inclusif, fond\u00e9 sur des voitures \u00e9lectriques plus compactes, plus abordables et plus durables. BEN s\u2019inscrit ainsi dans l\u2019initiative \u201cSmall and Affordable e-car\u201d (Voiture \u00e9lectrique compacte et abordable) lanc\u00e9e par la pr\u00e9sidente de la Commission europ\u00e9enne, Ursula von der Leyen, visant \u00e0 cr\u00e9er la voiture europ\u00e9enne du futur\u00a0\u00bb, d\u00e9clare Helena Silva, membre du conseil d\u2019administration et directrice technologique (CTO) du CEiiA.<\/p>\n<p align=\"justify\">La premi\u00e8re phase du d\u00e9veloppement de BEN s\u2019ach\u00e8ve aujourd\u2019hui avec l\u2019obtention du certificat d\u2019homologation, qui autorise la production d\u2019une premi\u00e8re s\u00e9rie de voitures \u00e9lectriques au BEN Garage du CEiiA, \u00e0 Matosinhos. La phase suivante pr\u00e9voit la fabrication de lots de voitures \u00e9lectriques en \u00e9ditions sp\u00e9ciales, personnalis\u00e9es pour diff\u00e9rentes applications envisag\u00e9es. Cette p\u00e9riode comprendra \u00e9galement la poursuite du d\u00e9veloppement du produit et l\u2019\u00e9volution de l\u2019unit\u00e9 pilote de production de BEN, avec une capacit\u00e9 de 200\u00a0unit\u00e9s par an.<\/p>\n<p align=\"justify\">En 2026, des sites de production suppl\u00e9mentaires seront mis en place au Portugal et dans le reste de l\u2019Europe. Des n\u00e9gociations sont en cours afin que, d\u2019ici \u00e0\u00a02030, la production soit d\u00e9centralis\u00e9e et atteigne 20\u00a0000\u00a0unit\u00e9s par an, avec des prix \u00e0 partir de 8\u00a0000\u00a0\u20ac.<\/p>\n<p align=\"justify\">Ricardo Rodrigues\u00a0\u2014\u00a0agence pressmedia <br \/>+351969523802 <br \/><a href=\"https:\/\/www.globenewswire.com\/Tracker?data=CTTZJ4WUz1NiW0FRhpA-mVKdnxQ_SG0rnKRIBGeGvWDzjARMWAM6PX85y8BBbywdcEjeksWdnZqMkE2q2RaLvRRdeAA02Z8nlQo1P-DqwE2ZnvYwaIkRcBx4bVTUWaKs\" rel=\"nofollow noopener\" target=\"_blank\" title=\"rr@pressmediaonline.com\">rr@pressmediaonline.com<\/a> <\/p>\n<p align=\"justify\">Une photo annex\u00e9e au pr\u00e9sent communiqu\u00e9 est disponible \u00e0 l\u2019adresse suivante\u00a0:\u00a0<a href=\"https:\/\/www.globenewswire.com\/Tracker?data=xSYJa8DOvVxX2rEWzYW-8dQm9EuO0OxdYeW7A_xZKChM5k6_p9pbhRtmyc5xpPOS7Qt6gjrcjF1I3HjfWE1TC3AMy-qPrBL1AJ9keCC8fSe0ae5IAkl5HtDH9HhYBPCs5RiMIuUmj-O0wUz2Isih_Vt_YkLpa7wfPTFb6Hw0YgFqbNfGeadwdid8ssVh10pAUpohQfx8QFCDQo22NTslYpcDbKGEYkcDCrAfoPu1iY0JJ03Hrpk1j6GJCvS9bXzuhiQS_Y22zai5x5U4-WdZqQ==\" rel=\"nofollow noopener\" target=\"_blank\" title=\"\">http:\/\/www.globenewswire.com\/NewsRoom\/AttachmentNg\/e39754f0-5328-4e23-8176-8dff01cf75f8<\/a><\/p>\n<p><img decoding=\"async\" alt=\"\" src=\"https:\/\/www.europesays.com\/fr\/wp-content\/uploads\/2025\/12\/CEiiA.png\" referrerpolicy=\"no-referrer-when-downgrade\"\/><\/p>\n","protected":false},"excerpt":{"rendered":"MATOSINHOS, Portugal, 19 d\u00e9c. 2025 (GLOBE NEWSWIRE) &#8212; Le mod\u00e8le BEN a re\u00e7u aujourd\u2019hui le certificat d\u2019homologation de&hellip;\n","protected":false},"author":2,"featured_media":609755,"comment_status":"","ping_status":"","sticky":false,"template":"","format":"standard","meta":{"footnotes":"","_share_on_mastodon":"0"},"categories":[1586],"tags":[11,72098,1777,674,1011,27,12,25],"class_list":["post-609754","post","type-post","status-publish","format-standard","has-post-thumbnail","category-europe","tag-actualites","tag-ceiia","tag-eu","tag-europe","tag-fr","tag-france","tag-news","tag-republique-francaise"],"share_on_mastodon":{"url":"https:\/\/pubeurope.com\/@fr\/115746890101315035","error":""},"_links":{"self":[{"href":"https:\/\/www.europesays.com\/fr\/wp-json\/wp\/v2\/posts\/609754","targetHints":{"allow":["GET"]}}],"collection":[{"href":"https:\/\/www.europesays.com\/fr\/wp-json\/wp\/v2\/posts"}],"about":[{"href":"https:\/\/www.europesays.com\/fr\/wp-json\/wp\/v2\/types\/post"}],"author":[{"embeddable":true,"href":"https:\/\/www.europesays.com\/fr\/wp-json\/wp\/v2\/users\/2"}],"replies":[{"embeddable":true,"href":"https:\/\/www.europesays.com\/fr\/wp-json\/wp\/v2\/comments?post=609754"}],"version-history":[{"count":0,"href":"https:\/\/www.europesays.com\/fr\/wp-json\/wp\/v2\/posts\/609754\/revisions"}],"wp:featuredmedia":[{"embeddable":true,"href":"https:\/\/www.europesays.com\/fr\/wp-json\/wp\/v2\/media\/609755"}],"wp:attachment":[{"href":"https:\/\/www.europesays.com\/fr\/wp-json\/wp\/v2\/media?parent=609754"}],"wp:term":[{"taxonomy":"category","embeddable":true,"href":"https:\/\/www.europesays.com\/fr\/wp-json\/wp\/v2\/categories?post=609754"},{"taxonomy":"post_tag","embeddable":true,"href":"https:\/\/www.europesays.com\/fr\/wp-json\/wp\/v2\/tags?post=609754"}],"curies":[{"name":"wp","href":"https:\/\/api.w.org\/{rel}","templated":true}]}}